{"id":52481,"date":"2022-12-23T17:40:00","date_gmt":"2022-12-23T14:40:00","guid":{"rendered":"https:\/\/new.mavikadin.com\/?p=52481"},"modified":"2024-09-16T14:21:10","modified_gmt":"2024-09-16T11:21:10","slug":"s-ile-baslayan-hic-duyulmamis-yeni-ve-populer-kiz-isimleri-2023","status":"publish","type":"post","link":"https:\/\/www.tgrthaber.com\/mavikadin\/s-ile-baslayan-hic-duyulmamis-yeni-ve-populer-kiz-isimleri-2023\/","title":{"rendered":"\u015e ile ba\u015flayan hi\u00e7 duyulmam\u0131\u015f, yeni ve pop\u00fcler k\u0131z isimleri 2023"},"content":{"rendered":"<p>Bebe\u011fin d\u00fcnyaya gelmesi anne ve babay\u0131 \u00e7ok mutlu eder. En g\u00fczel ismi evlatlar\u0131na vermek isterler. \u015e ile ba\u015flayan k\u0131z isimleri rehberimiz isim se\u00e7iminize yard\u0131mc\u0131 olacakt\u0131r.<\/p>\n<p>&Ccedil;ocuklar\u0131m\u0131za koyaca\u011f\u0131m\u0131z\u0131n ismin dinimize uygun ve anlam\u0131 g&uuml;zel olmas\u0131na dikkat etmeliyiz.&nbsp; \u015eeyma, Peygamber efendimiz Muhammed aleyhisselam\u0131n s&uuml;t karde\u015finin ismidir. \u015eeyma binti H&acirc;ris han\u0131m sahabelerdendir. &Ccedil;ocuklara sahabe, evliya, peygamber ve alim ismi koymak ahirette onlar\u0131n \u015fefaatine kavu\u015fmaya vesile olacakt\u0131r.<\/p>\n<h3><strong>\u015e HARF\u0130 \u0130LE BA\u015eLAYAN KIZ \u0130S\u0130MLER\u0130 VE ANLAMLARI<\/strong><\/h3>\n<p><strong>\u015eadan: <\/strong>Ne\u015feli, sevin&ccedil;li<\/p>\n<p><strong>\u015ead\u0131man: <\/strong>Sevin&ccedil;li, ne\u015feli<\/p>\n<p><strong>\u015eadiye:<\/strong> Sevin&ccedil;, g&ouml;n&uuml;l ferahl\u0131\u011f\u0131, mutluluk<\/p>\n<p><strong>\u015eaduman: <\/strong>Sevin&ccedil;li, ne\u015feli, memnun<\/p>\n<p><strong>\u015eafak: <\/strong>G&uuml;n do\u011fumundan &ouml;nceki ayd\u0131nl\u0131k<\/p>\n<p><strong>\u015eafakg&uuml;n:<\/strong> \u015eafak renkli, k\u0131z\u0131l<\/p>\n<p><strong>\u015eafaknur: <\/strong>\u015eafak ayd\u0131nl\u0131\u011f\u0131<\/p>\n<p><strong>\u015eahande:<\/strong> Mutlu, memnun<\/p>\n<p><strong>\u015eahane: <\/strong>Tam anlam\u0131yla g&uuml;zel<\/p>\n<p><strong>\u015eahbanu:<\/strong> H&uuml;k&uuml;mdar e\u015fi, \u015fah han\u0131m\u0131<\/p>\n<p><strong>\u015eahbender:<\/strong> Konsolos<\/p>\n<p><strong>\u015eahdane:<\/strong> \u0130ri inci tanesi<\/p>\n<p><strong>\u015eaheser:<\/strong> De\u011ferli, &uuml;st&uuml;n nitelikli. Kal\u0131c\u0131, de\u011ferli, &uuml;st&uuml;n yap\u0131t<\/p>\n<p><strong>\u015eahhan\u0131m: <\/strong>Han\u0131m sultan. \u015eah ve han\u0131m kelimelerinden birle\u015fik isim.<\/p>\n<p><strong>\u015eah\u0131g&uuml;l: <\/strong>G&uuml;l dal\u0131<\/p>\n<p><strong>\u015eahide: <\/strong>1. Tan\u0131k. 2. G&uuml;zel. 3. Sevgili.<\/p>\n<p><strong>\u015eahika:<\/strong> Zirve, doruk<\/p>\n<p><strong>\u015eahine: <\/strong>B&uuml;y&uuml;k boylu, kanca gagal\u0131, y\u0131rt\u0131c\u0131 bir ku\u015f<\/p>\n<p><strong>\u015eahmelek: <\/strong>Melekler kadar g&uuml;zel, g&uuml;zellikte lider<\/p>\n<p><strong>\u015eahnaz:<\/strong> &Ccedil;ok nazl\u0131<\/p>\n<p><strong>\u015eahnisa: <\/strong>H&uuml;k&uuml;mdar kad\u0131n, h&uuml;k&uuml;mdar kar\u0131s\u0131<\/p>\n<p><strong>\u015eahnur: <\/strong>Kaynak, \u0131\u015f\u0131k kayna\u011f\u0131<\/p>\n<p><strong>\u015eahsan:<\/strong> Dall\u0131k, a\u011fa&ccedil;l\u0131k, koruluk<\/p>\n<p><strong>\u015eahs\u0131nur: <\/strong>Nurlu ki\u015fi, ayd\u0131nl\u0131k kimse<\/p>\n<p><strong>\u015eaire: <\/strong>Kad\u0131n \u015fair, daha &ccedil;ok unvan olarak kullan\u0131l\u0131r<\/p>\n<p><strong>\u015eakire: <\/strong>\u015e&uuml;kreden, durumundan memnun olan. Allah&rsquo;a \u015f&uuml;kreden<\/p>\n<p><strong>\u015eamiha: <\/strong>Y&uuml;ksek, g&ouml;steri\u015fli<\/p>\n<p><strong>\u015eamile: <\/strong>\u015e&uuml;mul&uuml; bulunan, i&ccedil;ine alan, kaplayan, havi. &Uuml;nl&uuml; Kafkas T&uuml;rk liderlerinden Da\u011f\u0131stan aslan\u0131 \u015eeyh \u015eamil<\/p>\n<p><strong>\u015eanal: <\/strong>&Uuml;nlen, &uuml;n&uuml;n yay\u0131ls\u0131n<\/p>\n<p><strong>\u015eanveri: <\/strong>H&uuml;k&uuml;mdara yak\u0131\u015fan, h&uuml;k&uuml;mdara uygun<\/p>\n<p><strong>\u015eayan: <\/strong>Uygun, yak\u0131\u015f\u0131r, m&uuml;nasip, lay\u0131k<\/p>\n<p><img decoding=\"async\" src=\"https:\/\/static.mavikadin.com\/images\/haberler\/22-12\/22\/s-ile-baslayan-kiz-isimleri-11.jpg\" alt=\"\" title=\"\"><\/p>\n<p><strong>\u015eayeste: <\/strong>Uygun, lay\u0131k<\/p>\n<p><strong>\u015eaygan:<\/strong> Lay\u0131k, yak\u0131\u015f\u0131r, m&uuml;nasip, yans\u0131r<\/p>\n<p><strong>\u015eaylan: <\/strong>&Ouml;v&uuml;nen, gururlu, ne\u015feli<\/p>\n<p><strong>\u015eaziment: <\/strong>Allah&rsquo;\u0131n adam\u0131, Allah&rsquo;a ait olan, O&rsquo;nun yolundan giden ki\u015fi<\/p>\n<p><strong>\u015eazimet: <\/strong>Kimseye benzemeyen, farkl\u0131, tek, e\u015fsiz<\/p>\n<p><strong>\u015eaziye: <\/strong>Sevin&ccedil;, g&ouml;n&uuml;l ferahl\u0131\u011f\u0131<\/p>\n<p><strong>\u015eebefruz: <\/strong>Geceyi ayd\u0131nlatan<\/p>\n<p><strong>\u015eebnem: <\/strong>Su damlac\u0131\u011f\u0131, &ccedil;iy<\/p>\n<p><strong>\u015eebnur: <\/strong>Gecenin nuru, gecenin \u0131\u015f\u0131\u011f\u0131, ayd\u0131nl\u0131\u011f\u0131<\/p>\n<p>#haber#<\/p>\n<p><strong>\u015eebyelda:<\/strong> Y\u0131l\u0131n en uzun gecesi (22 Aral\u0131k).<\/p>\n<p><strong>\u015eecia: <\/strong>Cesur, y&uuml;rekli, yi\u011fit<\/p>\n<p><strong>\u015eefakat:<\/strong> \u015eefkat, ac\u0131yarak ve esirgeyerek sevme<\/p>\n<p><strong>\u015eefika: <\/strong>Ac\u0131yan, esirgeyen<\/p>\n<p><strong>\u015eefkat:<\/strong> Sevecenlik, ac\u0131ma ve sevgi duygusu<\/p>\n<p><strong>\u015eehbal:<\/strong> Ku\u015f kanad\u0131n\u0131n en uzun t&uuml;y&uuml;<\/p>\n<p><strong>\u015eehime:<\/strong> Ak\u0131ll\u0131 ve kurnaz yi\u011fit<\/p>\n<p><strong>\u015eehla: <\/strong>Hafif \u015fa\u015f\u0131.<\/p>\n<p><strong>\u015eehnaz: <\/strong>&Ccedil;ok nazl\u0131, t&uuml;rk m&uuml;zi\u011finde bir makam<\/p>\n<p><strong>\u015eehper: <\/strong>Ku\u015f kanad\u0131n\u0131n en uzun t&uuml;y&uuml;<\/p>\n<p><strong>\u015eehrar: <\/strong>\u015eehri s&uuml;sleyen, \u015fehre s&uuml;s veren<\/p>\n<p><strong>\u015eehrazat: <\/strong>&Ouml;zg&uuml;r<\/p>\n<p><strong>\u015eehri: <\/strong>Nazik, terbiyeli<\/p>\n<p><strong>\u015eehriban: <\/strong>\u015eehrin ileri geleni<\/p>\n<p><strong>\u015eehriyar:<\/strong> Padi\u015fah, h&uuml;k&uuml;mdar<\/p>\n<p><strong>\u015eekibe: <\/strong>Sab\u0131rl\u0131, dayan\u0131kl\u0131<\/p>\n<p><strong>\u015eek&uuml;re: <\/strong>&Ccedil;ok \u015f&uuml;kreden, \u015f&uuml;kredici, de\u011fer bilen<\/p>\n<p><strong>\u015eelale: <\/strong>&Ccedil;a\u011flayan\u0131n b&uuml;y&uuml;\u011f&uuml;<\/p>\n<p><strong>\u015eemime: <\/strong>G&uuml;zel kokulu \u015fey<\/p>\n<p><strong>\u015eeminur: <\/strong>Mum \u0131\u015f\u0131\u011f\u0131, mum ayd\u0131nl\u0131\u011f\u0131<\/p>\n<p><strong>\u015eenay:<\/strong> Ay\u0131n parlakl\u0131\u011f\u0131, g&uuml;zelli\u011fi<\/p>\n<p><strong>\u015eeng&uuml;l: <\/strong>G&uuml;lery&uuml;zl&uuml;<\/p>\n<p><strong>\u015eeniz: <\/strong>Mutlu, sevindiren iz, hat\u0131ra<\/p>\n<p><img decoding=\"async\" src=\"https:\/\/static.mavikadin.com\/images\/haberler\/22-12\/22\/s-ile-baslayan-kiz-isimleri-12.jpg\" alt=\"\" title=\"\"><\/p>\n<p><strong>\u015eennur: <\/strong>Ne\u015feli, nurlu<\/p>\n<p><strong>\u015eenol: <\/strong>\u015een, mutlu ol<\/p>\n<p><strong>\u015eerare:<\/strong> K\u0131v\u0131lc\u0131m<\/p>\n<p><strong>\u015eerife: <\/strong>\u015eerefli, kutsal<\/p>\n<p><strong>\u015eermende: <\/strong>Utanga&ccedil;, &ccedil;ok utanan, mahcup<\/p>\n<p><strong>\u015eermi:<\/strong> S\u0131rr\u0131na erilemeyen doyumsuz g&uuml;zellik<\/p>\n<p><strong>\u015eermin:<\/strong> Mahcup, utanga&ccedil;<\/p>\n<p><strong>\u015eeval:<\/strong> \u0130lkbahar<\/p>\n<p><strong>\u015eevkidil: <\/strong>G&ouml;n&uuml;l ne\u015fesi, g&ouml;n&uuml;l sevinci<\/p>\n<p><strong>\u015eevkiye: <\/strong>Ne\u015feyle, istekle ilgili<\/p>\n<p><strong>\u015eevval: <\/strong>Kameri bir ay<\/p>\n<p><strong>\u015eeybe<\/strong>: Sa&ccedil;lar\u0131na ak d&uuml;\u015fm&uuml;\u015f ya\u015fl\u0131 kimse<\/p>\n<p><strong>\u015eeyda: <\/strong>&Ccedil;ok tutkun, a\u015f\u0131k<\/p>\n<p><strong>\u015eeyma: <\/strong>&Ccedil;ok de\u011ferli, k\u0131ymetli. Peygamber efendimizin s&uuml;t karde\u015finin ismi<\/p>\n<p><strong>\u015eeymanur: <\/strong>\u015eeyma ve Nur kelimelerinin birle\u015fiminden olu\u015fmu\u015f bir isimdir<\/p>\n<p><strong>\u015eeza: <\/strong>Kokulu \u015feylerin kokusu<\/p>\n<p><strong>\u015eezerat: <\/strong>\u0130\u015flenmeden maddenin i&ccedil;inde toplanan alt\u0131n par&ccedil;alar\u0131, S&uuml;s olarak kullan\u0131lan inci ve alt\u0131n taneleri.<\/p>\n<p><strong>\u015eiar:<\/strong> \u0130lke, &Uuml;lk&uuml;, D&uuml;stur<\/p>\n<p><strong>\u015eihban: <\/strong>Akan y\u0131ld\u0131zlar<\/p>\n<p><strong>\u015eilan: <\/strong>Yaban g&uuml;l&uuml;. Da\u011f g&uuml;l&uuml; gibi anlamlar\u0131na gelir. (Ku\u015fburnu)<\/p>\n<p><strong>\u015eimal: <\/strong>Y&ouml;n olarak Kuzey<\/p>\n<p><strong>\u015eiraze: <\/strong>Pehlivan kispetinin par&ccedil;as\u0131<\/p>\n<p><strong>\u015eirem:<\/strong> Tatl\u0131m, bana ait \u015fire<\/p>\n<p><strong>\u015eirin: <\/strong>Cana yak\u0131n, sevimli<\/p>\n<p><strong>\u015eirvan: <\/strong>Aslan bar\u0131na\u011f\u0131<\/p>\n<p><strong>\u015e&ouml;hret: <\/strong>\u015e&ouml;hretli, &uuml;nl&uuml;, \u015f&ouml;hreti a\u011f\u0131zlarda dola\u015fan<\/p>\n<p><strong>\u015e&ouml;len: <\/strong>En &uuml;st idareci taraf\u0131ndan b&uuml;t&uuml;n halka verilen, dini ve i&ccedil;timai fonksiyonlar\u0131 olan yemek, ziyafet<\/p>\n<p><strong>\u015eule: <\/strong>Alev, alevli ate\u015f<\/p>\n<p><strong>\u015e&uuml;kran:<\/strong> G&ouml;n&uuml;l borcu, minnettarl\u0131k<\/p>\n<p><strong>\u015e&uuml;kriye: <\/strong>\u0130yilik bilen<\/p>\n<p><strong>\u015e&uuml;kufe: <\/strong>&Ccedil;i&ccedil;ek. S&uuml;slemede &ccedil;i&ccedil;ek motiflerine dayanan bir tarz<\/p>\n","protected":false},"excerpt":{"rendered":"<p>Bebe\u011fin d\u00fcnyaya gelmesi anne ve babay\u0131 \u00e7ok mutlu eder. En g\u00fczel ismi evlatlar\u0131na vermek isterler. \u015e ile ba\u015flayan k\u0131z isimleri rehberimiz isim se\u00e7iminize yard\u0131mc\u0131 olacakt\u0131r. &Ccedil;ocuklar\u0131m\u0131za koyaca\u011f\u0131m\u0131z\u0131n ismin dinimize uygun ve anlam\u0131 g&uuml;zel olmas\u0131na dikkat etmeliyiz.&nbsp; \u015eeyma, Peygamber efendimiz Muhammed aleyhisselam\u0131n s&uuml;t karde\u015finin ismidir. \u015eeyma binti H&acirc;ris han\u0131m sahabelerdendir. &Ccedil;ocuklara sahabe, evliya, peygamber ve alim [&hellip;]<\/p>\n","protected":false},"author":30,"featured_media":52480,"comment_status":"closed","ping_status":"open","sticky":false,"template":"","format":"standard","meta":{"rank_math_lock_modified_date":false,"footnotes":""},"categories":[111],"tags":[40755,10473,41041,41040,40653],"class_list":["post-52481","post","type-post","status-publish","format-standard","has-post-thumbnail","hentry","category-anne-cocuk","tag-anlamli-kiz-isimleri","tag-bebek-isimleri","tag-populer-kiz-isimleri-2023","tag-s-harfi-kiz-isimleri","tag-yeni-kiz-isimleri"],"_links":{"self":[{"href":"https:\/\/www.tgrthaber.com\/mavikadin\/wp-json\/wp\/v2\/posts\/52481"}],"collection":[{"href":"https:\/\/www.tgrthaber.com\/mavikadin\/wp-json\/wp\/v2\/posts"}],"about":[{"href":"https:\/\/www.tgrthaber.com\/mavikadin\/wp-json\/wp\/v2\/types\/post"}],"author":[{"embeddable":true,"href":"https:\/\/www.tgrthaber.com\/mavikadin\/wp-json\/wp\/v2\/users\/30"}],"replies":[{"embeddable":true,"href":"https:\/\/www.tgrthaber.com\/mavikadin\/wp-json\/wp\/v2\/comments?post=52481"}],"version-history":[{"count":1,"href":"https:\/\/www.tgrthaber.com\/mavikadin\/wp-json\/wp\/v2\/posts\/52481\/revisions"}],"predecessor-version":[{"id":52482,"href":"https:\/\/www.tgrthaber.com\/mavikadin\/wp-json\/wp\/v2\/posts\/52481\/revisions\/52482"}],"wp:featuredmedia":[{"embeddable":true,"href":"https:\/\/www.tgrthaber.com\/mavikadin\/wp-json\/wp\/v2\/media\/52480"}],"wp:attachment":[{"href":"https:\/\/www.tgrthaber.com\/mavikadin\/wp-json\/wp\/v2\/media?parent=52481"}],"wp:term":[{"taxonomy":"category","embeddable":true,"href":"https:\/\/www.tgrthaber.com\/mavikadin\/wp-json\/wp\/v2\/categories?post=52481"},{"taxonomy":"post_tag","embeddable":true,"href":"https:\/\/www.tgrthaber.com\/mavikadin\/wp-json\/wp\/v2\/tags?post=52481"}],"curies":[{"name":"wp","href":"https:\/\/api.w.org\/{rel}","templated":true}]}}