{"id":52493,"date":"2022-12-24T08:54:42","date_gmt":"2022-12-24T05:54:42","guid":{"rendered":"https:\/\/new.mavikadin.com\/?p=52493"},"modified":"2024-09-16T14:21:31","modified_gmt":"2024-09-16T11:21:31","slug":"ebru-salli-saldiriya-ugradi","status":"publish","type":"post","link":"https:\/\/www.tgrthaber.com\/mavikadin\/ebru-salli-saldiriya-ugradi\/","title":{"rendered":"Ebru \u015eall\u0131 sald\u0131r\u0131ya u\u011frad\u0131"},"content":{"rendered":"<p>\u00dcnl\u00fc manken Ebru \u015eall\u0131, bir s\u00fcre \u00f6nce e\u015fiyle ya\u015fad\u0131\u011f\u0131 kavga nedeniyle g\u00fcndem olmu\u015ftu. Olaya tan\u0131kl\u0131k edenlerin \u015eall\u0131&#8217;n\u0131n e\u015fi taraf\u0131ndan darp edildi\u011fini s\u00f6yledi\u011fi tart\u0131\u015fma sonras\u0131 \u00fcnl\u00fc isim bir kez daha g\u00fcndem oldu.<\/p>\n<p>T&uuml;rkiye&#8217;nin en &ccedil;ok tan\u0131nan isimlerinden biri olan 45 ya\u015f\u0131ndaki Ebru \u015eall\u0131, sosyal medya hesab\u0131ndan yapt\u0131\u011f\u0131 bir a&ccedil;\u0131klamada sald\u0131r\u0131ya u\u011frad\u0131\u011f\u0131n\u0131 s&ouml;yledi.<\/p>\n<h3><strong>GE&Ccedil;T\u0130\u011e\u0130M\u0130Z HAFTA O\u011eLUNU PAYLA\u015eMI\u015eTI<\/strong><\/h3>\n<p>\u015eall\u0131, ge&ccedil;ti\u011fimiz hafta Harun Tan ile evlili\u011finden olan o\u011flu Beren ile foto\u011fraf\u0131n\u0131 payla\u015fm\u0131\u015f ve dakikalar i&ccedil;inde onlarca yorum olmu\u015ftu. Bu isimlerden baz\u0131lar\u0131; Demet \u015eener, Nihat Odaba\u015f\u0131, Ebru Akel, Arzu Sabanc\u0131, Didem Uzel, Sinem S&uuml;l&uuml;n ve Cengiz Abazog\u0306lu gibi &uuml;nl&uuml; isimlerdi.<\/p>\n<p><img decoding=\"async\" src=\"https:\/\/static.mavikadin.com\/images\/haberler\/22-12\/24\/ebru_salli_oglunu_paylasti_gorenler_gozlerine_inanamadi_manset-3.jpg\" alt=\"\" title=\"\"><\/p>\n<h3><strong>11 M\u0130LYON L\u0130RALIK &Ouml;Z&Uuml;R HED\u0130YES\u0130<\/strong><\/h3>\n<p>Ebru \u015eall\u0131 ve U\u011fur Akku\u015f &ccedil;ifti, aralar\u0131nda ge&ccedil;ti\u011fi iddia edilen kavgadan sonra ilk kez Bebek&#8217;te l&uuml;ks bir otelde yemek yemi\u015fti. Kendilerine sorulan \u015fiddet sorular\u0131na kahkaha atarak yan\u0131t veren &ccedil;ift, 11 milyon liral\u0131k Bently Continental marka yeni ara&ccedil;lar\u0131na binerek oradan ayr\u0131lm\u0131\u015ft\u0131.&nbsp;<\/p>\n<p>\u0130ddialara g&ouml;re U\u011fur Akku\u015f &ouml;z&uuml;r hediyesi olarak Ebru \u015eall\u0131&#8217;ya bu arac\u0131 alm\u0131\u015ft\u0131.<\/p>\n<p><img decoding=\"async\" src=\"https:\/\/static.mavikadin.com\/images\/haberler\/22-12\/24\/ebru_salli_nin_barisma_hediyesinin_fiyati_tam_11_milyon_lira_manset-1.jpg\" alt=\"\" title=\"\"><\/p>\n<h3><strong>S&Ouml;YLENT\u0130LERE \u0130NAT MUTLULUK POZU GELD\u0130<\/strong><\/h3>\n<p>Ebru \u015eall\u0131, \u015fiddet g&ouml;rd&uuml;\u011f&uuml; haberlerinin &ccedil;\u0131kmas\u0131 &uuml;zerine G&ouml;cek&#8217;ten payla\u015f\u0131mlar yapm\u0131\u015f ve e\u015finden ayr\u0131 bir yerde kafa dinledi\u011fi haberleri dolanmaya ba\u015flam\u0131\u015ft\u0131. Burada bir s&uuml;re yaln\u0131z ya\u015fayan \u015eall\u0131&#8217;n\u0131n e\u015fi U\u011fur Akku\u015f&#8217;u affetti\u011fini ilan etti\u011fi foto\u011fraf\u0131n\u0131 yay\u0131nlad\u0131. Kar\u0131 koca bar\u0131\u015ft\u0131ktan sonra bir organizasyona kat\u0131ld\u0131 ve buradan \u015fiddet i&ccedil;erikli bir hileli oyuncakla sosyal medyadan g&ouml;nderme yapt\u0131.<\/p>\n<p><img decoding=\"async\" src=\"https:\/\/static.mavikadin.com\/images\/haberler\/22-12\/24\/ebru_salli_dan_saisrtan_aciklama_tirsiyorum-5.jpg\" alt=\"\" title=\"\"><\/p>\n<h3><strong>\u015e\u0130DDET \u0130DD\u0130ALARINA U\u011eUR AKKU\u015e A&Ccedil;IKLAMA YAPMI\u015eTI<\/strong><\/h3>\n<p>&#8221;Hi&ccedil;bir erkek kad\u0131na, &ccedil;ocu\u011fa, hayvana \u015fiddet uygulayamaz! B&ouml;yle bir hakk\u0131 yoktur! Asla kabul edilir bir taraf\u0131 olamaz! Ben d&ouml;ver de sever de&#8217;yi asla kabul etmem. Ben babamdan bunu g&ouml;rd&uuml;m ben de erkek &ccedil;ocuklar\u0131ma bunu &ouml;\u011frettim! Bas\u0131nda maalesef &ccedil;\u0131kan haberin asl\u0131 olmamakla birlikte bir de d&ouml;ver de sever de eklenmi\u015f a\u011fz\u0131mdan ne ay\u0131p bir ba\u015fl\u0131k! Bunu asla kabul etmem!&#8221;<\/p>\n<h3><strong>TANIK KAR\u015eISINDA EBRU \u015eALLI SUSKUNLU\u011eUNU BOZMU\u015eTU<\/strong><\/h3>\n<p>\u015eall\u0131 tan\u0131k olan bir ailenin televizyona &ccedil;\u0131k\u0131p a&ccedil;\u0131klama yapmas\u0131ndan sonra ate\u015f p&uuml;sk&uuml;rm&uuml;\u015ft&uuml;;<\/p>\n<p>&#8220;Art\u0131k bir \u015fey yazmak ve a&ccedil;\u0131klamak istemiyorum. Ben a&ccedil;\u0131klamam\u0131 yapt\u0131m. Bunun &uuml;zerine birilerini yay\u0131na ba\u011flay\u0131p devam etmek nedir ya? Beni &ccedil;a\u011f\u0131rd\u0131n\u0131z her yere &ccedil;\u0131kmam i&ccedil;in&#8230; &Ccedil;\u0131km\u0131yorum &ccedil;&uuml;nk&uuml; anlatacak bir \u015feyim yok. Sordunuz bende a&ccedil;\u0131klamam\u0131 yapt\u0131m. Bitti konu kapand\u0131. Siz aile de\u011fil misiniz? Aile aras\u0131nda, kar\u0131 koca aras\u0131nda tart\u0131\u015fma da olur, fikir ayr\u0131l\u0131klar\u0131 da olur. Sizde olmuyor mu hi&ccedil;? Yoksa robot gibi mi ya\u015f\u0131yorsunuz anlamad\u0131m. \u015eiddet g&ouml;rsem zaten s&ouml;ylerim, ayr\u0131ca \u015fikayetimi de yapar\u0131m. Annem yapsa onu da \u015fikayet ederim. \u0130stedi\u011finiz Ebru&#8217;yu daha &ccedil;ok &uuml;zmekse, oldu. Ba\u015fard\u0131n\u0131z! Ya hanginiz benim ya\u015fad\u0131\u011f\u0131m emsali olmayan ac\u0131y\u0131 ya\u015fad\u0131? Ve bu ac\u0131ya kim katlanabilir? Hi&ccedil; mi empati yapam\u0131yorsunuz? Evlad\u0131n\u0131 kaybetmi\u015f bir anne var kar\u015f\u0131n\u0131zda! <strong>As\u0131l \u015fiddeti siz uyguluyorsunuz bana!<\/strong> Art\u0131k herkes bir kendine gelsin!&#8221;<\/p>\n<h3><strong>SALDIRIYA U\u011eRADI<\/strong><\/h3>\n<p>Ebru \u015eall\u0131, sosyal medya hesab\u0131ndan yapt\u0131\u011f\u0131 a&ccedil;\u0131klamada kedisinin eve yabanc\u0131 bir misafir gelmesi sonucu sald\u0131rganla\u015ft\u0131\u011f\u0131n\u0131 anlatarak herkesi uyard\u0131 ve kendisinin de yaralad\u0131\u011f\u0131n\u0131 s&ouml;yledi. Yara olan kollar\u0131 ve dizlerinin foto\u011fraf\u0131n\u0131 payla\u015farak \u015fu a&ccedil;\u0131klamay\u0131 yapt\u0131;<\/p>\n<p><img decoding=\"async\" src=\"https:\/\/static.mavikadin.com\/images\/haberler\/22-12\/24\/ebru_salli_saldiriya_ugradi-5.jpg\" alt=\"\" title=\"\"><\/p>\n<p>&#8221;Kedisi olan arkada\u015flar\u0131ma duyurumdur. Evinize yat\u0131l\u0131 bir misafiriniz geldi\u011finde kediniz bu ki\u015fiden ho\u015flanmad\u0131ysa \u0131srarc\u0131 olmay\u0131n. 9 y\u0131ll\u0131k kedimiz can\u0131m\u0131z Tommy, birden ba\u015fka bir kedi oldu ve evdeki herkese sald\u0131rmaya ba\u015flad\u0131. Ben aray\u0131 yumu\u015fatmaya &ccedil;al\u0131\u015f\u0131rken ben de nasibimi ald\u0131m. Kedilere ve hayvanlarla aram &ccedil;ok iyidir &ccedil;ok sevdi\u011fimi herkes bilir. Tommy beni epey bir yedi valla&#8221;<\/p>\n<p><img decoding=\"async\" src=\"https:\/\/static.mavikadin.com\/images\/haberler\/22-12\/24\/ebru_salli_saldiriya_ugradi-1.jpg\" alt=\"\" title=\"\"><\/p>\n","protected":false},"excerpt":{"rendered":"<p>\u00dcnl\u00fc manken Ebru \u015eall\u0131, bir s\u00fcre \u00f6nce e\u015fiyle ya\u015fad\u0131\u011f\u0131 kavga nedeniyle g\u00fcndem olmu\u015ftu. Olaya tan\u0131kl\u0131k edenlerin \u015eall\u0131&#8217;n\u0131n e\u015fi taraf\u0131ndan darp edildi\u011fini s\u00f6yledi\u011fi tart\u0131\u015fma sonras\u0131 \u00fcnl\u00fc isim bir kez daha g\u00fcndem oldu. T&uuml;rkiye&#8217;nin en &ccedil;ok tan\u0131nan isimlerinden biri olan 45 ya\u015f\u0131ndaki Ebru \u015eall\u0131, sosyal medya hesab\u0131ndan yapt\u0131\u011f\u0131 bir a&ccedil;\u0131klamada sald\u0131r\u0131ya u\u011frad\u0131\u011f\u0131n\u0131 s&ouml;yledi. GE&Ccedil;T\u0130\u011e\u0130M\u0130Z HAFTA O\u011eLUNU PAYLA\u015eMI\u015eTI [&hellip;]<\/p>\n","protected":false},"author":2,"featured_media":52492,"comment_status":"closed","ping_status":"open","sticky":false,"template":"","format":"standard","meta":{"rank_math_lock_modified_date":false,"footnotes":""},"categories":[76],"tags":[2299,41047,2218,40449,2300],"class_list":["post-52493","post","type-post","status-publish","format-standard","has-post-thumbnail","hentry","category-magazin","tag-ebru-salli","tag-kediden-saldiri","tag-magazin-haberleri","tag-siddet-iddialari","tag-ugur-akkus"],"_links":{"self":[{"href":"https:\/\/www.tgrthaber.com\/mavikadin\/wp-json\/wp\/v2\/posts\/52493"}],"collection":[{"href":"https:\/\/www.tgrthaber.com\/mavikadin\/wp-json\/wp\/v2\/posts"}],"about":[{"href":"https:\/\/www.tgrthaber.com\/mavikadin\/wp-json\/wp\/v2\/types\/post"}],"author":[{"embeddable":true,"href":"https:\/\/www.tgrthaber.com\/mavikadin\/wp-json\/wp\/v2\/users\/2"}],"replies":[{"embeddable":true,"href":"https:\/\/www.tgrthaber.com\/mavikadin\/wp-json\/wp\/v2\/comments?post=52493"}],"version-history":[{"count":1,"href":"https:\/\/www.tgrthaber.com\/mavikadin\/wp-json\/wp\/v2\/posts\/52493\/revisions"}],"predecessor-version":[{"id":52494,"href":"https:\/\/www.tgrthaber.com\/mavikadin\/wp-json\/wp\/v2\/posts\/52493\/revisions\/52494"}],"wp:featuredmedia":[{"embeddable":true,"href":"https:\/\/www.tgrthaber.com\/mavikadin\/wp-json\/wp\/v2\/media\/52492"}],"wp:attachment":[{"href":"https:\/\/www.tgrthaber.com\/mavikadin\/wp-json\/wp\/v2\/media?parent=52493"}],"wp:term":[{"taxonomy":"category","embeddable":true,"href":"https:\/\/www.tgrthaber.com\/mavikadin\/wp-json\/wp\/v2\/categories?post=52493"},{"taxonomy":"post_tag","embeddable":true,"href":"https:\/\/www.tgrthaber.com\/mavikadin\/wp-json\/wp\/v2\/tags?post=52493"}],"curies":[{"name":"wp","href":"https:\/\/api.w.org\/{rel}","templated":true}]}}