{"id":52505,"date":"2022-12-24T14:13:06","date_gmt":"2022-12-24T11:13:06","guid":{"rendered":"https:\/\/new.mavikadin.com\/?p=52505"},"modified":"2024-09-16T14:22:02","modified_gmt":"2024-09-16T11:22:02","slug":"emel-sayindan-kotu-haber-koronaviruse-yakalandi","status":"publish","type":"post","link":"https:\/\/www.tgrthaber.com\/mavikadin\/emel-sayindan-kotu-haber-koronaviruse-yakalandi\/","title":{"rendered":"Emel Say\u0131n&#8217;dan k\u00f6t\u00fc haber! Koronavir\u00fcse yakaland\u0131"},"content":{"rendered":"<p>Sanat\u00e7\u0131 Emel Say\u0131n, koronavir\u00fcs testinin pozitif \u00e7\u0131kt\u0131\u011f\u0131n\u0131 bu nedenle konserini iptal etti\u011fini duyurdu.<\/p>\n<p>Sanat&ccedil;\u0131 Emel Say\u0131n, koronavir&uuml;se yakaland\u0131\u011f\u0131n\u0131 sosyal medya hesab\u0131ndan yapt\u0131\u011f\u0131 a&ccedil;\u0131klama ile duyurdu. Say\u0131n a&ccedil;\u0131klamas\u0131nda \u015fu s&ouml;zlere yer verdi;<\/p>\n<p>&#8221;Sevgili dostlar\u0131m, son 3 g&uuml;nd&uuml;r kendimde hissetti\u011fim ama bug&uuml;n yar\u0131n ge&ccedil;er diye bekledi\u011fim halsizlik ve a\u011fr\u0131lar\u0131m sonucunda bug&uuml;n yapt\u0131rm\u0131\u015f oldu\u011fum test sonucunda maalesef Covid-19 oldu\u011fumu &ouml;\u011frendim. En k\u0131sa s&uuml;rede sa\u011fl\u0131kl\u0131 g&uuml;nlerde bulu\u015fmak &uuml;zere. Sevgilerimle&#8230;&#8221;<\/p>\n<p><img decoding=\"async\" src=\"https:\/\/static.mavikadin.com\/images\/haberler\/22-12\/24\/emel_sayin_dan_kotu_haber_koronavirus_e_yakalandi-1.jpg\" alt=\"\" title=\"\"><\/p>\n<h3><strong>EMEL SAYIN K\u0130MD\u0130R?<\/strong><\/h3>\n<p>Emel Say\u0131n 20 Kas\u0131m 1945 tarihinde Sivas&#8217;ta do\u011fdu. T&uuml;rk ses sanat&ccedil;\u0131s\u0131, m&uuml;zik yorumcusu ve sinema oyuncusudur. 1998 y\u0131l\u0131nda T&uuml;rkiye h&uuml;k&ucirc;meti taraf\u0131ndan Devlet sanat&ccedil;\u0131s\u0131 unvan\u0131 verilmi\u015ftir.<\/p>\n<p><strong>Hayat\u0131<\/strong><\/p>\n<p>1926&#8217;da T&uuml;rkiye&#8217;ye gelen muhacir ailenin d&ouml;rt k\u0131z &ccedil;ocu\u011fundan en b&uuml;y&uuml;\u011f&uuml;d&uuml;r. Babas\u0131n\u0131n Toprak Mahsulleri Ofisinde Tekel ba\u015f memuru olarak g&ouml;rev yapt\u0131\u011f\u0131 \u015eark\u0131\u015fla, Sivas&#8217;ta 20 Kas\u0131m&#8217;da d&uuml;nyaya geldi.<\/p>\n<p>M&uuml;zik kariyerine k&uuml;&ccedil;&uuml;k ya\u015flarda ad\u0131m atar ve ilk olarak 13 ya\u015f\u0131nda Arif Sami Toker&#8217;den m&uuml;zik dersleri almaya ba\u015flar. Toker&#8217;in yeti\u015ftirdi\u011fi en &uuml;nl&uuml; ve yetenekli sanat&ccedil;\u0131 olarak kabul edilir. &Uuml;&ccedil; y\u0131l M&uuml;nir Nurettin Sel&ccedil;uk&#8217;tan ders alarak m&uuml;zik e\u011fitimine devam eder. Uzunk&ouml;pr&uuml;&#8217;de Gazi Turhan Bey Ortaokulu ve &Ccedil;apa Anadolu &Ouml;\u011fretmen Lisesinden mezun olduktan sonra &uuml;&ccedil; y\u0131l s&uuml;resince \u0130stanbul &Uuml;niversitesi Devlet Konservatuvar\u0131 Be\u015fikta\u015f \u015ean B&ouml;l&uuml;m&uuml;&#8217;nde Fransa&#8217;da zaman\u0131nda M&uuml;nir Nurettin Sel&ccedil;uk&#8217;a da hocal\u0131k yapm\u0131\u015f olan \u015fan hocas\u0131 Alis Rosenthal&#8217;dan dersler al\u0131r. Yine ayn\u0131 d&ouml;nem arkada\u015flar\u0131 Mine Mater, Erkin Koray ile birlikte Muhittin Sadak&#8217;tan da solfej dersleri al\u0131r. Bu arada H&uuml;rriyet Haber Ajans\u0131&#8217;n\u0131n a&ccedil;t\u0131\u011f\u0131 yar\u0131\u015fmada M&uuml;nir Nurettin Sel&ccedil;uk&#8217;a ait klasik bir eser okuyarak &lsquo;Ses Krali&ccedil;esi&rsquo; se&ccedil;ilir.<\/p>\n<p>Emel Say\u0131n, hen&uuml;z 17 ya\u015f\u0131ndayken Ankara Gen&ccedil;lik Park\u0131&#8217;nda Necdet Yazar&#8217;\u0131n gazinosunda ilk defa sahneye &ccedil;\u0131kt\u0131. 1963 y\u0131l\u0131nda Ankara Radyosu&#8217;na s\u0131navla solist olarak girdi ve yakla\u015f\u0131k yedi y\u0131l hizmet verdi. Ankara seyircisi kar\u015f\u0131s\u0131nda sahne tecr&uuml;besi kazanan sanat&ccedil;\u0131, Egemen Bostanc\u0131&#8217;n\u0131n teklifiyle \u0130stanbul m&uuml;zik piyasas\u0131na transfer oldu ve Lalez&acirc;r Gazinosu&#8217;nda assolist olarak sahne almaya ba\u015flad\u0131. Bu arada \u0130stanbul Radyosu&#8217;na ge&ccedil;ti ve \u0130stanbul&#8217;a yerle\u015fti. \u0130stanbul&#8217;a gidi\u015fiyle yo\u011fun bir &ccedil;al\u0131\u015fma d&ouml;nemine giren Emel Say\u0131n pek &ccedil;ok m&uuml;zik alb&uuml;m&uuml;n&uuml;n yan\u0131 s\u0131ra sinema filmlerinde de rol ald\u0131. \u0130stanbul&#8217;a gidi\u015fiyle ilk st&uuml;dyo alb&uuml;m &ccedil;al\u0131\u015fmas\u0131 Sus Sus Sus&#8217;a imza atarak sanat kariyerini ba\u015flatan sanat&ccedil;\u0131 ayn\u0131 y\u0131l Gel Gel Gele ve Doyamad\u0131m Sana &ccedil;al\u0131\u015fmalar\u0131na 1971 y\u0131l\u0131 i&ccedil;erisinde imza atarak sanat kariyerine iki teklikten olu\u015fan &uuml;&ccedil; ayr\u0131 plak &ccedil;al\u0131\u015fmas\u0131 ile giri\u015f yapan Emel Say\u0131n&#8217; \u0131n ilk plak &ccedil;al\u0131\u015fmas\u0131nda yer verdi\u011fi \u015fark\u0131 ba\u015frollerini H&uuml;lya Ko&ccedil;yi\u011fit ve Erol B&uuml;y&uuml;kbur&ccedil;&#8217;un payla\u015ft\u0131\u011f\u0131 1968 yap\u0131ml\u0131 &#8220;Sus Sus Kimseler Duymas\u0131n&#8221; isimli filme ismini veren \u015fark\u0131da film m&uuml;zi\u011fi olarak yer alm\u0131\u015ft\u0131r.<\/p>\n<p>Sanat&ccedil;\u0131 1972 y\u0131l\u0131nda Son On Y\u0131l\u0131n En Sevilen On \u015eark\u0131s\u0131 ad\u0131nda on T&uuml;rk sanat m&uuml;zi\u011fi \u015fark\u0131s\u0131ndan olu\u015fan alb&uuml;m&uuml;n&uuml; &ccedil;\u0131karm\u0131\u015f, alb&uuml;m 100 bine yak\u0131n satarak rekor k\u0131rm\u0131\u015ft\u0131r. Yine bu alb&uuml;mde yer alan \u015fark\u0131 &ccedil;e\u015fitli T&uuml;rk filmlerinin film m&uuml;zi\u011fi olma &ouml;zelli\u011fi de g&ouml;stermektedir. \u0130stanbul Plak&#8217;tan &ccedil;\u0131km\u0131\u015f ve &ouml;n kapa\u011f\u0131nda sanat&ccedil;\u0131ya ait bir resim ad\u0131n\u0131n da yaz\u0131l\u0131 oldu\u011fu alb&uuml;m k\u0131rm\u0131z\u0131 renkli fon kapa\u011f\u0131yla yay\u0131nlanm\u0131\u015ft\u0131r. 1973 y\u0131l\u0131nda Emel Say\u0131n 73 ve sonraki sene y\u0131l\u0131nda ise Emel Say\u0131n 74 m&uuml;zik alb&uuml;m&uuml; yay\u0131nland\u0131. Modern Folk &Uuml;&ccedil;l&uuml;s&uuml; ile Hasan Cihat &Ouml;rter&#8217;in d&uuml;zenlemelerini yapt\u0131\u011f\u0131 &#8220;\u0130stanbul \u015eark\u0131lar\u0131&#8221; adl\u0131 m&uuml;zikal &ccedil;al\u0131\u015fmada bulundu, Yap\u0131 Kredi Bankas\u0131 destekli alb&uuml;m &ccedil;al\u0131\u015fmas\u0131 yapt\u0131.<\/p>\n<p><strong>&Ouml;zel Hayat\u0131<\/strong><\/p>\n<p>1966 y\u0131l\u0131nda 21 ya\u015f\u0131ndayken ilk e\u015fi \u0130smet Kasapo\u011flu ile evlenmi\u015f, 1975 y\u0131l\u0131nda bo\u015fanm\u0131\u015flar ancak 1976 y\u0131l\u0131nda yeniden evlenmi\u015flerdir. Yine 1979 y\u0131l\u0131nda yeniden bo\u015fanm\u0131\u015flard\u0131r. Say\u0131n 1970&rsquo;li y\u0131llarda Tar\u0131k Akan ile d&ouml;rt y\u0131l boyunca a\u015fk ya\u015fad\u0131. Mavi Boncuk filminin &ccedil;ekim a\u015famalar\u0131nda ba\u015flayan yak\u0131nla\u015fma ile ilgili Tar\u0131k Akan daha sonraki y\u0131llarda yapt\u0131\u011f\u0131 bir r&ouml;portajda Say\u0131n ile birlikteli\u011fine dair soruya &ldquo;Emel Say\u0131n&#8217;\u0131n zirvede oldu\u011fu y\u0131llard\u0131. \u015eark\u0131lar\u0131, fizi\u011fi, s\u0131cakl\u0131\u011f\u0131yla etkileyiciydi. Bu s\u0131cakl\u0131k ger&ccedil;ek hayata da ta\u015f\u0131nm\u0131\u015f olabilir. Bunu inkar etmemin bir anlam\u0131 yok.&rdquo; ifadelerini kulland\u0131. Emel Say\u0131n ise yapt\u0131\u011f\u0131 bir a&ccedil;\u0131klamada Tar\u0131k Akan&#8217;\u0131n ad\u0131n\u0131 vermeden &ldquo;ondan sonra hi&ccedil; a\u015fk ya\u015famad\u0131m&rdquo; ifadelerini kulland\u0131. Akan&#8217;\u0131n 2016 y\u0131l\u0131nda &ouml;l&uuml;m&uuml;nden sonra Twitter hesab\u0131ndan payla\u015ft\u0131\u011f\u0131 mesajda Tar\u0131k Akan&#8217;la eski bir foto\u011fraflar\u0131n\u0131 koyup &#8220;G&uuml;le g&uuml;le sevgili&#8230; TARIK&#8221; yazd\u0131.<\/p>\n<p>20 Haziran 1979 tarihinde Sel&ccedil;uk Aslan ile evlenmi\u015f, Eyl&uuml;l 1981 tarihinde bo\u015fanm\u0131\u015flard\u0131r. 4 Haziran 1986 tarihinde David Younnes ile evlenen sanat&ccedil;\u0131 bu evlili\u011fini de 1999 y\u0131l\u0131nda sonland\u0131rm\u0131\u015ft\u0131r.<\/p>\n","protected":false},"excerpt":{"rendered":"<p>Sanat\u00e7\u0131 Emel Say\u0131n, koronavir\u00fcs testinin pozitif \u00e7\u0131kt\u0131\u011f\u0131n\u0131 bu nedenle konserini iptal etti\u011fini duyurdu. Sanat&ccedil;\u0131 Emel Say\u0131n, koronavir&uuml;se yakaland\u0131\u011f\u0131n\u0131 sosyal medya hesab\u0131ndan yapt\u0131\u011f\u0131 a&ccedil;\u0131klama ile duyurdu. Say\u0131n a&ccedil;\u0131klamas\u0131nda \u015fu s&ouml;zlere yer verdi; &#8221;Sevgili dostlar\u0131m, son 3 g&uuml;nd&uuml;r kendimde hissetti\u011fim ama bug&uuml;n yar\u0131n ge&ccedil;er diye bekledi\u011fim halsizlik ve a\u011fr\u0131lar\u0131m sonucunda bug&uuml;n yapt\u0131rm\u0131\u015f oldu\u011fum test sonucunda maalesef Covid-19 [&hellip;]<\/p>\n","protected":false},"author":2,"featured_media":52504,"comment_status":"closed","ping_status":"open","sticky":false,"template":"","format":"standard","meta":{"rank_math_lock_modified_date":false,"footnotes":""},"categories":[76],"tags":[10939,1664,15331,16668,4716],"class_list":["post-52505","post","type-post","status-publish","format-standard","has-post-thumbnail","hentry","category-magazin","tag-emel-sayin","tag-koronavirus","tag-muzik","tag-saglik-haberleri","tag-sanatci"],"_links":{"self":[{"href":"https:\/\/www.tgrthaber.com\/mavikadin\/wp-json\/wp\/v2\/posts\/52505"}],"collection":[{"href":"https:\/\/www.tgrthaber.com\/mavikadin\/wp-json\/wp\/v2\/posts"}],"about":[{"href":"https:\/\/www.tgrthaber.com\/mavikadin\/wp-json\/wp\/v2\/types\/post"}],"author":[{"embeddable":true,"href":"https:\/\/www.tgrthaber.com\/mavikadin\/wp-json\/wp\/v2\/users\/2"}],"replies":[{"embeddable":true,"href":"https:\/\/www.tgrthaber.com\/mavikadin\/wp-json\/wp\/v2\/comments?post=52505"}],"version-history":[{"count":1,"href":"https:\/\/www.tgrthaber.com\/mavikadin\/wp-json\/wp\/v2\/posts\/52505\/revisions"}],"predecessor-version":[{"id":52506,"href":"https:\/\/www.tgrthaber.com\/mavikadin\/wp-json\/wp\/v2\/posts\/52505\/revisions\/52506"}],"wp:featuredmedia":[{"embeddable":true,"href":"https:\/\/www.tgrthaber.com\/mavikadin\/wp-json\/wp\/v2\/media\/52504"}],"wp:attachment":[{"href":"https:\/\/www.tgrthaber.com\/mavikadin\/wp-json\/wp\/v2\/media?parent=52505"}],"wp:term":[{"taxonomy":"category","embeddable":true,"href":"https:\/\/www.tgrthaber.com\/mavikadin\/wp-json\/wp\/v2\/categories?post=52505"},{"taxonomy":"post_tag","embeddable":true,"href":"https:\/\/www.tgrthaber.com\/mavikadin\/wp-json\/wp\/v2\/tags?post=52505"}],"curies":[{"name":"wp","href":"https:\/\/api.w.org\/{rel}","templated":true}]}}