{"id":52514,"date":"2022-12-25T12:44:44","date_gmt":"2022-12-25T09:44:44","guid":{"rendered":"https:\/\/new.mavikadin.com\/?p=52514"},"modified":"2024-09-16T14:22:21","modified_gmt":"2024-09-16T11:22:21","slug":"hayat-bilgisindeki-arifi-de-survivor-2023un-kadrosuna-dahil-oldu-verdigi-kilolarla-gundem-olan-umit-erdim-nereli-kac-yasinda","status":"publish","type":"post","link":"https:\/\/www.tgrthaber.com\/mavikadin\/hayat-bilgisindeki-arifi-de-survivor-2023un-kadrosuna-dahil-oldu-verdigi-kilolarla-gundem-olan-umit-erdim-nereli-kac-yasinda\/","title":{"rendered":"Hayat Bilgisi&#8217;ndeki Arif&#8217;i de Survivor 2023&#8217;\u00fcn kadrosuna dahil oldu. Verdi\u011fi kilolarla g\u00fcndem olan \u00dcmit Erdim nereli ka\u00e7 ya\u015f\u0131nda?"},"content":{"rendered":"<p>Survivor 2023 yar\u0131\u015fmas\u0131na ismi a\u00e7\u0131klanan ikinci \u00fcnl\u00fc isim \u00dcmit Erdim kimdir, nereli? \u0130\u015fte detaylar&#8230;<\/p>\n<p>Survivor 2023&#8217;&uuml;n ba\u015flamas\u0131na haftalar kala yar\u0131\u015fmac\u0131lar tek tek a&ccedil;\u0131klanmaya ba\u015flad\u0131. Yar\u0131\u015fmac\u0131lar\u0131n a&ccedil;\u0131klanmas\u0131n\u0131n ard\u0131ndan hayatlar\u0131 merak edilmeye ba\u015fland\u0131. \u0130\u015fte Survivor 2023&#8217;&uuml;n ikinci &uuml;nl&uuml; yar\u0131\u015fmac\u0131s\u0131 &Uuml;mit Erdim&#8217;in hayat\u0131&#8230;<\/p>\n<h3><strong>&Uuml;M\u0130T ERD\u0130M K\u0130MD\u0130R?<\/strong><\/h3>\n<p>&Uuml;mit Erdim, 15 Haziran 1985 tarihinde Kocaeli&#8217;de d&uuml;nyaya geldi. \u0130lkokul ve ortaokuldan sonra \u0130zmit At\u0131l\u0131m Anadolu Lisesini bitirdi. 1998&ndash;2003 y\u0131llar\u0131 aras\u0131nda Kocaeli B&uuml;y&uuml;k\u015fehir Belediyesi \u015eehir Tiyatrolar\u0131&#8217;nda gen&ccedil; birimde oynad\u0131. Burada tan\u0131\u015ft\u0131\u011f\u0131 Caner &Ouml;zyurtlu ile beraber \u0130stanbul&#8217;a geldi. &Ouml;zyurtlu ile beraber Moda&#8217;da bir ajansa kaydoldular. Kariyerini bundan sonra tiyatro yerine televizyonla devam ettirdi. B&ouml;yle mi Olacakt\u0131 adl\u0131 dizide konuk oyuncu olarak ba\u015flad\u0131\u011f\u0131 sanat ya\u015fam\u0131 Hayat Bilgisi, G&ouml;n&uuml;l ve Selena adl\u0131 dizilerle devam etti. Bir&ccedil;ok dizide rol ald\u0131.<\/p>\n<p>Kat\u0131ld\u0131\u011f\u0131 Can Dostum adl\u0131 k&ouml;pek e\u011fitim yar\u0131\u015fmas\u0131nda birinci olmu\u015ftur. Mike ad\u0131nda bir k&ouml;pe\u011fi vard\u0131r. \u0130stanbul&#8217;da bir lokanta i\u015fletmektedir. Ocak 2015&#8217;te 3. sezonu ba\u015flayan &#8220;Benzemez Kimse Sana&#8221; program\u0131nda j&uuml;ri &uuml;yeli\u011fi yapt\u0131.<\/p>\n<p>2019&#8217;dan itibaren pilotluk e\u011fitimi almaya ba\u015flad\u0131.<\/p>\n<p><strong>&Ouml;zel Hayat\u0131<\/strong><\/p>\n<p>&Uuml;mit Erdim, 2017 y\u0131l\u0131nda hostes Seda &Ccedil;\u0131nar ile evlendi. Ard\u0131ndan 2018 y\u0131l\u0131nda Ses ismini verdikleri k\u0131zlar\u0131 d&uuml;nyaya gelen &ccedil;ift, 11 hafta &ouml;nce ikinci k\u0131zlar\u0131 Ela&#8217;y\u0131 kucaklar\u0131na ald\u0131lar.&nbsp;<\/p>\n<p><strong>Televizyon<\/strong><br \/>Y\u0131l&nbsp; &nbsp; &nbsp; &nbsp; &nbsp; &nbsp; &nbsp; &nbsp; &nbsp; &nbsp; &nbsp; &nbsp; &nbsp; Yap\u0131m &nbsp; &nbsp;Rol &nbsp; &nbsp;Notlar<br \/>2002&nbsp; &nbsp; &nbsp; &nbsp; &nbsp; &nbsp; &nbsp; &nbsp; &nbsp; &nbsp; &nbsp; &nbsp;B&ouml;yle mi Olacakt\u0131 &nbsp; &nbsp; &nbsp; &nbsp;<br \/>2003&ndash;2006&nbsp; &nbsp; &nbsp; &nbsp; &nbsp; &nbsp; Hayat Bilgisi &nbsp; &nbsp;Arif Y\u0131lmaz &nbsp; &nbsp;<br \/>2006 &nbsp; &nbsp;G&ouml;n&uuml;l&nbsp; &nbsp; &nbsp; &nbsp; Cemali &nbsp; &nbsp;<br \/>2006&ndash;2009&nbsp; &nbsp; &nbsp; &nbsp; &nbsp; &nbsp; Selena &nbsp; &nbsp;Z&uuml;lfikar Y\u0131ld\u0131z &nbsp; &nbsp;<br \/>2009&nbsp; &nbsp; &nbsp; &nbsp; &nbsp; &nbsp; &nbsp; &nbsp; &nbsp; &nbsp; &nbsp; Adanal\u0131 &nbsp; &nbsp;Erdem &nbsp; &nbsp;<br \/>2009&nbsp; &nbsp; &nbsp; &nbsp; &nbsp; &nbsp; &nbsp; &nbsp; &nbsp; &nbsp; &nbsp;Teyzanne &nbsp; &nbsp;Damperli &nbsp; &nbsp;<br \/>2011&ndash;2012&nbsp; &nbsp; &nbsp; &nbsp; &nbsp; &nbsp;Pasaport &nbsp; &nbsp;Kendisi &nbsp; &nbsp;Sunucu<br \/>2012, 2015&nbsp; &nbsp; &nbsp; &nbsp; &nbsp; &nbsp;Benzemez Kimse Sana &nbsp; &nbsp;Kendisi &nbsp; &nbsp;Yar\u0131\u015fmac\u0131<br \/>2012&nbsp; &nbsp; &nbsp; &nbsp; &nbsp; &nbsp; &nbsp; &nbsp; &nbsp; &nbsp; &nbsp;Adam Asmaca &nbsp; &nbsp;Kendisi &nbsp; &nbsp;Sunucu<br \/>2013&nbsp; &nbsp; &nbsp; &nbsp; &nbsp; &nbsp; &nbsp; &nbsp; &nbsp; &nbsp; &nbsp; Doksanlar &nbsp; &nbsp;Mustafa Tuncay &nbsp; &nbsp;<br \/>2013&nbsp; &nbsp; &nbsp; &nbsp; &nbsp; &nbsp; &nbsp; &nbsp; &nbsp; &nbsp; &nbsp; Kapanmadan Kazan &nbsp; &nbsp; &nbsp; &nbsp;<br \/>2013&nbsp; &nbsp; &nbsp; &nbsp; &nbsp; &nbsp; &nbsp; &nbsp; &nbsp; &nbsp; &nbsp; \u015eefim &nbsp; &nbsp; &nbsp; &nbsp;<br \/>2018&nbsp; &nbsp; &nbsp; &nbsp; &nbsp; &nbsp; &nbsp; &nbsp; &nbsp; &nbsp; &nbsp; Semt &Ccedil;ocuklar\u0131 &nbsp; &nbsp;Mehmet &nbsp; &nbsp;<br \/>2019&ndash;2020&nbsp; &nbsp; &nbsp; &nbsp; &nbsp; &nbsp; \u015eampiyon &nbsp; &nbsp; &nbsp; &nbsp;<br \/>2023&nbsp; &nbsp; &nbsp; &nbsp; &nbsp; &nbsp; &nbsp; &nbsp; &nbsp; &nbsp; &nbsp; Survivor 2023 &nbsp; &nbsp; &nbsp; &nbsp;Yar\u0131\u015fmac\u0131<\/p>\n<p><strong>Filmler<\/strong><br \/>Y\u0131l&nbsp; &nbsp; &nbsp; &nbsp; Yap\u0131m&nbsp; &nbsp; &nbsp; &nbsp; &nbsp; &nbsp; &nbsp; &nbsp; &nbsp; &nbsp; &nbsp; &nbsp; &nbsp; &nbsp; &nbsp; &nbsp; &nbsp; &nbsp; &nbsp; &nbsp; &nbsp; &nbsp; &nbsp; &nbsp; &nbsp; &nbsp; &nbsp; &nbsp; &nbsp; &nbsp;Rol&nbsp; &nbsp; &nbsp; &nbsp; &nbsp; &nbsp; &nbsp; &nbsp; &nbsp; &nbsp;Notlar<br \/>2010 &nbsp; &nbsp;Ejderhan\u0131 Nas\u0131l E\u011fitirsin&nbsp; &nbsp; &nbsp; &nbsp; &nbsp; &nbsp; &nbsp; &nbsp; &nbsp; &nbsp; &nbsp; &nbsp; &nbsp; &nbsp; &nbsp; Bal\u0131kayak&nbsp; &nbsp; &nbsp; &nbsp; Seslendirme<br \/>2014 &nbsp; &nbsp;Ejderhan\u0131 Nas\u0131l E\u011fitirsin 2&nbsp; &nbsp; &nbsp; &nbsp; &nbsp; &nbsp; &nbsp; &nbsp; &nbsp; &nbsp; &nbsp; &nbsp; &nbsp; &nbsp;Bal\u0131kayak&nbsp; &nbsp; &nbsp;Seslendirme<br \/>2015 &nbsp; &nbsp;Can Tertip&nbsp; &nbsp; &nbsp; &nbsp; &nbsp; &nbsp; &nbsp; &nbsp; &nbsp; &nbsp; &nbsp; &nbsp; &nbsp; &nbsp; &nbsp; &nbsp; &nbsp; &nbsp; &nbsp; &nbsp; &nbsp; &nbsp; &nbsp; &nbsp; &nbsp; &nbsp; \u015eakir Tahta &nbsp;&nbsp;<br \/>2016 &nbsp; &nbsp;Kan Karde\u015fler&nbsp; &nbsp; &nbsp; &nbsp; &nbsp; &nbsp; &nbsp; &nbsp; &nbsp; &nbsp; &nbsp; &nbsp; &nbsp; &nbsp; &nbsp; &nbsp; &nbsp; &nbsp; &nbsp; &nbsp; &nbsp; &nbsp; &nbsp;\u015eakir &nbsp; &nbsp;<br \/>2018 &nbsp; &nbsp;B&uuml;c&uuml;r&nbsp; &nbsp; &nbsp; &nbsp; &nbsp; &nbsp; &nbsp; &nbsp; &nbsp; &nbsp; &nbsp; &nbsp; &nbsp; &nbsp; &nbsp; &nbsp; &nbsp; &nbsp; &nbsp; &nbsp; &nbsp; &nbsp; &nbsp; &nbsp; &nbsp; &nbsp; &nbsp; &nbsp; &nbsp; &nbsp;Engin &nbsp; &nbsp;<br \/>2019 &nbsp; &nbsp;Ejderhan\u0131 Nas\u0131l E\u011fitirsin: Gizli D&uuml;nya&nbsp; &nbsp; &nbsp; &nbsp; &nbsp;Bal\u0131kayak &nbsp; &nbsp;Seslendirme<br \/>2019 &nbsp; &nbsp;Kim Daha Mutlu?&nbsp; &nbsp; &nbsp; &nbsp; &nbsp; &nbsp; &nbsp; &nbsp; &nbsp; &nbsp; &nbsp; &nbsp; &nbsp; &nbsp; &nbsp; &nbsp; &nbsp; &nbsp; &nbsp; &nbsp; &nbsp;O\u011fuz &nbsp; &nbsp;<\/p>\n<h3><strong>SEDA &Ccedil;INAR K\u0130MD\u0130R?<\/strong><\/h3>\n<p>Seda &Ccedil;\u0131nar 30 Ocak 1994 tarihinde \u0130stanbul&#8217;da do\u011fdu. Hosteslik ve terc&uuml;manl\u0131k yapan Seda &Ccedil;\u0131nar, 2017 y\u0131l\u0131nda oyuncu &Uuml;mit Edim ile tan\u0131\u015farak nikah masas\u0131na oturdu. O g&uuml;nden sonra sosyal medyada aktif olan Seda &Ccedil;\u0131nar Erdim, \u015fu an anneli\u011finin yan\u0131 s\u0131ra sosyal medya fenomenli\u011fi de yapmaktad\u0131r.&nbsp;<\/p>\n","protected":false},"excerpt":{"rendered":"<p>Survivor 2023 yar\u0131\u015fmas\u0131na ismi a\u00e7\u0131klanan ikinci \u00fcnl\u00fc isim \u00dcmit Erdim kimdir, nereli? \u0130\u015fte detaylar&#8230; Survivor 2023&#8217;&uuml;n ba\u015flamas\u0131na haftalar kala yar\u0131\u015fmac\u0131lar tek tek a&ccedil;\u0131klanmaya ba\u015flad\u0131. Yar\u0131\u015fmac\u0131lar\u0131n a&ccedil;\u0131klanmas\u0131n\u0131n ard\u0131ndan hayatlar\u0131 merak edilmeye ba\u015fland\u0131. \u0130\u015fte Survivor 2023&#8217;&uuml;n ikinci &uuml;nl&uuml; yar\u0131\u015fmac\u0131s\u0131 &Uuml;mit Erdim&#8217;in hayat\u0131&#8230; &Uuml;M\u0130T ERD\u0130M K\u0130MD\u0130R? &Uuml;mit Erdim, 15 Haziran 1985 tarihinde Kocaeli&#8217;de d&uuml;nyaya geldi. \u0130lkokul ve ortaokuldan [&hellip;]<\/p>\n","protected":false},"author":2,"featured_media":52513,"comment_status":"closed","ping_status":"open","sticky":false,"template":"","format":"standard","meta":{"rank_math_lock_modified_date":false,"footnotes":""},"categories":[76],"tags":[41055,8582,4433,40910,3674],"class_list":["post-52514","post","type-post","status-publish","format-standard","has-post-thumbnail","hentry","category-magazin","tag-arif","tag-hayat-bilgisi","tag-kocaeli","tag-survivor-2023","tag-umit-erdim"],"_links":{"self":[{"href":"https:\/\/www.tgrthaber.com\/mavikadin\/wp-json\/wp\/v2\/posts\/52514"}],"collection":[{"href":"https:\/\/www.tgrthaber.com\/mavikadin\/wp-json\/wp\/v2\/posts"}],"about":[{"href":"https:\/\/www.tgrthaber.com\/mavikadin\/wp-json\/wp\/v2\/types\/post"}],"author":[{"embeddable":true,"href":"https:\/\/www.tgrthaber.com\/mavikadin\/wp-json\/wp\/v2\/users\/2"}],"replies":[{"embeddable":true,"href":"https:\/\/www.tgrthaber.com\/mavikadin\/wp-json\/wp\/v2\/comments?post=52514"}],"version-history":[{"count":1,"href":"https:\/\/www.tgrthaber.com\/mavikadin\/wp-json\/wp\/v2\/posts\/52514\/revisions"}],"predecessor-version":[{"id":52515,"href":"https:\/\/www.tgrthaber.com\/mavikadin\/wp-json\/wp\/v2\/posts\/52514\/revisions\/52515"}],"wp:featuredmedia":[{"embeddable":true,"href":"https:\/\/www.tgrthaber.com\/mavikadin\/wp-json\/wp\/v2\/media\/52513"}],"wp:attachment":[{"href":"https:\/\/www.tgrthaber.com\/mavikadin\/wp-json\/wp\/v2\/media?parent=52514"}],"wp:term":[{"taxonomy":"category","embeddable":true,"href":"https:\/\/www.tgrthaber.com\/mavikadin\/wp-json\/wp\/v2\/categories?post=52514"},{"taxonomy":"post_tag","embeddable":true,"href":"https:\/\/www.tgrthaber.com\/mavikadin\/wp-json\/wp\/v2\/tags?post=52514"}],"curies":[{"name":"wp","href":"https:\/\/api.w.org\/{rel}","templated":true}]}}