{"id":52523,"date":"2022-12-25T14:40:00","date_gmt":"2022-12-25T11:40:00","guid":{"rendered":"https:\/\/new.mavikadin.com\/?p=52523"},"modified":"2024-09-16T14:22:40","modified_gmt":"2024-09-16T11:22:40","slug":"s-ile-baslayan-dini-modern-ve-yeni-nesil-erkek-isimleri-2023","status":"publish","type":"post","link":"https:\/\/www.tgrthaber.com\/mavikadin\/s-ile-baslayan-dini-modern-ve-yeni-nesil-erkek-isimleri-2023\/","title":{"rendered":"\u015e ile ba\u015flayan dini, modern ve yeni nesil erkek isimleri 2023"},"content":{"rendered":"<p>Aileye yeni bir bireyin kat\u0131lmas\u0131, \u00e7ocuk sahibi olmak ebeveynleri \u00e7ok mutlu etmektedir. Bebekleri i\u00e7in her \u015feyin en iyisini isteyen \u00e7iftler ona verebilecekleri en g\u00fczel ismi ararlar. \u015e ile ba\u015flayan karizmatik erkek isimleri \u015f\u00f6yledir:<\/p>\n<p>Erkek bebek sahibi olacak &ccedil;iftlerin ilk akl\u0131na gelen konulardan biri de isim se&ccedil;imidir. Modern, dini ve pop&uuml;ler erkek bebek ismi i&ccedil;in a\u015fa\u011f\u0131daki isim galerimize g&ouml;z atabilirsiniz.<\/p>\n<p>\u015eems, \u015eakir ve \u015eafi Sevgili Peygamber efendimiz Muhammed aleyhisselam\u0131n isimlerindendir.&nbsp; &Ccedil;ocuklara peygamber, evliya ve alim isimleri vermek k\u0131yamette onlar\u0131n \u015fefaatine kavu\u015fmaya vesile olabilir.<\/p>\n<h3><strong>\u015e HARF\u0130 \u0130LE BA\u015eLAYAN ERKEK \u0130S\u0130MLER\u0130 VE ANLAMLARI<\/strong><\/h3>\n<p><strong>\u015eaban: <\/strong>Ramazandan &ouml;nce gelen ay<\/p>\n<p><strong>\u015eadan:<\/strong> Sevin&ccedil;li, keyifli<\/p>\n<p><strong>\u015eadi: <\/strong>Sevin&ccedil;, mutluluk<\/p>\n<p><strong>\u015eafaaddin:<\/strong> Dinin, Allah ile kul aras\u0131ndaki arac\u0131l\u0131\u011f\u0131, dinin \u015fefaati. T&uuml;rk dil kural\u0131na g&ouml;re &ldquo;d\/t&rdquo; olarak kullan\u0131l\u0131r.<\/p>\n<p><strong>\u015eafak:<\/strong> G&uuml;ne\u015f do\u011fmadan &ouml;nce ufukta beliren ayd\u0131nl\u0131k<\/p>\n<p><strong>\u015e&acirc;fi: <\/strong>\u015eefaat edici. Sevgili Peygamber efendimiz Muhammed aleyhisselam\u0131n isimlerindendir.<\/p>\n<p><strong>\u015eah: <\/strong>H&uuml;k&uuml;mdar. Hindistan&rsquo;da yeti\u015fen evliy&acirc;n\u0131n b&uuml;y&uuml;klerinden \u015eah Rauf Ahmed&rsquo;in ad\u0131d\u0131r.<\/p>\n<p><strong>\u015eahabettin:<\/strong> Dinin y\u0131ld\u0131z\u0131. T&uuml;rk dil kural\u0131na g&ouml;re &ldquo;d\/t&rdquo; olarak kullan\u0131l\u0131r.<\/p>\n<p><strong>\u015eahamet:<\/strong> \u015ei\u015fmanl\u0131k, topluluk<\/p>\n<p><strong>\u015eahan:<\/strong> Padi\u015fahlar, h&uuml;k&uuml;mdarlar, tahtlar.<\/p>\n<p><strong>\u015eahap: <\/strong>Akan y\u0131ld\u0131z, k\u0131v\u0131lc\u0131m, cesur, y&uuml;rekli<\/p>\n<p><strong>\u015eahat: <\/strong>G&uuml;&ccedil;l&uuml;, g&uuml;zel cins at, atlar\u0131n \u015fah\u0131<\/p>\n<p><strong>\u015eahbaz: <\/strong>Beyaz, iri do\u011fan<\/p>\n<p><strong>\u015eahbey: <\/strong>&Uuml;st&uuml;n nitelikli, sayg\u0131n, y&uuml;ce<\/p>\n<p><strong>\u015eahdar:<\/strong> Dall\u0131, budakl\u0131 a\u011fa&ccedil;.<\/p>\n<p><strong>\u015eahi: <\/strong>\u015eah&rsquo;a h&uuml;k&uuml;mdara mensup, \u015fah ile ilgili. \u015eahl\u0131k h&uuml;k&uuml;mdarl\u0131k.<\/p>\n<p><strong>\u015eahid&uuml;ddin:<\/strong> \u0130slam&rsquo;\u0131 se&ccedil;mi\u015f olan ve \u0130slam&rsquo;\u0131n hak din oldu\u011funa \u015fahidlik eden.<\/p>\n<p><strong>\u015eahin: <\/strong>K&uuml;&ccedil;&uuml;k ku\u015flarla beslenen, e\u011fitilerek ku\u015f av\u0131nda kullan\u0131lan, y\u0131rt\u0131c\u0131 bir ku\u015f s\u0131n\u0131f\u0131 ve bu s\u0131n\u0131ftan bir ku\u015f, do\u011fan<\/p>\n<p><strong>\u015eahinalp:<\/strong> \u015eahin gibi yi\u011fit<\/p>\n<p><strong>\u015eahiner: <\/strong>\u015eahin gibi yi\u011fit<\/p>\n<p><strong>\u015eahinhan:<\/strong> G&uuml;&ccedil;l&uuml;, yi\u011fit kimse<\/p>\n<p><strong>\u015eahinkan:<\/strong> Yi\u011fit soydan gelen, g&uuml;&ccedil;l&uuml;, kahraman<\/p>\n<p><strong>\u015eahinter: <\/strong>&Ccedil;ok yi\u011fit, kahraman, \u015fahin gibi<\/p>\n<p><strong>\u015eahistan: <\/strong>\u015eah &uuml;lkesi<\/p>\n<p><strong>\u015eahkar: <\/strong>Ba\u015f eser, en g&uuml;zel eser<\/p>\n<p><img decoding=\"async\" src=\"https:\/\/static.mavikadin.com\/images\/haberler\/22-12\/24\/s-ile-baslayan-erkek-bebek-isimleri-4.jpg\" alt=\"\" title=\"\"><\/p>\n<p><strong>\u015eahnur: <\/strong>Kaynak, \u0131\u015f\u0131k kayna\u011f\u0131<\/p>\n<p><strong>\u015eahran:<\/strong> B&uuml;y&uuml;k i\u015flek yol, ana yol, cadde<\/p>\n<p><strong>\u015eahrun:<\/strong> Y&uuml;ce ruhlu, g&ouml;rkemli, &uuml;st&uuml;n ki\u015filikli kimse<\/p>\n<p><strong>\u015eahsan: <\/strong>Dall\u0131k, a\u011fa&ccedil;l\u0131k, koruluk<\/p>\n<p><strong>\u015eahsuvar:<\/strong> \u0130yi ata binen yi\u011fit kimse<\/p>\n<p><strong>\u015eahvar:<\/strong> \u015eaha, h&uuml;k&uuml;mdara yak\u0131\u015facak surette<\/p>\n<p><strong>\u015eahzade:<\/strong> \u015eehzade, \u015fah o\u011flu, h&uuml;k&uuml;mdar &ccedil;ocu\u011fu<\/p>\n<p><strong>\u015eahzat: <\/strong>Sevilen, say\u0131lan ki\u015fi<\/p>\n<p><strong>\u015eaik:<\/strong> \u0130stekli, hevesli<\/p>\n<p><strong>\u015eair:<\/strong> \u015eiir yazan, ozan<\/p>\n<p><strong>\u015eakar:<\/strong> Yi\u011fit, cesur<\/p>\n<p><strong>\u015eakir: <\/strong>\u015e&uuml;kredici. Sevgili Peygamber efendimiz Muhammed aleyhisselam\u0131n isimlerindendir.<\/p>\n<p><strong>\u015eakrak:<\/strong> San asma nevinden b&uuml;lb&uuml;l gibi &ouml;ten bir ku\u015f<\/p>\n<p><strong>\u015eamih: <\/strong>Y&uuml;ksek, g&ouml;rkemli<\/p>\n<p><strong>\u015eamil: <\/strong>\u0130&ccedil;ine alan, kapsayan<\/p>\n<p><strong>\u015eanal: <\/strong>Ad\u0131n her yanda duyulsun, &uuml;n&uuml;n yayg\u0131nla\u015fs\u0131n, iyi &uuml;n sahibi ol<\/p>\n<p><strong>\u015eanalp:<\/strong> &Uuml;nl&uuml; yi\u011fit<\/p>\n<p><strong>\u015eaner:<\/strong> &Uuml;nl&uuml; kimse<\/p>\n<p><strong>\u015eanl\u0131: <\/strong>&Uuml;n&uuml; yayg\u0131n, &uuml;nl&uuml;, iyi &uuml;n sahibi<\/p>\n<p><strong>\u015eanl\u0131bay: <\/strong>\u0130yi &uuml;n sahibi ve varl\u0131kl\u0131 kimse<\/p>\n<p><strong>\u015eansal:<\/strong> Ad\u0131n\u0131, \u015fan\u0131n\u0131 her yana duyur, \u015fan ver<\/p>\n<p><strong>\u015eanver:<\/strong> &Uuml;n&uuml;n, \u015fan\u0131n her yana yay\u0131ls\u0131n<\/p>\n<p><strong>\u015earani:<\/strong> G&uuml;r ve uzun sa&ccedil;l\u0131 kimse. \u0130slam tarihinde bu isimde bir&ccedil;ok me\u015fhur vard\u0131r<\/p>\n<p><strong>\u015earbay<\/strong>: Kentli, \u015fehirli kimse<\/p>\n<p><strong>\u015ear\u0131k: <\/strong>Parlak, parlayan<\/p>\n<p><img decoding=\"async\" src=\"https:\/\/static.mavikadin.com\/images\/haberler\/22-12\/24\/s-ile-baslayan-erkek-bebek-isimleri-5.jpg\" alt=\"\" title=\"\"><\/p>\n<p><strong>\u015eat\u0131r: <\/strong>B&uuml;y&uuml;k bir kimsenin at\u0131 yan\u0131nda gitmekle vazifeli a\u011fa<\/p>\n<p><strong>\u015eati: <\/strong>K\u0131y\u0131, kenar<\/p>\n<p><strong>\u015eaylan: <\/strong>Kendini &ouml;ven, &ouml;v&uuml;ngen; ne\u015fe sa&ccedil;an, sevin&ccedil;li; ince, incelikli, nazik<\/p>\n<p><strong>\u015eaylaner: <\/strong>Ne\u015feli yi\u011fit; incelikli erkek<\/p>\n<p><strong>\u015eazi: <\/strong>Sevin&ccedil;, mutluluk<\/p>\n<p><strong>\u015eaziment: <\/strong>Allah&rsquo;\u0131n adam\u0131, Allah&rsquo;a ait olan, O&rsquo;nun yolundan giden ki\u015fi<\/p>\n<p><strong>\u015eebab: <\/strong>Gen&ccedil;lik, tazelik. -T&uuml;rk dil kural\u0131na g&ouml;re &ldquo;b\/p&rdquo; olarak kullan\u0131l\u0131r<\/p>\n<p><strong>\u015eebefruz: <\/strong>Geceyi ayd\u0131nlatan<\/p>\n<p><strong>\u015eebhan:<\/strong> Gece &ouml;ten bir cins b&uuml;lb&uuml;l<\/p>\n<p><strong>\u015eebib: <\/strong>Gen&ccedil;lik, tazelik<\/p>\n<p><strong>\u015eecaaddin: <\/strong>Dinin kahraman\u0131, dinin yi\u011fidi<\/p>\n<p><strong>\u015eeci: <\/strong>Cesur, y&uuml;rekli, yi\u011fit<\/p>\n<p><strong>\u015eefik:<\/strong> \u015eefkatli, ac\u0131mas\u0131 olan<\/p>\n<p><strong>\u015eefkat:<\/strong> Sevecenlik, ac\u0131ma ve sevgi duygusu<\/p>\n<p><strong>\u015eehalem: <\/strong>Evrenin h&uuml;k&uuml;mdar\u0131<\/p>\n<p><strong>\u015eehamet: <\/strong>Zeka ve ak\u0131lla birlikte olan yi\u011fitlik, cesaret<\/p>\n<p><strong>\u015eehba:<\/strong> K\u0131r, ak&ccedil;\u0131l<\/p>\n<p><strong>\u015eehid:<\/strong> Allah yolunda can\u0131n\u0131 feda eden m&uuml;sl&uuml;man, \u0130slam u\u011fruna &ouml;len m&uuml;sl&uuml;man, \u015fehadet mertebesine eri\u015fen kimse<\/p>\n<p><strong>\u015eehim: <\/strong>Ak\u0131ll\u0131 ve kurnaz yi\u011fit<\/p>\n<p><strong>\u015eehin\u015fah: <\/strong>\u015eahlar\u0131n \u015fah\u0131, en b&uuml;y&uuml;k h&uuml;k&uuml;mdar. 1. Daha &ccedil;ok unvan olarak verilir<\/p>\n<p><strong>\u015eehlevent: <\/strong>Leventlerin \u015fah\u0131, boylu poslu, canl\u0131, yak\u0131\u015f\u0131kl\u0131<\/p>\n<p><strong>\u015eehmuz: <\/strong>H&uuml;k&uuml;mdar soyundan gelen<\/p>\n<p><strong>\u015eehrar:<\/strong> \u015eehri s&uuml;sleyen, \u015fehre s&uuml;s veren<\/p>\n<p><strong>\u015eehri: <\/strong>Nazik, terbiyeli<\/p>\n<p><strong>\u015eehriyar: <\/strong>Padi\u015fah, h&uuml;k&uuml;mdar<\/p>\n<p><strong>\u015eehrud: <\/strong>B&uuml;y&uuml;k &ccedil;ay, nehir<\/p>\n<p><strong>\u015eekib: <\/strong>Sab\u0131r, tahamm&uuml;ll&uuml;, dayan\u0131kl\u0131. T&uuml;rk dil kural\u0131na g&ouml;re &ldquo;b\/p&rdquo; olarak kullan\u0131l\u0131r<\/p>\n<p><img decoding=\"async\" src=\"https:\/\/static.mavikadin.com\/images\/haberler\/22-12\/24\/s-ile-baslayan-erkek-bebek-isimleri-6.jpg\" alt=\"\" title=\"\"><\/p>\n<p><strong>\u015eekibe: <\/strong>Sab\u0131rl\u0131, dayan\u0131kl\u0131<\/p>\n<p><strong>\u015eek&uuml;r: <\/strong>\u015e&uuml;kreden, \u015f&uuml;kredici. Allah&rsquo;\u0131n isimlerinden, (bkz. Abd&uuml;\u015f\u015fek&ucirc;r)<\/p>\n<p><strong>\u015eemail: <\/strong>Huylar, davran\u0131\u015flar, al\u0131\u015fk\u0131lar<\/p>\n<p><strong>\u015eemdin:<\/strong> Dinin mumu, dinin ayd\u0131nl\u0131\u011f\u0131<\/p>\n<p><strong>\u015eemi: <\/strong>Mumla, \u0131\u015f\u0131kla ilgili, \u0131\u015f\u0131kl\u0131<\/p>\n<p><strong>\u015eemim: <\/strong>G&uuml;zel kokan, g&uuml;zel kokulu, g&uuml;zel koku<\/p>\n<p><strong>\u015eems:<\/strong> G&uuml;ne\u015f.&nbsp;Sevgili Peygamber efendimiz Muhammed aleyhisselam\u0131n isimlerindendir.<\/p>\n<p><strong>\u015eemsettin:<\/strong> Dinin g&uuml;ne\u015fi<\/p>\n<p><strong>\u015eemsi:<\/strong> G&uuml;ne\u015fle ilgili<\/p>\n<p><strong>\u015eemsifer: <\/strong>G&uuml;ne\u015fin ayd\u0131nl\u0131\u011f\u0131, parlakl\u0131\u011f\u0131<\/p>\n<p><strong>\u015een: <\/strong>Ya\u015fam\u0131ndan memnunlu\u011funu davran\u0131\u015flar\u0131yla g&ouml;steren, bunu &ccedil;evresindekilere de yayan kimse, ne\u015feli<\/p>\n<p><strong>\u015eenalp: <\/strong>Ne\u015feli yi\u011fit, \u015fen yi\u011fit<\/p>\n<p><strong>\u015eenaltan: <\/strong>Ne\u015feli ve zengin kimse<\/p>\n<p><strong>\u015eenay: <\/strong>Parlak, canl\u0131 ay<\/p>\n<p><strong>\u015eencan: <\/strong>Ne\u015feli ve cana yak\u0131n<\/p>\n<p><strong>\u015eendo\u011fan:<\/strong> Ne\u015feli do\u011fmu\u015f kimse<\/p>\n<p><strong>\u015eenel:<\/strong> Ne\u015felen, mutlu ol<\/p>\n<p><strong>\u015eener: <\/strong>Ne\u015feli yi\u011fit, \u015fen yi\u011fit, \u015fen erkek<\/p>\n<p><strong>\u015eeng&uuml;n: <\/strong>Ne\u015feli g&uuml;n; ve g&uuml;ne\u015f gibi kimse<\/p>\n<p><strong>\u015eeniz:<\/strong> Ne\u015feliyiz<\/p>\n<p><strong>\u015eenkal: <\/strong>Ne\u015feli kal<\/p>\n<p><strong>\u015eenkaya<\/strong>: Ne\u015feli ve kaya gibi kimse<\/p>\n<p><strong>\u015eenol: <\/strong>Her zaman ne\u015feli ol<\/p>\n<p><strong>\u015eensal: <\/strong>Ne\u015feni &ccedil;evrene yay, herkes ne\u015felensin<\/p>\n<p><strong>\u015eensoy: <\/strong>Soyu \u015fen kimse, \u015fen soydan<\/p>\n<p><img decoding=\"async\" src=\"https:\/\/static.mavikadin.com\/images\/haberler\/22-12\/24\/s-ile-baslayan-erkek-bebek-isimleri-7.jpg\" alt=\"\" title=\"\"><\/p>\n<p><strong>\u015eent&uuml;rk: <\/strong>Ne\u015feli, canl\u0131, mutlu t&uuml;rk<\/p>\n<p><strong>\u015eenya\u015far:<\/strong> Ya\u015fam\u0131 \u015fenlik, mutluluk i&ccedil;inde ge&ccedil;er, \u015fen bir ya\u015fam s&uuml;rer<\/p>\n<p><strong>\u015eerafet: <\/strong>\u015eerefli olma hali. Soydanl\u0131k, asalet.&nbsp;<\/p>\n<p><strong>\u015eerafettin: <\/strong>Dinlerin en \u015fereflisi<\/p>\n<p><strong>\u015eeref<\/strong>: \u0130yi ahlak ve fazilet sonucu olu\u015fan manevi y&uuml;celik, iyi &uuml;n<\/p>\n<p><strong>\u015eerefhan: <\/strong>B&uuml;y&uuml;k, y&uuml;ce h&uuml;k&uuml;mdar<\/p>\n<p><strong>\u015eeren:<\/strong> Tezcanl\u0131, &ccedil;evik.<\/p>\n<p><strong>\u015eerif: <\/strong>\u015eerefli, kutsal, soylu, temiz<\/p>\n<p><strong>\u015eevket: <\/strong>B&uuml;y&uuml;kl&uuml;k, heybet<\/p>\n<p><strong>\u015eevki: <\/strong>G&uuml;&ccedil;le, \u015fevkle ilgili<\/p>\n<p><strong>\u015eeyban: <\/strong>Sa&ccedil;lar\u0131na ak d&uuml;\u015fm&uuml;\u015f ya\u015fl\u0131 kimse.&nbsp;<\/p>\n<p><strong>\u015eezre:<\/strong> \u0130\u015flenmemi\u015f ham alt\u0131n. S&uuml;s i&ccedil;in as\u0131lan inci ve alt\u0131n<\/p>\n<p><strong>\u015eide: <\/strong>Parlak, \u0131\u015f\u0131kl\u0131, g&uuml;ne\u015f.<\/p>\n<p><strong>\u015eihab: <\/strong>K\u0131v\u0131lc\u0131m. Akan y\u0131ld\u0131z<\/p>\n<p><strong>\u015eihabeddin: <\/strong>Dinin parlak y\u0131ld\u0131z\u0131<\/p>\n<p><strong>\u015eim\u015fek:<\/strong> &Ccedil;ok bulutlu, ya\u011fmurlu havalarda, buluttan buluta ya da yere elektrik bo\u015fal\u0131rken olu\u015fan, k\u0131r\u0131k &ccedil;izgi bi&ccedil;imindeki &ccedil;ok yo\u011fun elektrik ak\u0131m\u0131; (mecaz olarak) &ccedil;ok h\u0131zl\u0131 kimse<\/p>\n<p><strong>\u015eim\u015feker: <\/strong>\u015eim\u015fek gibi yi\u011fit<\/p>\n<p><strong>\u015einas: <\/strong>Anlayan, tan\u0131yan, bilen<\/p>\n<p><strong>\u015einasi: <\/strong>Anlamakla ilgili<\/p>\n<p><strong>\u015eiran: <\/strong>Kaleler, hisarlar<\/p>\n<p><strong>\u015eiraz: <\/strong>T&uuml;rk m&uuml;zi\u011finde eski bir makam<\/p>\n<p><strong>\u015eirzat: <\/strong>Aslan gibi g&uuml;&ccedil;l&uuml;, ki\u015filikli kimse<\/p>\n<p><strong>\u015eiyar: <\/strong>Duyarl\u0131, hisleri g&uuml;&ccedil;l&uuml; olan, kabiliyeti, anlama d&uuml;zeyi y&uuml;ksek olan ve refleksleri g&uuml;&ccedil;l&uuml; olan insan<\/p>\n<p><strong>\u015euayb: <\/strong>Cemaat, topluluk. Bir peygamber ad\u0131.<\/p>\n<p><strong>\u015e&uuml;kran: <\/strong>G&ouml;n&uuml;l borcu, minnettarl\u0131k<\/p>\n<p><strong>\u015e&uuml;kr&uuml;:<\/strong> \u015e&uuml;k&uuml;rle, minnettarl\u0131kla ilgili<\/p>\n","protected":false},"excerpt":{"rendered":"<p>Aileye yeni bir bireyin kat\u0131lmas\u0131, \u00e7ocuk sahibi olmak ebeveynleri \u00e7ok mutlu etmektedir. Bebekleri i\u00e7in her \u015feyin en iyisini isteyen \u00e7iftler ona verebilecekleri en g\u00fczel ismi ararlar. \u015e ile ba\u015flayan karizmatik erkek isimleri \u015f\u00f6yledir: Erkek bebek sahibi olacak &ccedil;iftlerin ilk akl\u0131na gelen konulardan biri de isim se&ccedil;imidir. Modern, dini ve pop&uuml;ler erkek bebek ismi i&ccedil;in a\u015fa\u011f\u0131daki [&hellip;]<\/p>\n","protected":false},"author":30,"featured_media":52522,"comment_status":"closed","ping_status":"open","sticky":false,"template":"","format":"standard","meta":{"rank_math_lock_modified_date":false,"footnotes":""},"categories":[111],"tags":[10473,40647,40696,41058,40837],"class_list":["post-52523","post","type-post","status-publish","format-standard","has-post-thumbnail","hentry","category-anne-cocuk","tag-bebek-isimleri","tag-dini-erkek-isimleri","tag-modern-erkek-isimleri","tag-s-ile-baslayan-erkek-isimleri","tag-yeni-nesil-erkek-isimleri"],"_links":{"self":[{"href":"https:\/\/www.tgrthaber.com\/mavikadin\/wp-json\/wp\/v2\/posts\/52523"}],"collection":[{"href":"https:\/\/www.tgrthaber.com\/mavikadin\/wp-json\/wp\/v2\/posts"}],"about":[{"href":"https:\/\/www.tgrthaber.com\/mavikadin\/wp-json\/wp\/v2\/types\/post"}],"author":[{"embeddable":true,"href":"https:\/\/www.tgrthaber.com\/mavikadin\/wp-json\/wp\/v2\/users\/30"}],"replies":[{"embeddable":true,"href":"https:\/\/www.tgrthaber.com\/mavikadin\/wp-json\/wp\/v2\/comments?post=52523"}],"version-history":[{"count":1,"href":"https:\/\/www.tgrthaber.com\/mavikadin\/wp-json\/wp\/v2\/posts\/52523\/revisions"}],"predecessor-version":[{"id":52524,"href":"https:\/\/www.tgrthaber.com\/mavikadin\/wp-json\/wp\/v2\/posts\/52523\/revisions\/52524"}],"wp:featuredmedia":[{"embeddable":true,"href":"https:\/\/www.tgrthaber.com\/mavikadin\/wp-json\/wp\/v2\/media\/52522"}],"wp:attachment":[{"href":"https:\/\/www.tgrthaber.com\/mavikadin\/wp-json\/wp\/v2\/media?parent=52523"}],"wp:term":[{"taxonomy":"category","embeddable":true,"href":"https:\/\/www.tgrthaber.com\/mavikadin\/wp-json\/wp\/v2\/categories?post=52523"},{"taxonomy":"post_tag","embeddable":true,"href":"https:\/\/www.tgrthaber.com\/mavikadin\/wp-json\/wp\/v2\/tags?post=52523"}],"curies":[{"name":"wp","href":"https:\/\/api.w.org\/{rel}","templated":true}]}}