{"id":52745,"date":"2022-12-31T15:44:00","date_gmt":"2022-12-31T12:44:00","guid":{"rendered":"https:\/\/new.mavikadin.com\/?p=52745"},"modified":"2024-09-16T14:30:31","modified_gmt":"2024-09-16T11:30:31","slug":"muge-anli-cildirdi","status":"publish","type":"post","link":"https:\/\/www.tgrthaber.com\/mavikadin\/muge-anli-cildirdi\/","title":{"rendered":"M\u00fcge Anl\u0131 \u00e7\u0131ld\u0131rd\u0131"},"content":{"rendered":"<p>Programa kat\u0131lan ve hakk\u0131nda kad\u0131nlar\u0131 rahats\u0131z etti\u011fi gerek\u00e7esiyle \u015fikayetler olan Sinan isimli vatanda\u015f\u0131n yapt\u0131klar\u0131na sinirlenen M\u00fcge Anl\u0131, sert \u00e7\u0131kt\u0131; &#8221;Beni yolda g\u00f6r\u00fcrsen &#8216;merhaba&#8217; bile deme. Dersen de beynini yarar\u0131m&#8221;<\/p>\n<p>M&uuml;ge Anl\u0131 ile Tatl\u0131 Sert program\u0131nda Arife G&ouml;k&ccedil;e&#8217;nin kaybolmas\u0131n\u0131n ard\u0131ndan arama &ccedil;al\u0131\u015fmalar\u0131 ba\u015flat\u0131\u015fm\u0131\u015f ve bu kaybolman\u0131n birinci \u015f&uuml;phelisi olarak da Sinan Sardo\u011fan isimli ki\u015fi g&ouml;sterilmi\u015fti. Programda ya\u015fanan geli\u015fmeler ve iddialar izleyenlerin ve M&uuml;ge Anl\u0131&#8217;n\u0131n adeta kan\u0131n\u0131 dondurdu.<\/p>\n<h3><strong>\u0130HBARLARIN ARDI ARKASI KES\u0130LMED\u0130<\/strong><\/h3>\n<p>Kay\u0131p Arife G&ouml;k&ccedil;e&#8217;ye &ccedil;irkin mesajlar atarak taciz eden Sinan Sardo\u011fan&#8217;\u0131n, belli ya\u015f &uuml;st&uuml; b&uuml;t&uuml;n kad\u0131nlara bu \u015fekilde rahats\u0131zl\u0131k verdi\u011fi ortaya &ccedil;\u0131kt\u0131.<\/p>\n<p>Programa gelen ihbar telefonlar\u0131n\u0131n ard\u0131 arkas\u0131 kesilmeyince M&uuml;ge Anl\u0131 &ccedil;\u0131lg\u0131na d&ouml;nd&uuml;.<\/p>\n<p><img decoding=\"async\" src=\"https:\/\/static.mavikadin.com\/images\/haberler\/22-12\/31\/muge_anli_cildirdi_beynini_yararim-1.jpg\" alt=\"\" title=\"\"><\/p>\n<h3><strong>&#8221;BEYN\u0130N\u0130 YARARIM&#8221;<\/strong><\/h3>\n<p>M&uuml;ge Anl\u0131, Sinan Sardo\u011fan&#8217;\u0131n kom\u015fular\u0131na yapt\u0131klar\u0131n\u0131 duyunca daha fazla dayanamad\u0131;<\/p>\n<p>&#8220;Sen beni yolda g&ouml;rd&uuml;\u011f&uuml;n zaman bana &#8216;merhaba&#8217; bile deme. Hi&ccedil; tavsiye etmem. Ben, toplumumuzun &ccedil;ok &ouml;nemli &ouml;zelli\u011finden sen ve senin gibiler y&uuml;z&uuml;nden vazge&ccedil;tim. Ben art\u0131k tan\u0131mad\u0131\u011f\u0131m insanlara d&ouml;n&uuml;p de selam vermiyorum. Kaba desinler hi&ccedil; &ouml;nemli de\u011fil. \u0130stiyorsan de; ama beynini yarar\u0131m. Ben benzemem ba\u015fkas\u0131na.&#8221;<\/p>\n<h3><strong>M&Uuml;GE ANLI K\u0130MD\u0130R?<\/strong><\/h3>\n<p>M&uuml;ge Anl\u0131 Y&uuml;zba\u015f\u0131o\u011flu 19 Aral\u0131k 1973 y\u0131l\u0131nda \u0130stanbul&#8217;da do\u011fdu. T&uuml;rk sunucu ve gazeteci.<\/p>\n<p><strong>Hayat\u0131<\/strong><\/p>\n<p>Marmara &Uuml;niversitesi \u0130leti\u015fim Fak&uuml;ltesi&#8217;nden mezun oldu. Y&uuml;ksek lisans\u0131n\u0131 ise Kadir Has &Uuml;niversitesi Sosyal Bilimler Enstit&uuml;s&uuml;&#8217;nde hukuk &uuml;zerine yapt\u0131. Televizyon hayat\u0131na ilk olarak Top Secret program\u0131yla Kanal 6&#8217;da ba\u015flayan M&uuml;ge Anl\u0131 magazin sunuculu\u011funa Kanal D ve atv gibi kanallarda devam etti. 2006-2008 y\u0131llar\u0131 aras\u0131nda magazinci \u015eenay D&uuml;dek ve Pakize Suda ile Kanal D&#8217;de Dobra Dobra adl\u0131 magazin &uuml;zerine sohbetlerin oldu\u011fu ve konuklar\u0131n a\u011f\u0131rland\u0131\u011f\u0131 bir program yapt\u0131. Uzun y\u0131llar Vatan Gazetesi&#8217;nin magazin m&uuml;d&uuml;rl&uuml;\u011f&uuml;n&uuml; &uuml;stlendi. 2008 y\u0131l\u0131nda Dobra Dobra&#8217;daki sunuculuk deneyimi ile magazincili\u011fi b\u0131rak\u0131p sunuculu\u011fa ge&ccedil;ti ve ATV&#8217;de yay\u0131mlanan kendine ait M&uuml;ge Anl\u0131 ile Tatl\u0131 Sert adl\u0131 tart\u0131\u015fma program\u0131n\u0131 sunmaya ba\u015flad\u0131. Programda, kaybetti\u011fi yak\u0131nlar\u0131n\u0131 arayan ki\u015filer a\u011f\u0131rlanmakta, i\u015fleyeni belli olmayan veya i\u015fleyenin bulunamad\u0131\u011f\u0131 cinayetler ayd\u0131nlat\u0131lmaya &ccedil;al\u0131\u015f\u0131lmaktad\u0131r. Yine Tatl\u0131 Sert&#8217;in d\u0131\u015f\u0131nda, 2010 televizyon sezonunda, daha &ouml;nceden Sinan &Ccedil;etin&#8217;in yapm\u0131\u015f oldu\u011fu Film Gibi adl\u0131 programla ayn\u0131 formatta bir program\u0131 ATV&#8217;de sundu. M&uuml;ge Anl\u0131 ile Mektubunuz Var adl\u0131 programda, ya\u015fad\u0131\u011f\u0131 &ccedil;e\u015fitli olaylardan dolay\u0131 yak\u0131nlar\u0131yla g&ouml;r&uuml;\u015femeyen, onlar\u0131 bulamayan ki\u015filer konuk edildi. 2019 y\u0131l\u0131nda atv&#8217;de M&uuml;ge Anl\u0131 ile Tatl\u0131 Sert program\u0131 yaz tatilindeyken G&uuml;ven Bana isimli bilgi yar\u0131\u015fmas\u0131n\u0131 sundu.<\/p>\n","protected":false},"excerpt":{"rendered":"<p>Programa kat\u0131lan ve hakk\u0131nda kad\u0131nlar\u0131 rahats\u0131z etti\u011fi gerek\u00e7esiyle \u015fikayetler olan Sinan isimli vatanda\u015f\u0131n yapt\u0131klar\u0131na sinirlenen M\u00fcge Anl\u0131, sert \u00e7\u0131kt\u0131; &#8221;Beni yolda g\u00f6r\u00fcrsen &#8216;merhaba&#8217; bile deme. Dersen de beynini yarar\u0131m&#8221; M&uuml;ge Anl\u0131 ile Tatl\u0131 Sert program\u0131nda Arife G&ouml;k&ccedil;e&#8217;nin kaybolmas\u0131n\u0131n ard\u0131ndan arama &ccedil;al\u0131\u015fmalar\u0131 ba\u015flat\u0131\u015fm\u0131\u015f ve bu kaybolman\u0131n birinci \u015f&uuml;phelisi olarak da Sinan Sardo\u011fan isimli ki\u015fi g&ouml;sterilmi\u015fti. Programda [&hellip;]<\/p>\n","protected":false},"author":2,"featured_media":52744,"comment_status":"closed","ping_status":"open","sticky":false,"template":"","format":"standard","meta":{"rank_math_lock_modified_date":false,"footnotes":""},"categories":[76],"tags":[15841,2453,41182,3625,38434],"class_list":["post-52745","post","type-post","status-publish","format-standard","has-post-thumbnail","hentry","category-magazin","tag-kadin-haklari","tag-muge-anli","tag-sinan-sardogan","tag-taciz","tag-tatli-sert"],"_links":{"self":[{"href":"https:\/\/www.tgrthaber.com\/mavikadin\/wp-json\/wp\/v2\/posts\/52745"}],"collection":[{"href":"https:\/\/www.tgrthaber.com\/mavikadin\/wp-json\/wp\/v2\/posts"}],"about":[{"href":"https:\/\/www.tgrthaber.com\/mavikadin\/wp-json\/wp\/v2\/types\/post"}],"author":[{"embeddable":true,"href":"https:\/\/www.tgrthaber.com\/mavikadin\/wp-json\/wp\/v2\/users\/2"}],"replies":[{"embeddable":true,"href":"https:\/\/www.tgrthaber.com\/mavikadin\/wp-json\/wp\/v2\/comments?post=52745"}],"version-history":[{"count":1,"href":"https:\/\/www.tgrthaber.com\/mavikadin\/wp-json\/wp\/v2\/posts\/52745\/revisions"}],"predecessor-version":[{"id":52746,"href":"https:\/\/www.tgrthaber.com\/mavikadin\/wp-json\/wp\/v2\/posts\/52745\/revisions\/52746"}],"wp:featuredmedia":[{"embeddable":true,"href":"https:\/\/www.tgrthaber.com\/mavikadin\/wp-json\/wp\/v2\/media\/52744"}],"wp:attachment":[{"href":"https:\/\/www.tgrthaber.com\/mavikadin\/wp-json\/wp\/v2\/media?parent=52745"}],"wp:term":[{"taxonomy":"category","embeddable":true,"href":"https:\/\/www.tgrthaber.com\/mavikadin\/wp-json\/wp\/v2\/categories?post=52745"},{"taxonomy":"post_tag","embeddable":true,"href":"https:\/\/www.tgrthaber.com\/mavikadin\/wp-json\/wp\/v2\/tags?post=52745"}],"curies":[{"name":"wp","href":"https:\/\/api.w.org\/{rel}","templated":true}]}}