{"id":52838,"date":"2023-01-03T21:52:31","date_gmt":"2023-01-03T18:52:31","guid":{"rendered":"https:\/\/new.mavikadin.com\/?p=52838"},"modified":"2024-09-16T14:33:51","modified_gmt":"2024-09-16T11:33:51","slug":"eda-taspinar-camide-fotograf-paylasinca-sosyal-medyada-tepki-gordu","status":"publish","type":"post","link":"https:\/\/www.tgrthaber.com\/mavikadin\/eda-taspinar-camide-fotograf-paylasinca-sosyal-medyada-tepki-gordu\/","title":{"rendered":"Eda Ta\u015fp\u0131nar, camide foto\u011fraf payla\u015f\u0131nca sosyal medyada tepki g\u00f6rd\u00fc"},"content":{"rendered":"<p>Sosyetik isim Eda Ta\u015fp\u0131nar, camide \u00e7ekilen bir foto\u011fraf\u0131n\u0131 payla\u015f\u0131p &#8220;Mutlu y\u0131llar sevgililerim&#8221; yaz\u0131nca ortal\u0131k kar\u0131\u015ft\u0131. Tepkilerin \u00e7\u0131\u011f gibi b\u00fcy\u00fcd\u00fc\u011f\u00fc Ta\u015fp\u0131nar hakk\u0131nda soru\u015fturma ba\u015flat\u0131ld\u0131.<\/p>\n<p>Sosyal medyada olduk&ccedil;a aktif payla\u015f\u0131mlar yapan Eda Ta\u015fp\u0131nar, payla\u015f\u0131mlar\u0131na bir yenisini daha ekledi ancak &uuml;nl&uuml; isim, &ouml;yle bir tepki ald\u0131 ki hakk\u0131nda soru\u015fturma ba\u015flat\u0131ld\u0131.<\/p>\n<h3><strong>CAM\u0130DE POZ VERD\u0130<\/strong><\/h3>\n<p>Sosyal medya payla\u015f\u0131mlar\u0131yla s\u0131k s\u0131k g&uuml;ndeme oturan Eda Ta\u015fp\u0131nar, y\u0131l\u0131n son g&uuml;n&uuml;nde yapt\u0131\u011f\u0131 payla\u015f\u0131mla b&uuml;y&uuml;k tepki toplad\u0131. &Uuml;nl&uuml; isim, Four Seasons Otel&#8217;in mescidinde &ccedil;ektirdi\u011fi pozunu &#8216;Mutlu Y\u0131llar Sevgililerim&#8217; notuyla payla\u015ft\u0131\u011f\u0131 son foto\u011fraf\u0131yla g&uuml;ndeme oturdu.<\/p>\n<p><img decoding=\"async\" src=\"https:\/\/static.mavikadin.com\/images\/haberler\/23-01\/03\/eda_taspinar_hakkinda_sorusturma_baslatildi-4.jpg\" alt=\"\" title=\"\"><\/p>\n<p>Payla\u015f\u0131m\u0131 sonras\u0131 ele\u015ftiri oklar\u0131n\u0131n kendisine &ccedil;evrilmesi &uuml;zerine hemen foto\u011fraf\u0131 silen &uuml;nl&uuml; isim hakk\u0131nda \u0130stanbul Cumhuriyet Ba\u015fsavc\u0131l\u0131\u011f\u0131,&nbsp;camide &ccedil;ektirdi\u011fi foto\u011fraf\u0131n\u0131 &#8220;Mutlu y\u0131llar sevgililerim&#8221; notuyla sosyal payla\u015f\u0131m sitesi Instagram hesab\u0131ndan yay\u0131nlayan Ta\u015fp\u0131nar&#8217;\u0131n payla\u015f\u0131m\u0131 incelendi.<\/p>\n<h3><strong>RE&#8217;SEN SORU\u015eTURMA<\/strong><\/h3>\n<p>Savc\u0131l\u0131k, Ta\u015fp\u0131nar hakk\u0131nda &#8220;halk\u0131 kin ve d&uuml;\u015fmanl\u0131\u011fa tahrik veya a\u015fa\u011f\u0131lama&#8221; su&ccedil;undan re&#8217;sen soru\u015fturma ba\u015flatt\u0131.<\/p>\n<p>Eda Ta\u015fp\u0131nar, konuyla ilgili hen&uuml;z bir a&ccedil;\u0131klama yapmad\u0131.<\/p>\n<h3><strong>RE&#8217;SEN SORU\u015eTURMA NED\u0130R?<\/strong><\/h3>\n<p>Re&#8217;sen s&ouml;zc&uuml;\u011f&uuml;, hukuki alanda kanunlarla karara ba\u011flanan konular\u0131 i&ccedil;ermektedir. Bir konu kanunla karar ba\u011flanm\u0131\u015f ise, bu konuda hi&ccedil; kimseye dan\u0131\u015f\u0131lmadan karar verilebilir. Re&#8217;sen, kimseye dan\u0131\u015f\u0131lmadan yani ba\u011f\u0131ms\u0131z olarak anlam\u0131na gelmektedir. Bir kimsenin \u015fikayeti bulunmaks\u0131z\u0131n ba\u015flat\u0131lan soru\u015fturma olarak halk aras\u0131nda bilinmektedir.&nbsp;<\/p>\n<h3><strong>EDA TA\u015ePINAR K\u0130MD\u0130R?<\/strong><\/h3>\n<p>1 May\u0131s 1980&#8217;de \u0130stanbul&rsquo;da do\u011fdu. Eda Ta\u015fp\u0131nar&#8217;\u0131n babas\u0131 Teoman Ta\u015fp\u0131nar, Moda Deniz Kul&uuml;b&uuml;&#8217;n&uuml;n ba\u015fkan\u0131d\u0131r. Eda Ta\u015fp\u0131nar&#8217;\u0131n \u0130sve&ccedil; as\u0131ll\u0131 annesi Suzan Yontundur.<\/p>\n<p>T&uuml;rkiye&rsquo;nin ilk T&uuml;rk heykelcisi ve Atat&uuml;rk&rsquo;&uuml;n heykelt\u0131ra\u015f\u0131 Kenan Yontun, Eda Ta\u015fp\u0131nar&rsquo;\u0131n dedesidir.<\/p>\n<p>11 ya\u015f\u0131ndayken ailesiyle birlikte Miami&rsquo;ye yerle\u015fti. Boca Raton&rsquo;da 2 y\u0131l e\u011fitim al\u0131d\u0131ktan sonra T&uuml;rkiye&rsquo;ye d&ouml;nerek e\u011fitimine devam etti. Son senesinde okuldan ayr\u0131ld\u0131. London College of Fashion&rsquo;da bir y\u0131l e\u011fitim ald\u0131ktan sonra Londra&rsquo;da Central School of St.Martins&rsquo;de de moda e\u011fitimi ald\u0131. Okul bitince bir sene daha kal\u0131p \u0130stanbul&rsquo;a d&ouml;nd&uuml;. Londra&rsquo;da Central School of St.Martins&rsquo;de okurken d&uuml;nyaca &uuml;nl&uuml; bir&ccedil;ok markada &ccedil;al\u0131\u015ft\u0131. Tan\u0131nm\u0131\u015f moda edit&ouml;rlerine asistanl\u0131k yapt\u0131.<\/p>\n<p>2012 y\u0131l\u0131nda kendi ad\u0131n\u0131 ta\u015f\u0131yan markas\u0131 alt\u0131nda g&uuml;ne\u015f ya\u011flar\u0131, atkuyru\u011fu bitkisi \u015fampuan\u0131 ve v&uuml;cut \u015fampuan\u0131, do\u011fal at k\u0131l\u0131 f\u0131r&ccedil;as\u0131 gibi kozmetik &uuml;r&uuml;nleri T&uuml;rkiye &ccedil;ap\u0131ndaki kozmetik zincir ve eczanelerde piyasaya s&uuml;rd&uuml;.<\/p>\n","protected":false},"excerpt":{"rendered":"<p>Sosyetik isim Eda Ta\u015fp\u0131nar, camide \u00e7ekilen bir foto\u011fraf\u0131n\u0131 payla\u015f\u0131p &#8220;Mutlu y\u0131llar sevgililerim&#8221; yaz\u0131nca ortal\u0131k kar\u0131\u015ft\u0131. Tepkilerin \u00e7\u0131\u011f gibi b\u00fcy\u00fcd\u00fc\u011f\u00fc Ta\u015fp\u0131nar hakk\u0131nda soru\u015fturma ba\u015flat\u0131ld\u0131. Sosyal medyada olduk&ccedil;a aktif payla\u015f\u0131mlar yapan Eda Ta\u015fp\u0131nar, payla\u015f\u0131mlar\u0131na bir yenisini daha ekledi ancak &uuml;nl&uuml; isim, &ouml;yle bir tepki ald\u0131 ki hakk\u0131nda soru\u015fturma ba\u015flat\u0131ld\u0131. CAM\u0130DE POZ VERD\u0130 Sosyal medya payla\u015f\u0131mlar\u0131yla s\u0131k s\u0131k [&hellip;]<\/p>\n","protected":false},"author":2,"featured_media":52837,"comment_status":"closed","ping_status":"open","sticky":false,"template":"","format":"standard","meta":{"rank_math_lock_modified_date":false,"footnotes":""},"categories":[76],"tags":[41232,41231,41234,2402,41233],"class_list":["post-52838","post","type-post","status-publish","format-standard","has-post-thumbnail","hentry","category-magazin","tag-cami-pozu","tag-eda-taspinar","tag-halki-kin-ve-dusmanliga-tahrik","tag-sorusturma","tag-sosyal-medya-tepki"],"_links":{"self":[{"href":"https:\/\/www.tgrthaber.com\/mavikadin\/wp-json\/wp\/v2\/posts\/52838"}],"collection":[{"href":"https:\/\/www.tgrthaber.com\/mavikadin\/wp-json\/wp\/v2\/posts"}],"about":[{"href":"https:\/\/www.tgrthaber.com\/mavikadin\/wp-json\/wp\/v2\/types\/post"}],"author":[{"embeddable":true,"href":"https:\/\/www.tgrthaber.com\/mavikadin\/wp-json\/wp\/v2\/users\/2"}],"replies":[{"embeddable":true,"href":"https:\/\/www.tgrthaber.com\/mavikadin\/wp-json\/wp\/v2\/comments?post=52838"}],"version-history":[{"count":1,"href":"https:\/\/www.tgrthaber.com\/mavikadin\/wp-json\/wp\/v2\/posts\/52838\/revisions"}],"predecessor-version":[{"id":52839,"href":"https:\/\/www.tgrthaber.com\/mavikadin\/wp-json\/wp\/v2\/posts\/52838\/revisions\/52839"}],"wp:featuredmedia":[{"embeddable":true,"href":"https:\/\/www.tgrthaber.com\/mavikadin\/wp-json\/wp\/v2\/media\/52837"}],"wp:attachment":[{"href":"https:\/\/www.tgrthaber.com\/mavikadin\/wp-json\/wp\/v2\/media?parent=52838"}],"wp:term":[{"taxonomy":"category","embeddable":true,"href":"https:\/\/www.tgrthaber.com\/mavikadin\/wp-json\/wp\/v2\/categories?post=52838"},{"taxonomy":"post_tag","embeddable":true,"href":"https:\/\/www.tgrthaber.com\/mavikadin\/wp-json\/wp\/v2\/tags?post=52838"}],"curies":[{"name":"wp","href":"https:\/\/api.w.org\/{rel}","templated":true}]}}