{"id":52841,"date":"2023-01-03T22:37:35","date_gmt":"2023-01-03T19:37:35","guid":{"rendered":"https:\/\/new.mavikadin.com\/?p=52841"},"modified":"2024-09-16T14:33:56","modified_gmt":"2024-09-16T11:33:56","slug":"derya-ulug-oyle-bir-ev-yaptiriyor-ki-icinde-yok-yok","status":"publish","type":"post","link":"https:\/\/www.tgrthaber.com\/mavikadin\/derya-ulug-oyle-bir-ev-yaptiriyor-ki-icinde-yok-yok\/","title":{"rendered":"Derya Ulu\u011f \u00f6yle bir ev yapt\u0131r\u0131yor ki i\u00e7inde yok yok&#8230;"},"content":{"rendered":"<p>\u015eark\u0131c\u0131 Derya Ulu\u011f, sahnelerin en \u00e7ok kazanan isimlerinden biri. \u00dcnl\u00fc isim kazand\u0131klar\u0131yla s\u00fcper l\u00fcks bir ev yapt\u0131r\u0131yor.<\/p>\n<p>&#8220;Esmerin Ad\u0131 Oya&#8221;, &#8220;Kanunlar Gibi&#8221;, &#8220;Hadi &Ccedil;al&#8221; ve &#8220;Okyanus&#8221; gibi \u015fark\u0131larla haf\u0131zalara kaz\u0131nan 36 ya\u015f\u0131ndaki \u015fark\u0131c\u0131 Derya Ulu\u011f, kendisi i&ccedil;in kesenin a\u011fz\u0131n\u0131 a&ccedil;t\u0131. Sahneden kazand\u0131klar\u0131n\u0131 gayrimenkule yat\u0131rmaya karar veren &uuml;nl&uuml; isim, Mu\u011fla&#8217;da s&uuml;per l&uuml;ks bir ev yapt\u0131r\u0131yor.<\/p>\n<h3><strong>DERYA ULU\u011e&#8217;DAN B&Uuml;Y&Uuml;K YATIRIM<\/strong><\/h3>\n<p>Sahnelerin en &ccedil;ok kazanan isimlerinden biri olan Derya Ulu\u011f, g&ouml;z&uuml;n&uuml; Mu\u011fla&#8217;ya &ccedil;evirdi. Mu\u011fla&#8217;n\u0131n Akkaya il&ccedil;esinde 500 metrekarelik bir arsay\u0131 be\u011fenen Ulu\u011f, buraya kendisi i&ccedil;in inan\u0131lmaz bir ev yapt\u0131r\u0131yor. Kanada tipi evleri be\u011fenen \u015fark\u0131c\u0131, buraya benzer bir ev yapt\u0131rmak istiyor. Evin i&ccedil;ine m&uuml;zik st&uuml;dyosu kurmak isteyen sanat&ccedil;\u0131, ev i&ccedil;in 3 milyon liray\u0131 g&ouml;zden &ccedil;\u0131kartt\u0131.<\/p>\n<p><img decoding=\"async\" src=\"https:\/\/static.mavikadin.com\/images\/haberler\/23-01\/03\/derya_ulug_oyle_bir_ev_yaptiriyor_ki_icinde_yok_yok-4.jpg\" alt=\"\" title=\"\"><\/p>\n<h3><strong>DERYA ULU\u011e K\u0130MD\u0130R?<\/strong><\/h3>\n<p>Derya Ulu\u011f 21 \u015eubat 1986 y\u0131l\u0131nda \u0130zmir&#8217;de do\u011fdu. T&uuml;rk \u015fark\u0131c\u0131d\u0131r.<\/p>\n<p><strong>Hayat\u0131 ve Kariyeri<\/strong><\/p>\n<p>\u0130zmir&#8217;de do\u011fdu ve b&uuml;y&uuml;d&uuml;. Bulgaristan ve Arnavutluk g&ouml;&ccedil;meni k&ouml;kenli bir ailede do\u011fdu.[1] K&uuml;&ccedil;&uuml;k ya\u015flardan beri m&uuml;zi\u011fe ilgili olan Derya Ulu\u011f, 8 ya\u015f\u0131ndayken bir ses yar\u0131\u015fmas\u0131na kat\u0131ld\u0131. Mu\u011fla S\u0131tk\u0131 Ko&ccedil;man &Uuml;niversitesi&#8217;nde M&uuml;zik &Ouml;\u011fretmenli\u011fi b&ouml;l&uuml;m&uuml;nde okuduktan sonra, Hali&ccedil; &Uuml;niversitesi devlet konservatuvar\u0131nda y&uuml;ksek lisans yapt\u0131.<\/p>\n<p>3 y\u0131l Ebru G&uuml;nde\u015f&#8217;in vokalistli\u011fini yapan Derya Ulu\u011f, edindi\u011fi tecr&uuml;benin ard\u0131ndan kendi alb&uuml;m&uuml;n&uuml; &ccedil;\u0131karmak &uuml;zere G&uuml;nde\u015f&#8217;in yan\u0131ndan ayr\u0131ld\u0131. \u0130lk &ccedil;al\u0131\u015fmas\u0131n\u0131 2016 y\u0131l\u0131nda Okyanus adl\u0131 single&#8217;\u0131 ile yay\u0131nlad\u0131. \u015eark\u0131n\u0131n s&ouml;z ve m&uuml;zi\u011fi Asil G&ouml;k ve Derya Ulu\u011f&#8217;a, d&uuml;zenleme Burak Yeter&#8217;e aittir.<\/p>\n<p>Derya Ulu\u011f, 13 Kas\u0131m 2016&#8217;da d&uuml;zenlenen 43. Pantene Alt\u0131n Kelebek &Ouml;d&uuml;lleri&#8217;nde &#8220;En \u0130yi &Ccedil;\u0131k\u0131\u015f Yapan Solist&#8221; &ouml;d&uuml;l&uuml;n&uuml; kazand\u0131.<\/p>\n<p><strong>Diskografi<\/strong><br \/><strong>Tekliler<\/strong><\/p>\n<p>&#8220;Okyanus&#8221; (2016)<br \/>&#8220;Canavar&#8221; (2017)<br \/>&#8220;Sen Ma\u015fallah&#8221; (G&uuml;ven Y&uuml;reyi ile birlikte) (2017)<br \/>&#8220;Nab\u0131z 180&#8221; (2017)<br \/>&#8220;Ne M&uuml;nasebet&#8221; (2018)<br \/>&#8220;Ayr\u0131l\u0131\u011f\u0131n Y&uuml;k&uuml; A\u011f\u0131r&#8221; (Y\u0131ld\u0131z Tilbe&#8217;nin Y\u0131ld\u0131zl\u0131 \u015eark\u0131lar\u0131) (2018)<br \/>&#8220;S&uuml;rg&uuml;n A\u015fk\u0131m\u0131z&#8221; (Emrah Karaduman ile birlikte) (2018)<br \/>&#8220;Kafalar Kar\u0131\u015f\u0131k&#8221; (Ece Se&ccedil;kin ile birlikte) (2018)<br \/>&#8220;Ah Zaman&#8221; (2019)<br \/>&#8220;G&ouml;remedim Bi de Sen Bak&#8221; (2019)<br \/>&#8220;Leyla &amp; Mecnun&#8221; (Cem Belevi ile birlikte) (2020)<br \/>&#8220;\u015eu Saniye&#8221; (Akustik Cover) (2020)<br \/>&#8220;Peri\u015fan\u0131m \u015eimdi&#8221; (Akustik Cover) (2020)<br \/>&#8220;Ya\u011fd\u0131r&#8221; (Akustik Cover) (2021)<br \/>&#8220;Kanunlar Gibi&#8221; (2021)<br \/>&#8220;Bizim &Ccedil;ocuklar&#8221; (Mustafa Sandal, Eypio &amp; Irmak Ar\u0131c\u0131 ile) (2021)<br \/>&#8220;Kanunlar Gibi&#8221; (Akustik) (Metehan K&ouml;seo\u011flu ile) (2021)<br \/>&#8220;Sana &Ccedil;\u0131k\u0131yor Yollar&#8221; (Kaderimin Oyunu Orijinal Dizi M&uuml;zi\u011fi) (2021)<br \/>&#8220;Can\u0131m Dediklerim&#8221; (Sayg\u0131 Alb&uuml;m&uuml;: Bergen) (2022)<br \/>&#8220;Hadi &Ccedil;al&#8221; (Serdar Orta&ccedil; \u015eark\u0131lar\u0131, Vol. 1) (2022)<br \/>&#8220;Yaz\u0131k&#8221; (Ceylan Ertem ile) (Duyuyor Musun?) (2022)<\/p>\n","protected":false},"excerpt":{"rendered":"<p>\u015eark\u0131c\u0131 Derya Ulu\u011f, sahnelerin en \u00e7ok kazanan isimlerinden biri. \u00dcnl\u00fc isim kazand\u0131klar\u0131yla s\u00fcper l\u00fcks bir ev yapt\u0131r\u0131yor. &#8220;Esmerin Ad\u0131 Oya&#8221;, &#8220;Kanunlar Gibi&#8221;, &#8220;Hadi &Ccedil;al&#8221; ve &#8220;Okyanus&#8221; gibi \u015fark\u0131larla haf\u0131zalara kaz\u0131nan 36 ya\u015f\u0131ndaki \u015fark\u0131c\u0131 Derya Ulu\u011f, kendisi i&ccedil;in kesenin a\u011fz\u0131n\u0131 a&ccedil;t\u0131. Sahneden kazand\u0131klar\u0131n\u0131 gayrimenkule yat\u0131rmaya karar veren &uuml;nl&uuml; isim, Mu\u011fla&#8217;da s&uuml;per l&uuml;ks bir ev yapt\u0131r\u0131yor. DERYA [&hellip;]<\/p>\n","protected":false},"author":2,"featured_media":52840,"comment_status":"closed","ping_status":"open","sticky":false,"template":"","format":"standard","meta":{"rank_math_lock_modified_date":false,"footnotes":""},"categories":[76],"tags":[1438,41235,41237,41236,41238,1523],"class_list":["post-52841","post","type-post","status-publish","format-standard","has-post-thumbnail","hentry","category-magazin","tag-derya","tag-derya-ulug-ev","tag-luks-konut","tag-mugla-ev","tag-unlulerin-evleri","tag-yatirim"],"_links":{"self":[{"href":"https:\/\/www.tgrthaber.com\/mavikadin\/wp-json\/wp\/v2\/posts\/52841"}],"collection":[{"href":"https:\/\/www.tgrthaber.com\/mavikadin\/wp-json\/wp\/v2\/posts"}],"about":[{"href":"https:\/\/www.tgrthaber.com\/mavikadin\/wp-json\/wp\/v2\/types\/post"}],"author":[{"embeddable":true,"href":"https:\/\/www.tgrthaber.com\/mavikadin\/wp-json\/wp\/v2\/users\/2"}],"replies":[{"embeddable":true,"href":"https:\/\/www.tgrthaber.com\/mavikadin\/wp-json\/wp\/v2\/comments?post=52841"}],"version-history":[{"count":1,"href":"https:\/\/www.tgrthaber.com\/mavikadin\/wp-json\/wp\/v2\/posts\/52841\/revisions"}],"predecessor-version":[{"id":52842,"href":"https:\/\/www.tgrthaber.com\/mavikadin\/wp-json\/wp\/v2\/posts\/52841\/revisions\/52842"}],"wp:featuredmedia":[{"embeddable":true,"href":"https:\/\/www.tgrthaber.com\/mavikadin\/wp-json\/wp\/v2\/media\/52840"}],"wp:attachment":[{"href":"https:\/\/www.tgrthaber.com\/mavikadin\/wp-json\/wp\/v2\/media?parent=52841"}],"wp:term":[{"taxonomy":"category","embeddable":true,"href":"https:\/\/www.tgrthaber.com\/mavikadin\/wp-json\/wp\/v2\/categories?post=52841"},{"taxonomy":"post_tag","embeddable":true,"href":"https:\/\/www.tgrthaber.com\/mavikadin\/wp-json\/wp\/v2\/tags?post=52841"}],"curies":[{"name":"wp","href":"https:\/\/api.w.org\/{rel}","templated":true}]}}