{"id":52844,"date":"2023-01-03T22:55:28","date_gmt":"2023-01-03T19:55:28","guid":{"rendered":"https:\/\/new.mavikadin.com\/?p=52844"},"modified":"2024-09-16T14:34:03","modified_gmt":"2024-09-16T11:34:03","slug":"sinan-akcilin-sabri-tasti-eksi-sozluke-dava-acti","status":"publish","type":"post","link":"https:\/\/www.tgrthaber.com\/mavikadin\/sinan-akcilin-sabri-tasti-eksi-sozluke-dava-acti\/","title":{"rendered":"Sinan Ak\u00e7\u0131l&#8217;\u0131n sabr\u0131 ta\u015ft\u0131, Ek\u015fi S\u00f6zl\u00fck&#8217;e dava a\u00e7t\u0131"},"content":{"rendered":"<p>\u015eark\u0131c\u0131 Sinan Ak\u00e7\u0131l, Ek\u015fi S\u00f6zl\u00fck kat\u0131l\u0131mc\u0131 yazar sitesi ile mahkemelik oldu. \u015eark\u0131c\u0131, hakk\u0131ndaki hakaret i\u00e7eren payla\u015f\u0131mlar\u0131n artmas\u0131 \u00fczerine rahats\u0131zl\u0131k duydu ve mahkemeye ba\u015fvurdu.<\/p>\n<p>\u015eark\u0131c\u0131 Sinan Ak&ccedil;\u0131l, &ouml;nceki g&uuml;nlerde \u0130stanbul Cumhuriyet Ba\u015fsavc\u0131l\u0131\u011f\u0131&#8217;na ba\u015fvurdu. Ek\u015fi S&ouml;zl&uuml;k kat\u0131l\u0131mc\u0131 yazar sitesi hakk\u0131nda birden &ccedil;ok \u015fikayette bulunarak dilek&ccedil;e verdi. \u015eark\u0131c\u0131 dilek&ccedil;esinde Ek\u015fi S&ouml;zl&uuml;k sitesinde kendisi hakk\u0131nda &ccedil;ok fazla hakaret i&ccedil;erikli yaz\u0131 oldu\u011funu ifade etti.<\/p>\n<h3><strong>SAVCILIK SORU\u015eTURMA BA\u015eLATTI<\/strong><\/h3>\n<p>Sinan Ak&ccedil;\u0131l, \u015fikayet dilek&ccedil;esinde kendisi hakk\u0131nda yap\u0131lan yorumlarda, kullan\u0131c\u0131lar\u0131n ac\u0131mas\u0131z hakaretleri nedeniyle manevi anlamda zarara u\u011frad\u0131\u011f\u0131n\u0131 ileri s&uuml;rd&uuml;. Bu durumun psikolojisini bozdu\u011funu belirten Ak&ccedil;\u0131l, kendisine hakaret eden kullan\u0131c\u0131lar\u0131n tespit edilerek cezaland\u0131r\u0131lmalar\u0131n\u0131 istedi. Bunun &uuml;zerine savc\u0131l\u0131k soru\u015fturma ba\u015flatt\u0131.<\/p>\n<h3><strong>S\u0130NAN AK&Ccedil;IL K\u0130MD\u0130R?<\/strong><\/h3>\n<p>Sinan Ak&ccedil;\u0131l 20 May\u0131s 1982 y\u0131l\u0131nda Leeuwarden, Hollanda&#8217;da do\u011fdu. T&uuml;rk besteci, m&uuml;zisyen, s&ouml;z yazar\u0131 ve \u015fark\u0131c\u0131.<\/p>\n<p><strong>Biyografi<\/strong><\/p>\n<p>M&uuml;zik adam\u0131 Saim Ak&ccedil;\u0131l&#8217;\u0131n o\u011flu ve piyanist \u0130dil Ak&ccedil;\u0131l&#8217;\u0131n karde\u015fidir. M&uuml;zi\u011fe &ccedil;ok k&uuml;&ccedil;&uuml;k ya\u015flarda ba\u015flam\u0131\u015f, ya\u015f\u0131n\u0131n k&uuml;&ccedil;&uuml;k olmas\u0131na ra\u011fmen yapt\u0131\u011f\u0131 bestelerle be\u011feni kazanm\u0131\u015ft\u0131r. Ak&ccedil;\u0131l, \u015fimdiye kadar ba\u015fta \u0130zel olmak &uuml;zere Enbe Orkestras\u0131, Ferhat G&ouml;&ccedil;er, Candan Er&ccedil;etin, Ya\u015far, Zeynep Casalini, Mustafa Sandal, G&uuml;lben Ergen, Ebru G&uuml;nde\u015f, Kutsi, Petek Din&ccedil;&ouml;z, Ayg&uuml;n Kaz\u0131mova gibi isimlerle &ccedil;al\u0131\u015fm\u0131\u015ft\u0131r. Hadise&#8217;nin May\u0131s ay\u0131nda yap\u0131lan 2009 Eurovision \u015eark\u0131 Yar\u0131\u015fmas\u0131&#8217;nda T&uuml;rkiye&#8217;yi temsil edip d&ouml;rd&uuml;nc&uuml; oldu\u011fu D&uuml;m Tek Tek \u015fark\u0131s\u0131na imza atm\u0131\u015ft\u0131r. Ayr\u0131ca, pop \u015fark\u0131c\u0131s\u0131 Hande Yener&#8217;in 1 Nisan 2010 tarihinde &ccedil;\u0131kard\u0131\u011f\u0131 Hande&#8217;ye Neler Oluyor? alb&uuml;m&uuml;ndeki s&ouml;z ve m&uuml;zikler Sinan Ak&ccedil;\u0131l&#8217;a aittir. Hande Yener&#8217;in 13 Eyl&uuml;l 2010&#8217;da &ccedil;\u0131karm\u0131\u015f oldu\u011fu Hande&#8217;yle Yaz Bitmez alb&uuml;m&uuml;ndeki 10 remix ve &#8220;Uzayl\u0131&#8221; adl\u0131 \u015fark\u0131n\u0131n s&ouml;z ve d&uuml;zenlemeleri de Sinan Ak&ccedil;\u0131l imzal\u0131d\u0131r. Sinan Ak&ccedil;\u0131l Hande Yener&#8217;in Eyl&uuml;l 2011&#8217;de &ccedil;\u0131karm\u0131\u015f oldu\u011fu Te\u015fekk&uuml;rler adl\u0131 alb&uuml;m&uuml;ndeki \u015fark\u0131lar\u0131n s&ouml;z yazarl\u0131\u011f\u0131n\u0131 ve bestelerini yapt\u0131.<\/p>\n<p><strong>Ele\u015ftiriler<\/strong><\/p>\n<p>\u0130lk alb&uuml;m&uuml; Kalp Sesi&#8217;ni &ccedil;\u0131kard\u0131\u011f\u0131nda \u015fark\u0131 s&ouml;ylemesi ve canl\u0131 performans\u0131 ele\u015ftirilmi\u015ftir.<\/p>\n<p>Radyo 99 Genel yay\u0131n y&ouml;netmeni Sema Eryi\u011fit: &#8220;\u015eark\u0131lar\u0131 radyolarda ve mekanlarda &ccedil;ok &ccedil;ald\u0131. Ama canl\u0131 performans\u0131 hayal k\u0131r\u0131kl\u0131\u011f\u0131yd\u0131. Belki sadece besteci olarak devam etse, bu kadar hayran\u0131 olmaz ama m&uuml;zik d&uuml;nyas\u0131nda daha fazla sayg\u0131nl\u0131\u011f\u0131 olurdu.&#8221;<\/p>\n<p>Ak\u015fam gazetesinin Pazar ekinde m&uuml;zik yazar\u0131 olan Atilla Aydo\u011fdu: &#8220;Yaz ba\u015flarken yapt\u0131\u011f\u0131 \u015fark\u0131lar\u0131 hi&ccedil;bir zaman kendisi seslendirmesin istemi\u015ftim. \u0130nsan\u0131n her istedi\u011fi ne yaz\u0131k ki ger&ccedil;ekle\u015fmiyor.&#8221;<\/p>\n<p>Sinan Ak&ccedil;\u0131l bu ele\u015ftirilere bir r&ouml;portajda \u015fu \u015fekilde cevap vermi\u015f. &#8220;Ke\u015fke m&uuml;zisyen, besteci olarak kalsayd\u0131, \u015fark\u0131 s&ouml;ylemeseydi \u015feklindeki ele\u015ftiriler peki?&#8221; &#8220;Y&uuml;z ki\u015fiden iki ki\u015fi s&ouml;yl&uuml;yor bunu! Onlar da herhalde geri planda kalm\u0131\u015f insanlar. Y&uuml;zde 98&#8217;lik k\u0131s\u0131m o kadar sevgi g&ouml;sterdi ve g&uuml;zel tepkilerle kar\u015f\u0131lad\u0131 ki alb&uuml;m&uuml;; ele\u015ftirileri duymad\u0131m bile. Bir de; olumsuz ele\u015ftiri mutlaka olacakt\u0131r, olmal\u0131d\u0131r. Beni ele\u015ftirmeleri ho\u015fuma gidiyor, ele\u015ftirilerin dozunu art\u0131rs\u0131nlar l&uuml;tfen!&#8221;<\/p>\n<p>Leman Sam ise Ak&ccedil;\u0131l&#8217;\u0131 ele\u015ftirerek \u015f&ouml;yle demi\u015ftir. &#8220;Burak Kut gibi g&uuml;zel sesler varken, Sinan Ak&ccedil;\u0131l&#8217;\u0131 kim neden dinler anlamad\u0131m.&#8221;<\/p>\n<p>Naim Dilmener: &#8220;Sinan Ak&ccedil;\u0131l&#8217;\u0131n sesi bir facia. Bu memleketin vokal tarihinde ciddi bir dip noktas\u0131. B&ouml;ylesini g&ouml;rmedik. O magazin programlar\u0131nda biliyorsunuz i\u015fte falancan\u0131n &ccedil;\u0131plak sesi diye haber yaparlard\u0131 ya, Banu Alkan&#8217;lar, Seray Sever&#8217;ler bile bu kadar k&ouml;t&uuml; de\u011fildi. Ke\u015fke hi&ccedil; s&ouml;ylemeseydi. M&uuml;zisyenli\u011fine gelince de s&uuml;per bir m&uuml;zisyen de\u011fil Ak&ccedil;\u0131l. &Ouml;yle muhte\u015fem \u015feyler yaratmam\u0131\u015ft\u0131r. Ama yine de iyidir o konuda, k&ouml;t&uuml; de\u011fildir. Fakat sesi &ccedil;ok k&ouml;t&uuml;ym&uuml;\u015f.&#8221;<\/p>\n<p>Tolga Aky\u0131ld\u0131z: &#8220;Sinan&#8217;\u0131n hi&ccedil; sesi yok, hi&ccedil; yok ger&ccedil;ekten. Yaz\u0131k. \u0130yi de bir m&uuml;zik adam\u0131 oldu\u011funu d&uuml;\u015f&uuml;n&uuml;yorum. M&uuml;zisyen bir aileden geliyor. Ben olsam beste ve aranjman yapmaya devam ederdim.&#8221;<\/p>\n","protected":false},"excerpt":{"rendered":"<p>\u015eark\u0131c\u0131 Sinan Ak\u00e7\u0131l, Ek\u015fi S\u00f6zl\u00fck kat\u0131l\u0131mc\u0131 yazar sitesi ile mahkemelik oldu. \u015eark\u0131c\u0131, hakk\u0131ndaki hakaret i\u00e7eren payla\u015f\u0131mlar\u0131n artmas\u0131 \u00fczerine rahats\u0131zl\u0131k duydu ve mahkemeye ba\u015fvurdu. \u015eark\u0131c\u0131 Sinan Ak&ccedil;\u0131l, &ouml;nceki g&uuml;nlerde \u0130stanbul Cumhuriyet Ba\u015fsavc\u0131l\u0131\u011f\u0131&#8217;na ba\u015fvurdu. Ek\u015fi S&ouml;zl&uuml;k kat\u0131l\u0131mc\u0131 yazar sitesi hakk\u0131nda birden &ccedil;ok \u015fikayette bulunarak dilek&ccedil;e verdi. \u015eark\u0131c\u0131 dilek&ccedil;esinde Ek\u015fi S&ouml;zl&uuml;k sitesinde kendisi hakk\u0131nda &ccedil;ok fazla hakaret i&ccedil;erikli [&hellip;]<\/p>\n","protected":false},"author":2,"featured_media":52843,"comment_status":"closed","ping_status":"open","sticky":false,"template":"","format":"standard","meta":{"rank_math_lock_modified_date":false,"footnotes":""},"categories":[76],"tags":[38746,41239,38632,3693,2402],"class_list":["post-52844","post","type-post","status-publish","format-standard","has-post-thumbnail","hentry","category-magazin","tag-dava","tag-eksi-sozluk","tag-hakaret","tag-sinan-akcil","tag-sorusturma"],"_links":{"self":[{"href":"https:\/\/www.tgrthaber.com\/mavikadin\/wp-json\/wp\/v2\/posts\/52844"}],"collection":[{"href":"https:\/\/www.tgrthaber.com\/mavikadin\/wp-json\/wp\/v2\/posts"}],"about":[{"href":"https:\/\/www.tgrthaber.com\/mavikadin\/wp-json\/wp\/v2\/types\/post"}],"author":[{"embeddable":true,"href":"https:\/\/www.tgrthaber.com\/mavikadin\/wp-json\/wp\/v2\/users\/2"}],"replies":[{"embeddable":true,"href":"https:\/\/www.tgrthaber.com\/mavikadin\/wp-json\/wp\/v2\/comments?post=52844"}],"version-history":[{"count":1,"href":"https:\/\/www.tgrthaber.com\/mavikadin\/wp-json\/wp\/v2\/posts\/52844\/revisions"}],"predecessor-version":[{"id":52845,"href":"https:\/\/www.tgrthaber.com\/mavikadin\/wp-json\/wp\/v2\/posts\/52844\/revisions\/52845"}],"wp:featuredmedia":[{"embeddable":true,"href":"https:\/\/www.tgrthaber.com\/mavikadin\/wp-json\/wp\/v2\/media\/52843"}],"wp:attachment":[{"href":"https:\/\/www.tgrthaber.com\/mavikadin\/wp-json\/wp\/v2\/media?parent=52844"}],"wp:term":[{"taxonomy":"category","embeddable":true,"href":"https:\/\/www.tgrthaber.com\/mavikadin\/wp-json\/wp\/v2\/categories?post=52844"},{"taxonomy":"post_tag","embeddable":true,"href":"https:\/\/www.tgrthaber.com\/mavikadin\/wp-json\/wp\/v2\/tags?post=52844"}],"curies":[{"name":"wp","href":"https:\/\/api.w.org\/{rel}","templated":true}]}}