{"id":52847,"date":"2023-01-03T23:16:50","date_gmt":"2023-01-03T20:16:50","guid":{"rendered":"https:\/\/new.mavikadin.com\/?p=52847"},"modified":"2024-09-16T14:34:08","modified_gmt":"2024-09-16T11:34:08","slug":"ozlem-ada-sahin-ve-berkay-sahine-kotu-haber-dava-actiklari-firma-zarara-ugradik-dedi-karsi-dava-acti","status":"publish","type":"post","link":"https:\/\/www.tgrthaber.com\/mavikadin\/ozlem-ada-sahin-ve-berkay-sahine-kotu-haber-dava-actiklari-firma-zarara-ugradik-dedi-karsi-dava-acti\/","title":{"rendered":"\u00d6zlem Ada \u015eahin ve Berkay \u015eahin&#8217;e k\u00f6t\u00fc haber! Dava a\u00e7t\u0131klar\u0131 firma &#8216;zarara u\u011frad\u0131k dedi&#8217; kar\u015f\u0131 dava a\u00e7t\u0131"},"content":{"rendered":"<p>\u015eark\u0131c\u0131 Berkay \u015eahin&#8217;in e\u015fi \u00d6zlem Ada \u015eahin, ge\u00e7ti\u011fimiz haftalarda, evlerine yeni yapt\u0131rd\u0131klar\u0131 \u00e7ocuk yata\u011f\u0131n\u0131n kapa\u011f\u0131n\u0131n d\u00fc\u015fmesi \u00fczerine k\u0131z\u0131 yaralan\u0131nca \u00e7\u0131lg\u0131na d\u00f6nm\u00fc\u015f ve firmay\u0131 etiketleyerek ate\u015f p\u00fcsk\u00fcrm\u00fc\u015ft\u00fc. O firma zarara u\u011frad\u0131klar\u0131n\u0131 ispatlay\u0131p kar\u015f\u0131 dava a\u00e7t\u0131.<\/p>\n<p>\u015eark\u0131c\u0131 Berkay \u015eahin, kendisinden 10 ya\u015f k&uuml;&ccedil;&uuml;k &Ouml;zlem Ada \u015eahin ile 2016 y\u0131l\u0131nda nikah masas\u0131na oturarak mutlu bir evlili\u011fe imza atm\u0131\u015ft\u0131. Daha sonra Zeynep Mira ve Arya isminde iki k\u0131z\u0131 olan &ccedil;ift, ge&ccedil;ti\u011fimiz haftalarda k&ouml;t&uuml; bir olay ya\u015fam\u0131\u015ft\u0131.<\/p>\n<h3><strong>KIZININ Y&Uuml;Z&Uuml;NE DOLAP KAPA\u011eI D&Uuml;\u015eT&Uuml;<\/strong><\/h3>\n<p>Berkan \u015eahin ve &Ouml;zlem Ada \u015eahin &ccedil;iftinin b&uuml;y&uuml;k k\u0131zlar\u0131 Arya&#8217;n\u0131n y&uuml;z&uuml;ne, k\u0131zlar\u0131na yeni yapt\u0131rd\u0131klar\u0131 dolap ve yatak kombinasyonundan olu\u015fan bir tasar\u0131m yapt\u0131rm\u0131\u015flard\u0131. Yatakla dolap birle\u015fik olan bu tasar\u0131mdaki dolap k\u0131sm\u0131ndan bir kapak yerinden &ccedil;\u0131karak Arya \u015eahin&#8217;in y&uuml;z&uuml;ne d&uuml;\u015ft&uuml;. Bu s\u0131rada yaralanan Arya&#8217;n\u0131n g&ouml;z&uuml; morard\u0131. Deh\u015fete kap\u0131lan &Ouml;zlem Ada \u015eahin, olay\u0131n \u015fokuyla k\u0131z\u0131n\u0131n foto\u011fraf\u0131n\u0131 payla\u015f\u0131p foto\u011frafa kendilerine dolab\u0131 yapan firmay\u0131 etiketledi. \u015eimdiye kadar olumsuzluklar\u0131 g&ouml;rmezden geldiklerini ancak k\u0131z\u0131n\u0131n ba\u015f\u0131na gelen bu olaydan sonra sabr\u0131n\u0131n ta\u015ft\u0131\u011f\u0131n\u0131 ve hemen dava a&ccedil;aca\u011f\u0131n\u0131 s&ouml;yleyen \u015eahin&#8217;in bu payla\u015f\u0131m\u0131 g&uuml;ndem olmu\u015ftu.<\/p>\n<p><img decoding=\"async\" src=\"https:\/\/static.mavikadin.com\/images\/haberler\/23-01\/03\/ozlem_ada_sahin_9_odali_evden_sikayet_oldu-1.jpg\" alt=\"\" title=\"\"><\/p>\n<h3><strong>F\u0130RMA KAR\u015eI DAVA A&Ccedil;ARAK ZARARININ TAZM\u0130N\u0130N\u0130 \u0130STED\u0130<\/strong><\/h3>\n<p>&Ouml;zlem Ada \u015eahin&#8217;in bu g&ouml;nderisinden sonra o firma ge&ccedil;ti\u011fimiz g&uuml;nlerde bir a&ccedil;\u0131klama yapt\u0131. Firma &Ouml;zlem Ada \u015eahin ve Berkay \u015eahin &ccedil;iftine; &#8220;&Ouml;zlem Han\u0131m yapt\u0131\u011f\u0131 payla\u015f\u0131mla bizi zarara u\u011fratt\u0131&#8221; diyerek dava a&ccedil;t\u0131. Marka payla\u015f\u0131m\u0131nda \u015fu notu d&uuml;\u015ft&uuml;;&nbsp; &#8220;Y&uuml;kl&uuml; miktarda iadeler yapmak zorunda kald\u0131k. Bu iadeleri yaparken de inan\u0131lmaz bask\u0131lar g&ouml;rd&uuml;k. Sat\u0131\u015f\u0131 kapatt\u0131k ama genel giderlerimiz devam etti. Markam\u0131za verilen bu zararlar ispatlanm\u0131\u015f olup tazminat davas\u0131 a&ccedil;\u0131ld\u0131 ama alacak davam\u0131z\u0131 kazand\u0131k&#8221;<\/p>\n<p><img decoding=\"async\" src=\"https:\/\/static.mavikadin.com\/images\/haberler\/23-01\/03\/ozlem_ada_sahin_ve_berk_oktay_ciftine_kotu_haber-1.jpg\" alt=\"\" title=\"\"><\/p>\n<h3><strong>71 B\u0130N 728 TL &Ouml;DEYECEK<\/strong><\/h3>\n<p>Marka ile ger&ccedil;ekle\u015fen aralar\u0131ndaki dava sonucunda &uuml;nl&uuml; \u015fark\u0131c\u0131 ve e\u015fi markaya 71 bin 728 TL &ouml;deyece\u011fi &ouml;\u011frenildi.<\/p>\n<h3><strong>BERKAY \u015eAH\u0130N K\u0130MD\u0130R?<\/strong><\/h3>\n<p>Berkay \u015eahin 29 Aral\u0131k 1981 tarihinde Ankara&#8217;da do\u011fdu. T&uuml;rk \u015fark\u0131c\u0131d\u0131r.<\/p>\n<p><strong>Hayat\u0131<\/strong><\/p>\n<p>Laz as\u0131ll\u0131, Arhavi, Artvinli bir ailenin &ccedil;ocu\u011fu olarak Ankara&#8217;da do\u011fdu. 1996 y\u0131l\u0131ndan beri ailesiyle beraber \u0130zmir&#8217;de ya\u015fayan sanat&ccedil;\u0131, 2009 y\u0131l\u0131ndan beri de \u0130stanbul&#8217;da ya\u015famaktad\u0131r. 2009 y\u0131l\u0131nda \u0130stanbul&#8217;a ta\u015f\u0131nan Berkay, alb&uuml;m &ccedil;al\u0131\u015fmalar\u0131ndan &ouml;nce Bodrum, Antalya, &Ccedil;e\u015fme, Ku\u015fadas\u0131 gibi tatil beldelerinde belirli mek&acirc;nlarda sahne ald\u0131. Berkay, 2010 y\u0131l\u0131nda ilk alb&uuml;m&uuml; &#8220;Ele \u0130nat&#8221; ile &#8216;en iyi sanat&ccedil;\u0131&#8217; &ouml;d&uuml;l&uuml;ne lay\u0131k g&ouml;r&uuml;ld&uuml;. \u0130kinci alb&uuml;m&uuml; &#8220;A\u015fk Sadece&#8221; 2012 y\u0131l\u0131nda yay\u0131nland\u0131.<\/p>\n<p><strong>&Ouml;zel Hayat\u0131<\/strong><\/p>\n<p>2016 y\u0131l\u0131nda manken &Ouml;zlem Ada ile evlendi. Ekim 2018 tarihinde bir barda futbolcu Arda Turan taraf\u0131ndan darp edildi. \u0130kilinin kavga ve hastane g&ouml;r&uuml;nt&uuml;leri bas\u0131nda geni\u015f yer buldu. 2020 y\u0131l\u0131nda verdi\u011fi bir r&ouml;portajda hayat\u0131nda bir&ccedil;ok yoksulluk &ccedil;ekti\u011fini ve b&uuml;t&uuml;n pizza yiyemedi\u011fini s&ouml;ylemi\u015ftir.<\/p>\n","protected":false},"excerpt":{"rendered":"<p>\u015eark\u0131c\u0131 Berkay \u015eahin&#8217;in e\u015fi \u00d6zlem Ada \u015eahin, ge\u00e7ti\u011fimiz haftalarda, evlerine yeni yapt\u0131rd\u0131klar\u0131 \u00e7ocuk yata\u011f\u0131n\u0131n kapa\u011f\u0131n\u0131n d\u00fc\u015fmesi \u00fczerine k\u0131z\u0131 yaralan\u0131nca \u00e7\u0131lg\u0131na d\u00f6nm\u00fc\u015f ve firmay\u0131 etiketleyerek ate\u015f p\u00fcsk\u00fcrm\u00fc\u015ft\u00fc. O firma zarara u\u011frad\u0131klar\u0131n\u0131 ispatlay\u0131p kar\u015f\u0131 dava a\u00e7t\u0131. \u015eark\u0131c\u0131 Berkay \u015eahin, kendisinden 10 ya\u015f k&uuml;&ccedil;&uuml;k &Ouml;zlem Ada \u015eahin ile 2016 y\u0131l\u0131nda nikah masas\u0131na oturarak mutlu bir evlili\u011fe imza atm\u0131\u015ft\u0131. [&hellip;]<\/p>\n","protected":false},"author":2,"featured_media":52846,"comment_status":"closed","ping_status":"open","sticky":false,"template":"","format":"standard","meta":{"rank_math_lock_modified_date":false,"footnotes":""},"categories":[76],"tags":[3846,41240,38746,41241,40885],"class_list":["post-52847","post","type-post","status-publish","format-standard","has-post-thumbnail","hentry","category-magazin","tag-berkay-sahin","tag-cocuk-kazasi","tag-dava","tag-mali-zarar","tag-ozlem-ada-sahin"],"_links":{"self":[{"href":"https:\/\/www.tgrthaber.com\/mavikadin\/wp-json\/wp\/v2\/posts\/52847"}],"collection":[{"href":"https:\/\/www.tgrthaber.com\/mavikadin\/wp-json\/wp\/v2\/posts"}],"about":[{"href":"https:\/\/www.tgrthaber.com\/mavikadin\/wp-json\/wp\/v2\/types\/post"}],"author":[{"embeddable":true,"href":"https:\/\/www.tgrthaber.com\/mavikadin\/wp-json\/wp\/v2\/users\/2"}],"replies":[{"embeddable":true,"href":"https:\/\/www.tgrthaber.com\/mavikadin\/wp-json\/wp\/v2\/comments?post=52847"}],"version-history":[{"count":1,"href":"https:\/\/www.tgrthaber.com\/mavikadin\/wp-json\/wp\/v2\/posts\/52847\/revisions"}],"predecessor-version":[{"id":52848,"href":"https:\/\/www.tgrthaber.com\/mavikadin\/wp-json\/wp\/v2\/posts\/52847\/revisions\/52848"}],"wp:featuredmedia":[{"embeddable":true,"href":"https:\/\/www.tgrthaber.com\/mavikadin\/wp-json\/wp\/v2\/media\/52846"}],"wp:attachment":[{"href":"https:\/\/www.tgrthaber.com\/mavikadin\/wp-json\/wp\/v2\/media?parent=52847"}],"wp:term":[{"taxonomy":"category","embeddable":true,"href":"https:\/\/www.tgrthaber.com\/mavikadin\/wp-json\/wp\/v2\/categories?post=52847"},{"taxonomy":"post_tag","embeddable":true,"href":"https:\/\/www.tgrthaber.com\/mavikadin\/wp-json\/wp\/v2\/tags?post=52847"}],"curies":[{"name":"wp","href":"https:\/\/api.w.org\/{rel}","templated":true}]}}