{"id":52850,"date":"2023-01-04T00:06:37","date_gmt":"2023-01-03T21:06:37","guid":{"rendered":"https:\/\/new.mavikadin.com\/?p=52850"},"modified":"2024-09-16T14:34:13","modified_gmt":"2024-09-16T11:34:13","slug":"nilgun-belgun-yabanci-damat-dizisinde-nasil-parasiz-birakildigini-acikladi","status":"publish","type":"post","link":"https:\/\/www.tgrthaber.com\/mavikadin\/nilgun-belgun-yabanci-damat-dizisinde-nasil-parasiz-birakildigini-acikladi\/","title":{"rendered":"Nilg\u00fcn Belg\u00fcn, Yabanc\u0131 Damat dizisinde nas\u0131l paras\u0131z b\u0131rak\u0131ld\u0131\u011f\u0131n\u0131 a\u00e7\u0131klad\u0131"},"content":{"rendered":"<p>Nilg\u00fcn Belg\u00fcn, ge\u00e7ti\u011fimiz g\u00fcnlerde, bir d\u00f6neme damgas\u0131n\u0131 vuran Yabanc\u0131 Damat dizisinde ya\u015fad\u0131\u011f\u0131 zor g\u00fcnleri anlatt\u0131. \u00dcnl\u00fc isim, annesinin rahats\u0131z oldu\u011funu ve paraya ihtiyac\u0131 oldu\u011fu d\u00f6nemde nas\u0131l diziden g\u00f6nderildi\u011fini a\u00e7\u0131klad\u0131.<\/p>\n<p>Oyuncu Nilg&uuml;n Belg&uuml;n, G&ouml;kay Kalayc\u0131o\u011flu&#8217;nun YouTube&#8217;daki program\u0131na konuk oldu. Kendisi hakk\u0131nda \u015fa\u015f\u0131rtan a&ccedil;\u0131klamalarda bulunan oyuncu bir d&ouml;nem rol ald\u0131\u011f\u0131 &#8216;Yabanc\u0131 Damat&#8217; dizisinde ya\u015fad\u0131\u011f\u0131 inan\u0131lmaz olay\u0131 a&ccedil;\u0131klad\u0131.<\/p>\n<h3><strong>&#8221;HAYATIMIN EN ZOR ZAMANIYDI&#8221;<\/strong><\/h3>\n<p>Kalayc\u0131o\u011flu&#8217;ndan y&ouml;neltilen &#8220;Hayat\u0131n\u0131n en b&uuml;y&uuml;k h&uuml;zn&uuml; ne?&#8221; sorusuna Nilg&uuml;n Belg&uuml;n b&ouml;yle cevap verdi;<\/p>\n<p>&#8220;Yabanc\u0131 Damat&#8217;ta oynuyordum, annem de k&ouml;t&uuml; hastal\u0131kla m&uuml;cadele ediyordu. Bana &#8216;ya tiyatro ya dizi. As\u0131l paray\u0131 diziden k\u0131r\u0131yorsun&#8217; dendi. Ben tiyatroyu se&ccedil;ti\u011fim i&ccedil;in diziden ayr\u0131lmak zorunda b\u0131rak\u0131ld\u0131m. Hayat\u0131m\u0131n en zor d&ouml;nemiydi. Annem kanser ve tiyatrodan k&uuml;&ccedil;&uuml;c&uuml;k bir para al\u0131yordum. Bunlar\u0131 hepsini kurtarmak benim hayat\u0131m\u0131n en zor zaman\u0131yd\u0131.&#8221;<\/p>\n<p>Belg&uuml;n s&ouml;zlerinin devam\u0131nda, &#8220;Allah hep iyilerin yan\u0131ndad\u0131r. Su&ccedil;suz bir \u015fekilde diziden ayr\u0131ld\u0131\u011f\u0131m i&ccedil;in TV8&#8217;den sabah ku\u015fa\u011f\u0131 program\u0131 teklifi ald\u0131m. &Ccedil;ok da iyi bir parayla&#8230; Hatta oturdu\u011fum evi sabah ku\u015fa\u011f\u0131ndan kazand\u0131\u011f\u0131m parayla ald\u0131m. M&uuml;thi\u015f bir i\u015f yapt\u0131m. Yabanc\u0131 Damat&#8217;tan kovuldum ama T&uuml;rker \u0130nano\u011flu bunu kabul etmiyor. Ona k\u0131rg\u0131n de\u011filim, te\u015fekk&uuml;r bile ediyorum. &Ccedil;&uuml;nk&uuml; dizide olsayd\u0131m o program\u0131 yapamazd\u0131m. Programdan &ccedil;ok iyi paralar kazan\u0131nca vergi s\u0131ralamas\u0131na bile girmi\u015ftim.&#8221; ifadelerine yer verdi.<\/p>\n<p><img decoding=\"async\" src=\"https:\/\/static.mavikadin.com\/images\/haberler\/23-01\/04\/untitled-1.jpg\" alt=\"\" title=\"\"><\/p>\n<h3><strong>N\u0130LG&Uuml;N BELG&Uuml;N K\u0130MD\u0130R?<\/strong><\/h3>\n<p>Nilg&uuml;n Belg&uuml;n 18 Mart 1953 y\u0131l\u0131nda \u0130stanbul&#8217;da do\u011fdu. T&uuml;rk tiyatro, sinema ve dizi sanat&ccedil;\u0131s\u0131.<\/p>\n<p><strong>Hayat\u0131<\/strong><\/p>\n<p>&Ouml;zel \u015ei\u015fli Lisesi ve \u0130stanbul Belediye Konservatuvar\u0131&#8217; \u015ean ve Tiyatro B&ouml;l&uuml;m&uuml; mezun oldu. Burada Melih Cevdet Anday&#8217;dan fonetik diksiyon dersleri ald\u0131. 1973&#8217;te sanat hayat\u0131na at\u0131ld\u0131. \u0130lk olarak Deveku\u015fu Kabare Tiyatrosu&#8217;nda deneyim edinen sanat&ccedil;\u0131, daha sonra Ali Poyrazo\u011flu Tiyatrosu, Levent K\u0131rca Tiyatrosu, Dormen Tiyatrosu, Tiyatro \u0130stanbul gibi topluluklarda &ccedil;al\u0131\u015ft\u0131. &Ccedil;e\u015fitli sinema ve dizi filmlerde rol ald\u0131.1990 y\u0131l\u0131nda &#8220;Bir Ba\u015fka Gece&#8221;de oynad\u0131\u011f\u0131 Darbukat&ouml;r Bayramdaki &#8220;G&uuml;lpembe&#8221; rol&uuml;yle k\u0131sa s&uuml;rede daha b&uuml;y&uuml;k bir kitle taraf\u0131ndan tan\u0131nd\u0131. &#8220;\u0130\u015fte M&uuml;zik \u0130\u015fte E\u011flence&#8221;, &#8220;Gece Sefas\u0131&#8221; gibi televizyondaki e\u011flence Showlar\u0131nda &ccedil;e\u015fitli parodilerde &ccedil;e\u015fitli tiplemeler yapt\u0131. Sanat hayat\u0131n\u0131n d\u0131\u015f\u0131nda, iki kitap yazan ve sosyal etkinliklerde de bulunan Belg&uuml;n, T&uuml;rkiye Menopoz ve Osteoporoz Derne\u011fi&#8217;nde T&uuml;rkiye genelinde &ldquo;Kad\u0131n\u0131 Bilin&ccedil;lendirme&rdquo; kampanyas\u0131nda &ccedil;al\u0131\u015fmalar yapt\u0131, Parkinson hastal\u0131\u011f\u0131yla ilgili 2 y\u0131l s&uuml;ren sa\u011fl\u0131k &ccedil;al\u0131\u015fmalar\u0131nda yer ald\u0131. &Ouml;nce Star TV, sonra TV 8&#8217;de program yapt\u0131. Nilg&uuml;n Belg&uuml;n \u0130lk evlili\u011fini 19 ya\u015f\u0131ndayken, tiyatrocu ve komedyen Abdullah \u015eahin ile yapt\u0131. Yapt\u0131\u011f\u0131 evlilikten Oylum \u015eahin ad\u0131nda k\u0131z\u0131 var. Nilg&uuml;n Belg&uuml;n&#8217;&uuml;n ikinci e\u015fi \u0130lhan Gencer&#8217;den Merve Gencer ad\u0131nda bir k\u0131z\u0131 var. Nilg&uuml;n Belg&uuml;n &uuml;&ccedil;&uuml;nc&uuml; evlili\u011fini Atilla Demircio\u011flu ile yapt\u0131. Esra Erol&#8217;un do\u011fum yapmas\u0131 sebebiyle Esra Erol&#8217;da program\u0131n\u0131n ge&ccedil;ici sunuculu\u011funu yapm\u0131\u015ft\u0131r.<\/p>\n","protected":false},"excerpt":{"rendered":"<p>Nilg\u00fcn Belg\u00fcn, ge\u00e7ti\u011fimiz g\u00fcnlerde, bir d\u00f6neme damgas\u0131n\u0131 vuran Yabanc\u0131 Damat dizisinde ya\u015fad\u0131\u011f\u0131 zor g\u00fcnleri anlatt\u0131. \u00dcnl\u00fc isim, annesinin rahats\u0131z oldu\u011funu ve paraya ihtiyac\u0131 oldu\u011fu d\u00f6nemde nas\u0131l diziden g\u00f6nderildi\u011fini a\u00e7\u0131klad\u0131. Oyuncu Nilg&uuml;n Belg&uuml;n, G&ouml;kay Kalayc\u0131o\u011flu&#8217;nun YouTube&#8217;daki program\u0131na konuk oldu. Kendisi hakk\u0131nda \u015fa\u015f\u0131rtan a&ccedil;\u0131klamalarda bulunan oyuncu bir d&ouml;nem rol ald\u0131\u011f\u0131 &#8216;Yabanc\u0131 Damat&#8217; dizisinde ya\u015fad\u0131\u011f\u0131 inan\u0131lmaz olay\u0131 a&ccedil;\u0131klad\u0131. [&hellip;]<\/p>\n","protected":false},"author":2,"featured_media":52849,"comment_status":"closed","ping_status":"open","sticky":false,"template":"","format":"standard","meta":{"rank_math_lock_modified_date":false,"footnotes":""},"categories":[76],"tags":[41243,13992,41242,38892,10855],"class_list":["post-52850","post","type-post","status-publish","format-standard","has-post-thumbnail","hentry","category-magazin","tag-dizi-sektoru","tag-nilgun-belgun","tag-oyuncu-hikayesi","tag-sanatci-roportaji","tag-yabanci-damat"],"_links":{"self":[{"href":"https:\/\/www.tgrthaber.com\/mavikadin\/wp-json\/wp\/v2\/posts\/52850"}],"collection":[{"href":"https:\/\/www.tgrthaber.com\/mavikadin\/wp-json\/wp\/v2\/posts"}],"about":[{"href":"https:\/\/www.tgrthaber.com\/mavikadin\/wp-json\/wp\/v2\/types\/post"}],"author":[{"embeddable":true,"href":"https:\/\/www.tgrthaber.com\/mavikadin\/wp-json\/wp\/v2\/users\/2"}],"replies":[{"embeddable":true,"href":"https:\/\/www.tgrthaber.com\/mavikadin\/wp-json\/wp\/v2\/comments?post=52850"}],"version-history":[{"count":1,"href":"https:\/\/www.tgrthaber.com\/mavikadin\/wp-json\/wp\/v2\/posts\/52850\/revisions"}],"predecessor-version":[{"id":52851,"href":"https:\/\/www.tgrthaber.com\/mavikadin\/wp-json\/wp\/v2\/posts\/52850\/revisions\/52851"}],"wp:featuredmedia":[{"embeddable":true,"href":"https:\/\/www.tgrthaber.com\/mavikadin\/wp-json\/wp\/v2\/media\/52849"}],"wp:attachment":[{"href":"https:\/\/www.tgrthaber.com\/mavikadin\/wp-json\/wp\/v2\/media?parent=52850"}],"wp:term":[{"taxonomy":"category","embeddable":true,"href":"https:\/\/www.tgrthaber.com\/mavikadin\/wp-json\/wp\/v2\/categories?post=52850"},{"taxonomy":"post_tag","embeddable":true,"href":"https:\/\/www.tgrthaber.com\/mavikadin\/wp-json\/wp\/v2\/tags?post=52850"}],"curies":[{"name":"wp","href":"https:\/\/api.w.org\/{rel}","templated":true}]}}