{"id":52862,"date":"2023-01-04T14:01:51","date_gmt":"2023-01-04T11:01:51","guid":{"rendered":"https:\/\/new.mavikadin.com\/?p=52862"},"modified":"2024-09-16T14:34:38","modified_gmt":"2024-09-16T11:34:38","slug":"deniz-akkayadan-sahte-senet-davasi","status":"publish","type":"post","link":"https:\/\/www.tgrthaber.com\/mavikadin\/deniz-akkayadan-sahte-senet-davasi\/","title":{"rendered":"Deniz Akkaya&#8217;dan sahte senet davas\u0131"},"content":{"rendered":"<p>\u00dcnl\u00fc manken Deniz Akkaya, ara\u00e7 kiralad\u0131\u011f\u0131 firma taraf\u0131ndan sahte senet imzalatt\u0131klar\u0131 iddias\u0131yla mahkemeye ba\u015fvurdu.<\/p>\n<p>\u0130ddiaya g&ouml;re, Deniz Akkaya Mart 2022&rsquo;de Keyif Turizm Otomotiv ve G\u0131da Sanayi Ticaret LTD \u015firketinden 3 bin 500 dolar kar\u015f\u0131l\u0131\u011f\u0131nda bir ara&ccedil; kiralad\u0131 ancak ara&ccedil; ar\u0131zal\u0131 &ccedil;\u0131kt\u0131.<\/p>\n<p>&Ouml;dedi\u011fi kira bedelini geri almak isteyen Deniz Akkaya, \u015firketin kendisine kira s&ouml;zle\u015fmesi ad\u0131 alt\u0131nda senet imzalatt\u0131\u011f\u0131n\u0131 da iddia etti.<\/p>\n<p>Ara&ccedil; kiralama \u015firketinin kendisini bor&ccedil;lu gibi g&ouml;stererek aleyhine icra takibi ba\u015flatt\u0131\u011f\u0131n\u0131 &ouml;ne s&uuml;ren Akkaya, bor&ccedil;lu olmad\u0131\u011f\u0131n\u0131n tespiti ile icra m&uuml;d&uuml;rl&uuml;\u011f&uuml;ne yat\u0131rd\u0131\u011f\u0131 para &uuml;zerine tedbir konulmas\u0131n\u0131 istedi.<\/p>\n<p>Mahkeme Akkaya&rsquo;n\u0131n tedbir talebini kabul etti.<\/p>\n<h3><strong>DEN\u0130Z AKKAYA K\u0130MD\u0130R?<\/strong><\/h3>\n<p>Deniz Akkaya, 3 A\u011fustos&nbsp;1977 y\u0131l\u0131nda \u0130stanbul&rsquo;da do\u011fdu. Kayseri Ak&ouml;ren&#8217;in Uzunyayla K&ouml;y&uuml;&#8217;nden &Ccedil;erkez k&ouml;kenli bir ailenin k\u0131z\u0131d\u0131r. &Ouml;\u011frenim hayat\u0131 \u0130stanbul&#8217;da ge&ccedil;ti. \u0130lk&ouml;\u011frenimini Faik Re\u015fit Onat \u0130lkokulu&rsquo;nda, ortaokulu Bilge Kaan &Ouml;zel Deneme Lisesi&rsquo;nde, liseyi ise Semiha \u015eakir &Ouml;zel Deneme Lisesi&rsquo;nde tamamlad\u0131. \u0130stanbul &Uuml;niversitesi Amerikan Dili ve Edebiyat\u0131 b&ouml;l&uuml;m&uuml;nde y&uuml;ksek&ouml;\u011frenim g&ouml;rd&uuml;.<\/p>\n<p>Gen&ccedil; ya\u015fta profesyonel modelli\u011fe ba\u015flad\u0131. 1997 y\u0131l\u0131nda T&uuml;rkiye&rsquo;nin tek meslek yar\u0131\u015fmas\u0131 olan Best Model of Turkey yar\u0131\u015fmas\u0131nda birinci, &ldquo;Miss Grace of the World&rdquo; yar\u0131\u015fmas\u0131nda d&ouml;rd&uuml;nc&uuml; oldu. Y\u0131ld\u0131r\u0131m Mayruk, Cengiz Abazo\u011flu gibi modac\u0131lar\u0131n, yerli ve yabanc\u0131 bir&ccedil;ok markan\u0131n defilelerinde mankenlik yapt\u0131. 1998&#8217;de Alman moda firmas\u0131 Escada&#8217;n\u0131n T&uuml;rkiye&#8217;deki bir defilesinde Carla Bruni ile ayn\u0131 podyumda yer ald\u0131. 2000&#8217;li y\u0131llarda T&uuml;rkiye&rsquo;deki yay\u0131mlanan &ccedil;e\u015fitli moda dergilerinde kapak oldu.<\/p>\n<p>2006&#8217;da T&uuml;rkiye&#8217;de Star TV kanal\u0131nda yay\u0131mlanan ve y&uuml;ksek izlenme say\u0131lar\u0131na ula\u015fan Top Model T&uuml;rkiye yar\u0131\u015fmas\u0131n\u0131n sunuculu\u011funu &uuml;stlendi. Ard\u0131ndan Show TV kanal\u0131nda yay\u0131mlanan Pi\u015fti adl\u0131 televizyon program\u0131nda yorumcu ve sunucu olarak yer ald\u0131. Cine 5&#8217;te yay\u0131mlanan Ba\u015fka Yerde Yok adl\u0131 programda sunuculuk yapt\u0131. Bu programda Fatih Altayl\u0131 ve Mehmet Barlas gibi gazetecilerle birlikte &ccedil;al\u0131\u015ft\u0131.<\/p>\n<p>Tiyatro ve sinema oyunculu\u011fu yapt\u0131. Maskeli &nbsp;Be\u015fler:K\u0131br\u0131s, Vizontele Tuuba, Okul rol ald\u0131\u011f\u0131 filmlerden baz\u0131lar\u0131d\u0131r.<\/p>\n<p>\u0130\u015f insan\u0131 Efe &Ouml;nbilgin ile evlili\u011finden Ay\u015fe (d. 10 Aral\u0131k 2009) ad\u0131nda bir k\u0131z\u0131 vard\u0131r.<\/p>\n<p><strong>Film<\/strong><\/p>\n<p>Y\u0131l &nbsp; &nbsp;Yap\u0131m &nbsp; &nbsp;Rol &nbsp; &nbsp;Notlar<\/p>\n<p>2002 &nbsp; &nbsp;Ye\u015fil I\u015f\u0131k &nbsp; &nbsp; &nbsp; &nbsp;<br \/>2003 &nbsp; &nbsp;Vizontele Tuuba &nbsp; &nbsp;Deniz K\u0131z\u0131 &nbsp; &nbsp;<br \/>2003&nbsp; &nbsp; Okul &nbsp; &nbsp;Alev &nbsp; &nbsp;<br \/>2007 &nbsp; &nbsp;Living &amp; Dying &nbsp; &nbsp;Anne Noble &nbsp; &nbsp;<br \/>2007&nbsp; &nbsp; Maskeli Be\u015fler: K\u0131br\u0131s &nbsp; &nbsp;Bilge &nbsp; &nbsp;<br \/>2021 &nbsp; &nbsp;Hababam S\u0131n\u0131f\u0131 Yaz Oyunlar\u0131 &nbsp; &nbsp;<\/p>\n","protected":false},"excerpt":{"rendered":"<p>\u00dcnl\u00fc manken Deniz Akkaya, ara\u00e7 kiralad\u0131\u011f\u0131 firma taraf\u0131ndan sahte senet imzalatt\u0131klar\u0131 iddias\u0131yla mahkemeye ba\u015fvurdu. \u0130ddiaya g&ouml;re, Deniz Akkaya Mart 2022&rsquo;de Keyif Turizm Otomotiv ve G\u0131da Sanayi Ticaret LTD \u015firketinden 3 bin 500 dolar kar\u015f\u0131l\u0131\u011f\u0131nda bir ara&ccedil; kiralad\u0131 ancak ara&ccedil; ar\u0131zal\u0131 &ccedil;\u0131kt\u0131. &Ouml;dedi\u011fi kira bedelini geri almak isteyen Deniz Akkaya, \u015firketin kendisine kira s&ouml;zle\u015fmesi ad\u0131 alt\u0131nda [&hellip;]<\/p>\n","protected":false},"author":2,"featured_media":52861,"comment_status":"closed","ping_status":"open","sticky":false,"template":"","format":"standard","meta":{"rank_math_lock_modified_date":false,"footnotes":""},"categories":[76],"tags":[41249,2197,39464,41250,41248],"class_list":["post-52862","post","type-post","status-publish","format-standard","has-post-thumbnail","hentry","category-magazin","tag-arac-kiralama","tag-deniz-akkaya","tag-dolandiricilik","tag-hukuki-dava","tag-sahte-senet"],"_links":{"self":[{"href":"https:\/\/www.tgrthaber.com\/mavikadin\/wp-json\/wp\/v2\/posts\/52862"}],"collection":[{"href":"https:\/\/www.tgrthaber.com\/mavikadin\/wp-json\/wp\/v2\/posts"}],"about":[{"href":"https:\/\/www.tgrthaber.com\/mavikadin\/wp-json\/wp\/v2\/types\/post"}],"author":[{"embeddable":true,"href":"https:\/\/www.tgrthaber.com\/mavikadin\/wp-json\/wp\/v2\/users\/2"}],"replies":[{"embeddable":true,"href":"https:\/\/www.tgrthaber.com\/mavikadin\/wp-json\/wp\/v2\/comments?post=52862"}],"version-history":[{"count":1,"href":"https:\/\/www.tgrthaber.com\/mavikadin\/wp-json\/wp\/v2\/posts\/52862\/revisions"}],"predecessor-version":[{"id":52863,"href":"https:\/\/www.tgrthaber.com\/mavikadin\/wp-json\/wp\/v2\/posts\/52862\/revisions\/52863"}],"wp:featuredmedia":[{"embeddable":true,"href":"https:\/\/www.tgrthaber.com\/mavikadin\/wp-json\/wp\/v2\/media\/52861"}],"wp:attachment":[{"href":"https:\/\/www.tgrthaber.com\/mavikadin\/wp-json\/wp\/v2\/media?parent=52862"}],"wp:term":[{"taxonomy":"category","embeddable":true,"href":"https:\/\/www.tgrthaber.com\/mavikadin\/wp-json\/wp\/v2\/categories?post=52862"},{"taxonomy":"post_tag","embeddable":true,"href":"https:\/\/www.tgrthaber.com\/mavikadin\/wp-json\/wp\/v2\/tags?post=52862"}],"curies":[{"name":"wp","href":"https:\/\/api.w.org\/{rel}","templated":true}]}}