{"id":52874,"date":"2023-01-04T19:39:17","date_gmt":"2023-01-04T16:39:17","guid":{"rendered":"https:\/\/new.mavikadin.com\/?p=52874"},"modified":"2024-09-16T14:35:05","modified_gmt":"2024-09-16T11:35:05","slug":"ifade-veren-eda-taspinardan-skandal-aciklama","status":"publish","type":"post","link":"https:\/\/www.tgrthaber.com\/mavikadin\/ifade-veren-eda-taspinardan-skandal-aciklama\/","title":{"rendered":"\u0130fade veren Eda Ta\u015fp\u0131nar&#8217;dan skandal a\u00e7\u0131klama!"},"content":{"rendered":"<p>Bir oteli n mescidinde verdi\u011fi pozla g\u00fcndeme oturan ve ele\u015ftirilen sosyetik isim Eda Ta\u015fp\u0131nar, yay\u0131nlad\u0131\u011f\u0131 foto\u011fraf\u0131 hemen silmi\u015fti ancak hakk\u0131nda soru\u015fturma a\u00e7\u0131lan \u00fcnl\u00fc isim verdi\u011fi ifadeyle k\u0131zd\u0131rd\u0131.<\/p>\n<p>\u0130stanbul Cumhuriyet Ba\u015fsavc\u0131l\u0131\u011f\u0131 taraf\u0131ndan Eda Ta\u015fp\u0131nar hakk\u0131nda, sosyal medya ve internet haber sitelerinde camide &ccedil;ekilmi\u015f foto\u011fraflar\u0131n\u0131n payla\u015f\u0131m\u0131 gerek&ccedil;esiyle re&#8217;sen soru\u015fturma ba\u015flat\u0131lm\u0131\u015ft\u0131. \u015e&uuml;pheli Ta\u015fp\u0131nar, &#8216;halk\u0131 kin ve d&uuml;\u015fmanl\u0131\u011fa tahrik veya a\u015fa\u011f\u0131lama&#8217; su&ccedil;undan ifade vermek &uuml;zere &Ccedil;a\u011flayan&#8217;da bulunan \u0130stanbul Adalet Saray\u0131&#8217;na geldi.<\/p>\n<h3><strong>&#8221;\u0130&Ccedil;ERDE TUR\u0130ST G&Ouml;RD&Uuml;M BEN DE &Ccedil;EKT\u0130RD\u0130M&#8221;<\/strong><\/h3>\n<p>\u015e&uuml;pheli Ta\u015fp\u0131nar&#8217;\u0131n savc\u0131l\u0131ktaki i\u015flemleri yakla\u015f\u0131k 1.5 saat s&uuml;rd&uuml;. Ta\u015fp\u0131nar savc\u0131l\u0131kta verdi\u011fi ifadesinde foto\u011fraftaki \u015fahs\u0131n kendisi oldu\u011funu kabul ederek, &#8221;Sosyal medya hesab\u0131mda yay\u0131nlamak &uuml;zere &ccedil;e\u015fitli mekanlarda ve a&ccedil;\u0131k alanlarda foto\u011fraf &ccedil;ektiriyorum. Sultanahmet&#8217;te bulunan otel ile de foto\u011fraf &ccedil;ekmek i&ccedil;in g&ouml;r&uuml;\u015fme yapt\u0131m. Buna ili\u015fkin yaz\u0131l\u0131 olarak otel ile g&ouml;r&uuml;\u015fmelerimiz vard\u0131r. Otele gelmeden &ouml;nce otelin neresinde foto\u011fraf &ccedil;ekilece\u011fime karar vermemi\u015ftim. Otele giri\u015f yapt\u0131ktan sonra haz\u0131rlanmam i&ccedil;in bana bir oda tahsis ettiler. Daha sonra restoran\u0131n yan taraf\u0131nda bulunan bir alan g&ouml;rd&uuml;m. Bu alana girdi\u011fimde 2 tane turist foto\u011fraf &ccedil;ekiniyordu. Ben de burada foto\u011fraf &ccedil;ekilece\u011fini d&uuml;\u015f&uuml;nd&uuml;m&#8221; dedi.<\/p>\n<p>&nbsp;<\/p>\n<p><img decoding=\"async\" src=\"https:\/\/static.mavikadin.com\/images\/haberler\/23-01\/04\/eda_taspinar_dan_skandal_aciklama-2.jpg\" alt=\"\" title=\"\"><\/p>\n<p>#haber#<\/p>\n<h3><strong>&#8221;KORKTU\u011eUM \u0130&Ccedil;\u0130N FOTO\u011eRAFI KALDIRDIM&#8221;<\/strong><\/h3>\n<p>\u015e&uuml;pheli Ta\u015fp\u0131nar ifadesinin devam\u0131nda, &#8220;\u0130&ccedil;erisinin bir ibadethane oldu\u011funu d&uuml;\u015f&uuml;nmemi\u015ftim. Foto\u011fraf\u0131m\u0131 &ccedil;eken arkada\u015flar da bana bu hususta bir uyar\u0131da bulunmad\u0131lar. Bu durum i&ccedil;in ger&ccedil;ekten &uuml;zg&uuml;n&uuml;m, &ouml;z&uuml;r dilerim. Bu foto\u011fraflar\u0131 sosyal medyada yay\u0131nlad\u0131ktan sonra yap\u0131lan payla\u015f\u0131mlar\u0131 g&ouml;rmem &uuml;zerine korktu\u011fum i&ccedil;in foto\u011fraflar\u0131 kald\u0131rd\u0131m. Dini de\u011ferleri a\u015fa\u011f\u0131lama gibi bir kast\u0131m yoktur. \u0130nsanlar\u0131n dini duygu ve d&uuml;\u015f&uuml;ncelerine sayg\u0131 duyan biriyim. B&ouml;yle olmas\u0131n\u0131 istemezdim&#8221; ifadelerini kulland\u0131.<\/p>\n<p>Savc\u0131l\u0131ktaki i\u015flemleri tamamlanan Ta\u015fp\u0131nar, daha sonra bas\u0131n mensuplar\u0131n\u0131n sorular\u0131na yan\u0131t vermeyerek adliyeden ayr\u0131ld\u0131.<\/p>\n<p>#haber#<\/p>\n<p><img decoding=\"async\" src=\"https:\/\/static.mavikadin.com\/images\/haberler\/23-01\/04\/eda_taspinar_hakkinda_sorusturma_baslatildi-2.jpg\" alt=\"\" title=\"\"><\/p>\n<h3><strong>EDA TA\u015ePINAR K\u0130MD\u0130R?<\/strong><\/h3>\n<p>1 May\u0131s 1980&#8217;de \u0130stanbul&rsquo;da do\u011fdu. Eda Ta\u015fp\u0131nar&#8217;\u0131n babas\u0131 Teoman Ta\u015fp\u0131nar, Moda Deniz Kul&uuml;b&uuml;&#8217;n&uuml;n ba\u015fkan\u0131d\u0131r. Eda Ta\u015fp\u0131nar&#8217;\u0131n \u0130sve&ccedil; as\u0131ll\u0131 annesi Suzan Yontundur.<\/p>\n<p>T&uuml;rkiye&rsquo;nin ilk T&uuml;rk heykelcisi ve Atat&uuml;rk&rsquo;&uuml;n heykelt\u0131ra\u015f\u0131 Kenan Yontun, Eda Ta\u015fp\u0131nar&rsquo;\u0131n dedesidir.<\/p>\n<p>11 ya\u015f\u0131ndayken ailesiyle birlikte Miami&rsquo;ye yerle\u015fti. Boca Raton&rsquo;da 2 y\u0131l e\u011fitim al\u0131d\u0131ktan sonra T&uuml;rkiye&rsquo;ye d&ouml;nerek e\u011fitimine devam etti. Son senesinde okuldan ayr\u0131ld\u0131. London College of Fashion&rsquo;da bir y\u0131l e\u011fitim ald\u0131ktan sonra Londra&rsquo;da Central School of St.Martins&rsquo;de de moda e\u011fitimi ald\u0131. Okul bitince bir sene daha kal\u0131p \u0130stanbul&rsquo;a d&ouml;nd&uuml;. Londra&rsquo;da Central School of St.Martins&rsquo;de okurken d&uuml;nyaca &uuml;nl&uuml; bir&ccedil;ok markada &ccedil;al\u0131\u015ft\u0131. Tan\u0131nm\u0131\u015f moda edit&ouml;rlerine asistanl\u0131k yapt\u0131.<\/p>\n<p>2012 y\u0131l\u0131nda kendi ad\u0131n\u0131 ta\u015f\u0131yan markas\u0131 alt\u0131nda g&uuml;ne\u015f ya\u011flar\u0131, atkuyru\u011fu bitkisi \u015fampuan\u0131 ve v&uuml;cut \u015fampuan\u0131, do\u011fal at k\u0131l\u0131 f\u0131r&ccedil;as\u0131 gibi kozmetik &uuml;r&uuml;nleri T&uuml;rkiye &ccedil;ap\u0131ndaki kozmetik zincir ve eczanelerde piyasaya s&uuml;rd&uuml;.<\/p>\n<p>&nbsp;<\/p>\n<p>&nbsp;<\/p>\n","protected":false},"excerpt":{"rendered":"<p>Bir oteli n mescidinde verdi\u011fi pozla g\u00fcndeme oturan ve ele\u015ftirilen sosyetik isim Eda Ta\u015fp\u0131nar, yay\u0131nlad\u0131\u011f\u0131 foto\u011fraf\u0131 hemen silmi\u015fti ancak hakk\u0131nda soru\u015fturma a\u00e7\u0131lan \u00fcnl\u00fc isim verdi\u011fi ifadeyle k\u0131zd\u0131rd\u0131. \u0130stanbul Cumhuriyet Ba\u015fsavc\u0131l\u0131\u011f\u0131 taraf\u0131ndan Eda Ta\u015fp\u0131nar hakk\u0131nda, sosyal medya ve internet haber sitelerinde camide &ccedil;ekilmi\u015f foto\u011fraflar\u0131n\u0131n payla\u015f\u0131m\u0131 gerek&ccedil;esiyle re&#8217;sen soru\u015fturma ba\u015flat\u0131lm\u0131\u015ft\u0131. \u015e&uuml;pheli Ta\u015fp\u0131nar, &#8216;halk\u0131 kin ve d&uuml;\u015fmanl\u0131\u011fa tahrik [&hellip;]<\/p>\n","protected":false},"author":2,"featured_media":52873,"comment_status":"closed","ping_status":"open","sticky":false,"template":"","format":"standard","meta":{"rank_math_lock_modified_date":false,"footnotes":""},"categories":[76],"tags":[41231,41234,41257,41258,2402],"class_list":["post-52874","post","type-post","status-publish","format-standard","has-post-thumbnail","hentry","category-magazin","tag-eda-taspinar","tag-halki-kin-ve-dusmanliga-tahrik","tag-mescid","tag-skandal","tag-sorusturma"],"_links":{"self":[{"href":"https:\/\/www.tgrthaber.com\/mavikadin\/wp-json\/wp\/v2\/posts\/52874"}],"collection":[{"href":"https:\/\/www.tgrthaber.com\/mavikadin\/wp-json\/wp\/v2\/posts"}],"about":[{"href":"https:\/\/www.tgrthaber.com\/mavikadin\/wp-json\/wp\/v2\/types\/post"}],"author":[{"embeddable":true,"href":"https:\/\/www.tgrthaber.com\/mavikadin\/wp-json\/wp\/v2\/users\/2"}],"replies":[{"embeddable":true,"href":"https:\/\/www.tgrthaber.com\/mavikadin\/wp-json\/wp\/v2\/comments?post=52874"}],"version-history":[{"count":1,"href":"https:\/\/www.tgrthaber.com\/mavikadin\/wp-json\/wp\/v2\/posts\/52874\/revisions"}],"predecessor-version":[{"id":52875,"href":"https:\/\/www.tgrthaber.com\/mavikadin\/wp-json\/wp\/v2\/posts\/52874\/revisions\/52875"}],"wp:featuredmedia":[{"embeddable":true,"href":"https:\/\/www.tgrthaber.com\/mavikadin\/wp-json\/wp\/v2\/media\/52873"}],"wp:attachment":[{"href":"https:\/\/www.tgrthaber.com\/mavikadin\/wp-json\/wp\/v2\/media?parent=52874"}],"wp:term":[{"taxonomy":"category","embeddable":true,"href":"https:\/\/www.tgrthaber.com\/mavikadin\/wp-json\/wp\/v2\/categories?post=52874"},{"taxonomy":"post_tag","embeddable":true,"href":"https:\/\/www.tgrthaber.com\/mavikadin\/wp-json\/wp\/v2\/tags?post=52874"}],"curies":[{"name":"wp","href":"https:\/\/api.w.org\/{rel}","templated":true}]}}