{"id":52877,"date":"2023-01-04T19:52:48","date_gmt":"2023-01-04T16:52:48","guid":{"rendered":"https:\/\/new.mavikadin.com\/?p=52877"},"modified":"2024-09-16T14:35:10","modified_gmt":"2024-09-16T11:35:10","slug":"four-seasons-otelden-eda-taspinar-aciklamasi-tasvip-etmiyoruz","status":"publish","type":"post","link":"https:\/\/www.tgrthaber.com\/mavikadin\/four-seasons-otelden-eda-taspinar-aciklamasi-tasvip-etmiyoruz\/","title":{"rendered":"Four Seasons Otel&#8217;den Eda Ta\u015fp\u0131nar a\u00e7\u0131klamas\u0131: Tasvip etmiyoruz!"},"content":{"rendered":"<p>Four Seasons Otel&#8217;in mescidinde verdi\u011fi poz nedeniyle g\u00fcndem olan sosyetik isim Eda Ta\u015fp\u0131nar&#8217;\u0131n hhak\u0131nda soru\u015fturma a\u00e7\u0131lm\u0131\u015f ve Ta\u015fp\u0131nar, biraz \u00f6nce adliyeden ifade verip adliyeden ayr\u0131lm\u0131\u015ft\u0131. Bunun \u00fczerine otel y\u00f6netiminden bir a\u00e7\u0131klama geldi ve Ta\u015fp\u0131nar&#8217;\u0131 onaylamad\u0131klar\u0131n\u0131 s\u00f6yledi.<\/p>\n<p>\u0130stanbul&#8217;un en l&uuml;ks otellerinden birinin mescidinde &ccedil;ektirdi\u011fi foto\u011frafla g&uuml;ndeme oturan Eda Ta\u015fp\u0131nar, hakk\u0131nda soru\u015fturma a&ccedil;\u0131lmas\u0131 nedeniyle bug&uuml;n adliyede ifade verdi. Verdi\u011fi ifade ile yeni bir skandala imza atan ve yeniden ele\u015ftiri oklar\u0131n\u0131 &uuml;zerine &ccedil;eviren Eda Ta\u015fp\u0131nar i&ccedil;in foto\u011fraf &ccedil;ektirdi\u011fi otelin y&ouml;netiminden a&ccedil;\u0131klama geldi.<\/p>\n<h3><strong>&#8221;B\u0130LG\u0130M\u0130Z DI\u015eINDA &Ccedil;EK\u0130LEN BU FOTO\u011eRAFI TASV\u0130P ETM\u0130YORUZ&#8221;<\/strong><\/h3>\n<p>Four Seasons Hotel M&uuml;d&uuml;r&uuml; Serap Akku\u015f imzas\u0131yla yap\u0131lan a&ccedil;\u0131klamada \u015funlar\u0131 dile getirdi;<\/p>\n<blockquote>\n<p>&#8221;Otelimiz i&ccedil;inde bulunan ve kadim tarihimizin &ouml;nemli simgelerinden biri olan otelimizin mescidini ziyaret eden bir ki\u015finin &ccedil;ekti\u011fi ve sosyal medya &uuml;zerinden payla\u015ft\u0131\u011f\u0131 foto\u011fraflar halk\u0131m\u0131z\u0131 oldu\u011fu gibi bizi de derinden &uuml;zm&uuml;\u015ft&uuml;r. Bilgimiz dahilinde olmayan bu foto\u011fraf\u0131 ve de\u011ferlerimizle &ouml;rt&uuml;\u015fmeyen durumu tasvip etmedi\u011fimizin ve onaylamad\u0131\u011f\u0131m\u0131z\u0131n herkes&ccedil;e bilinmesini arzu ederiz.&#8221;<\/p>\n<\/blockquote>\n<h3><strong>EDA TA\u015ePINAR \u0130FADE VERD\u0130<\/strong><\/h3>\n<p>Sosyal medya hesaplar\u0131nda yay\u0131nlad\u0131\u011f\u0131, foto\u011fraflar\u0131yla s\u0131k s\u0131k g&uuml;ndeme oturmay\u0131 ba\u015faran Eda Ta\u015fp\u0131nar, poz verdi\u011fi &#8216;Allah&#8217; ve &#8216;Muhammed&#8217; yaz\u0131l\u0131 yaz\u0131lar\u0131n oldu\u011fu odan\u0131n mescid oldu\u011funu bilmedi\u011fini ifade ederek \u015funlar\u0131 s&ouml;yledin;<\/p>\n<blockquote>\n<p>&nbsp;&#8221;Sosyal medya hesab\u0131mda yay\u0131nlamak &uuml;zere &ccedil;e\u015fitli mekanlarda ve a&ccedil;\u0131k alanlarda foto\u011fraf &ccedil;ektiriyorum. Sultanahmet&#8217;te bulunan otel ile de foto\u011fraf &ccedil;ekmek i&ccedil;in g&ouml;r&uuml;\u015fme yapt\u0131m. Buna ili\u015fkin yaz\u0131l\u0131 olarak otel ile g&ouml;r&uuml;\u015fmelerimiz vard\u0131r. Otele gelmeden &ouml;nce otelin neresinde foto\u011fraf &ccedil;ekilece\u011fime karar vermemi\u015ftim. Otele giri\u015f yapt\u0131ktan sonra haz\u0131rlanmam i&ccedil;in bana bir oda tahsis ettiler. Daha sonra restoran\u0131n yan taraf\u0131nda bulunan bir alan g&ouml;rd&uuml;m. Bu alana girdi\u011fimde 2 tane turist foto\u011fraf &ccedil;ekiniyordu. Ben de burada foto\u011fraf &ccedil;ekilece\u011fini d&uuml;\u015f&uuml;nd&uuml;m&#8221;&nbsp;<\/p>\n<\/blockquote>\n<h3><strong>EDA TA\u015ePINAR K\u0130MD\u0130R?<\/strong><\/h3>\n<p>1 May\u0131s 1980&#8217;de \u0130stanbul&rsquo;da do\u011fdu. Eda Ta\u015fp\u0131nar&#8217;\u0131n babas\u0131 Teoman Ta\u015fp\u0131nar, Moda Deniz Kul&uuml;b&uuml;&#8217;n&uuml;n ba\u015fkan\u0131d\u0131r. Eda Ta\u015fp\u0131nar&#8217;\u0131n \u0130sve&ccedil; as\u0131ll\u0131 annesi Suzan Yontundur.<\/p>\n<p>T&uuml;rkiye&rsquo;nin ilk T&uuml;rk heykelcisi ve Atat&uuml;rk&rsquo;&uuml;n heykelt\u0131ra\u015f\u0131 Kenan Yontun, Eda Ta\u015fp\u0131nar&rsquo;\u0131n dedesidir.<\/p>\n<p>11 ya\u015f\u0131ndayken ailesiyle birlikte Miami&rsquo;ye yerle\u015fti. Boca Raton&rsquo;da 2 y\u0131l e\u011fitim al\u0131d\u0131ktan sonra T&uuml;rkiye&rsquo;ye d&ouml;nerek e\u011fitimine devam etti. Son senesinde okuldan ayr\u0131ld\u0131. London College of Fashion&rsquo;da bir y\u0131l e\u011fitim ald\u0131ktan sonra Londra&rsquo;da Central School of St.Martins&rsquo;de de moda e\u011fitimi ald\u0131. Okul bitince bir sene daha kal\u0131p \u0130stanbul&rsquo;a d&ouml;nd&uuml;. Londra&rsquo;da Central School of St.Martins&rsquo;de okurken d&uuml;nyaca &uuml;nl&uuml; bir&ccedil;ok markada &ccedil;al\u0131\u015ft\u0131. Tan\u0131nm\u0131\u015f moda edit&ouml;rlerine asistanl\u0131k yapt\u0131.<\/p>\n<p>2012 y\u0131l\u0131nda kendi ad\u0131n\u0131 ta\u015f\u0131yan markas\u0131 alt\u0131nda g&uuml;ne\u015f ya\u011flar\u0131, atkuyru\u011fu bitkisi \u015fampuan\u0131 ve v&uuml;cut \u015fampuan\u0131, do\u011fal at k\u0131l\u0131 f\u0131r&ccedil;as\u0131 gibi kozmetik &uuml;r&uuml;nleri T&uuml;rkiye &ccedil;ap\u0131ndaki kozmetik zincir ve eczanelerde piyasaya s&uuml;rd&uuml;.<\/p>\n","protected":false},"excerpt":{"rendered":"<p>Four Seasons Otel&#8217;in mescidinde verdi\u011fi poz nedeniyle g\u00fcndem olan sosyetik isim Eda Ta\u015fp\u0131nar&#8217;\u0131n hhak\u0131nda soru\u015fturma a\u00e7\u0131lm\u0131\u015f ve Ta\u015fp\u0131nar, biraz \u00f6nce adliyeden ifade verip adliyeden ayr\u0131lm\u0131\u015ft\u0131. Bunun \u00fczerine otel y\u00f6netiminden bir a\u00e7\u0131klama geldi ve Ta\u015fp\u0131nar&#8217;\u0131 onaylamad\u0131klar\u0131n\u0131 s\u00f6yledi. \u0130stanbul&#8217;un en l&uuml;ks otellerinden birinin mescidinde &ccedil;ektirdi\u011fi foto\u011frafla g&uuml;ndeme oturan Eda Ta\u015fp\u0131nar, hakk\u0131nda soru\u015fturma a&ccedil;\u0131lmas\u0131 nedeniyle bug&uuml;n adliyede ifade [&hellip;]<\/p>\n","protected":false},"author":2,"featured_media":52876,"comment_status":"closed","ping_status":"open","sticky":false,"template":"","format":"standard","meta":{"rank_math_lock_modified_date":false,"footnotes":""},"categories":[76],"tags":[41231,41259,41260,41261,41258],"class_list":["post-52877","post","type-post","status-publish","format-standard","has-post-thumbnail","hentry","category-magazin","tag-eda-taspinar","tag-four-seasons","tag-mescit","tag-otel-aciklamasi","tag-skandal"],"_links":{"self":[{"href":"https:\/\/www.tgrthaber.com\/mavikadin\/wp-json\/wp\/v2\/posts\/52877"}],"collection":[{"href":"https:\/\/www.tgrthaber.com\/mavikadin\/wp-json\/wp\/v2\/posts"}],"about":[{"href":"https:\/\/www.tgrthaber.com\/mavikadin\/wp-json\/wp\/v2\/types\/post"}],"author":[{"embeddable":true,"href":"https:\/\/www.tgrthaber.com\/mavikadin\/wp-json\/wp\/v2\/users\/2"}],"replies":[{"embeddable":true,"href":"https:\/\/www.tgrthaber.com\/mavikadin\/wp-json\/wp\/v2\/comments?post=52877"}],"version-history":[{"count":1,"href":"https:\/\/www.tgrthaber.com\/mavikadin\/wp-json\/wp\/v2\/posts\/52877\/revisions"}],"predecessor-version":[{"id":52878,"href":"https:\/\/www.tgrthaber.com\/mavikadin\/wp-json\/wp\/v2\/posts\/52877\/revisions\/52878"}],"wp:featuredmedia":[{"embeddable":true,"href":"https:\/\/www.tgrthaber.com\/mavikadin\/wp-json\/wp\/v2\/media\/52876"}],"wp:attachment":[{"href":"https:\/\/www.tgrthaber.com\/mavikadin\/wp-json\/wp\/v2\/media?parent=52877"}],"wp:term":[{"taxonomy":"category","embeddable":true,"href":"https:\/\/www.tgrthaber.com\/mavikadin\/wp-json\/wp\/v2\/categories?post=52877"},{"taxonomy":"post_tag","embeddable":true,"href":"https:\/\/www.tgrthaber.com\/mavikadin\/wp-json\/wp\/v2\/tags?post=52877"}],"curies":[{"name":"wp","href":"https:\/\/api.w.org\/{rel}","templated":true}]}}