{"id":52880,"date":"2023-01-04T21:45:38","date_gmt":"2023-01-04T18:45:38","guid":{"rendered":"https:\/\/new.mavikadin.com\/?p=52880"},"modified":"2024-09-16T14:35:15","modified_gmt":"2024-09-16T11:35:15","slug":"flas-gelisme-aylar-bosanan-hamdi-alkan-ve-selen-gorguzel-alisverise-cikti","status":"publish","type":"post","link":"https:\/\/www.tgrthaber.com\/mavikadin\/flas-gelisme-aylar-bosanan-hamdi-alkan-ve-selen-gorguzel-alisverise-cikti\/","title":{"rendered":"Fla\u015f geli\u015fme! Aylar bo\u015fanan Hamdi Alkan ve Selen G\u00f6rg\u00fczel al\u0131\u015fveri\u015fe \u00e7\u0131kt\u0131"},"content":{"rendered":"<p>Hamdi Alkan ve Selen G\u00f6rg\u00fczel \u00e7ifti, 8 y\u0131ll\u0131k evliliklerini ge\u00e7ti\u011fimiz may\u0131s ay\u0131nda bo\u015fanm\u0131\u015ft\u0131. \u00c7ift aylar sonra ilk kez bug\u00fcn \u0130stinye Park&#8217;ta al\u0131\u015fveri\u015f yaparken g\u00f6r\u00fcnt\u00fclendi.<\/p>\n<p>&Uuml;nl&uuml; y&ouml;netmen Hamdi Alkan ile oyuncu ve \u015fark\u0131c\u0131 Selen G&ouml;rg&uuml;zel, 8 y\u0131ll\u0131k evliliklerini ge&ccedil;ti\u011fimiz may\u0131s ay\u0131nda tek celsede bitirmi\u015fti. Bo\u015fanmadan sonra Selen G&ouml;rg&uuml;zel; &#8220;Kar\u0131-koca ili\u015fkimiz bitse de biliyorum ki &ouml;m&uuml;r boyu dost olarak hayatlar\u0131m\u0131zda hep var olaca\u011f\u0131z&#8221; demi\u015fti. Hamdi Alkan ise ayn\u0131 a&ccedil;\u0131klamay\u0131, bo\u015fanma davas\u0131ndan sonra sosyal medya hesab\u0131ndan yapt\u0131\u011f\u0131 a&ccedil;\u0131klamaya ta\u015f\u0131m\u0131\u015ft\u0131.<\/p>\n<h3><strong>&#8220;HAMD\u0130 BEN\u0130 S\u0130LM\u0130\u015e&#8221;<\/strong><\/h3>\n<p>Selen G&ouml;rg&uuml;zel&#8217;e bo\u015fanmadan bir m&uuml;ddet sonra Hamdi Alkan hakk\u0131nda \u015fa\u015f\u0131rtan bir a&ccedil;\u0131klamaya imza atm\u0131\u015ft\u0131; &#8220;Hamdi beni Instagram&rsquo;dan silmi\u015f ve engellemi\u015f. Ben gayet medeni \u015fekilde ayr\u0131ld\u0131\u011f\u0131m\u0131z\u0131 d&uuml;\u015f&uuml;n&uuml;yordum ama galiba &ouml;yle olmad\u0131.&#8221;<\/p>\n<p><img decoding=\"async\" src=\"https:\/\/static.mavikadin.com\/images\/haberler\/23-01\/04\/hamdi_alkan_selen_gorguzel_bosandiktan_sonra_ilk_kez_alisveriste_goruntulendi-4.jpg\" alt=\"\" title=\"\"><\/p>\n<h3><strong>&#8221;HAMD\u0130 HALA BANA A\u015eIK&#8221;<\/strong><\/h3>\n<p>G&ouml;rg&uuml;zel, ek olarak &#8221;Bence beni g&ouml;rmek istemiyordur. \u0130nsan\u0131n duygular\u0131 varsa ve unutmas\u0131 gerekiyorsa hani b&ouml;yle g&ouml;z&uuml;nden uzak kals\u0131n isteyebilir. Ba\u015fka bir sebebi olamaz. Arkada\u015f kalana kadar hen&uuml;z o duyguya evrilmemi\u015ftir. Ondan dolay\u0131 olmu\u015f olabilir&#8221; diyerek g&uuml;ndem olmu\u015ftu.<\/p>\n<p><img decoding=\"async\" src=\"https:\/\/static.mavikadin.com\/images\/haberler\/23-01\/04\/hamdi_alkan_selen_gorguzel_bosandiktan_sonra_ilk_kez_alisveriste_goruntulendi-2.jpg\" alt=\"\" title=\"\"><\/p>\n<h3><strong>&#8220;YANLI\u015e ANLA\u015eILMA OLMASIN&#8221;<\/strong><\/h3>\n<p>Hamdi Alkan ve Selen G&ouml;rg&uuml;zel &ccedil;ifti, bug&uuml;n \u0130stinyePark&#8217;ta kameralara yans\u0131d\u0131. G&ouml;rg&uuml;zel, &#8220;Arkada\u015flar yanl\u0131\u015f anla\u015f\u0131lma olmas\u0131n, annem ameliyat oldu. Hamdi Bey de sa\u011folsun eski kay\u0131nvalidesi i&ccedil;in bana destek oluyor. Birka&ccedil; eksi\u011fimiz var onlar\u0131 al\u0131p hastaneye annemin yan\u0131na gidece\u011fiz&#8221; dedi.<\/p>\n<p>Selen G&ouml;rg&uuml;zel&#8217;i sosyal medya hesab\u0131ndan engelleyen Hamdi Alkan&#8217;\u0131n adeta bir vefa &ouml;rne\u011fi g&ouml;sterdi\u011fi bu durum kar\u015f\u0131s\u0131nda &uuml;nl&uuml; y&ouml;netmen takdir kazand\u0131.&nbsp;<\/p>\n<p><img decoding=\"async\" src=\"https:\/\/static.mavikadin.com\/images\/haberler\/23-01\/04\/hamdi_alkan_selen_gorguzel_bosandiktan_sonra_ilk_kez_alisveriste_goruntulendi-6.jpg\" alt=\"\" title=\"\"><\/p>\n<h3><strong>HAMD\u0130 ALKAN KONU\u015eMAK \u0130STEMED\u0130<\/strong><\/h3>\n<p>Hamdi Alkan, Selen G&ouml;rg&uuml;zel ve rol arkada\u015f\u0131 \u0130rfan Kang\u0131&#8217;n\u0131n m&uuml;stehcen tiyatro sahnesi olan oyunundan sonra gazetecilerin r&ouml;portaj iste\u011fini reddetmi\u015fti.&nbsp;<\/p>\n<p>Konu\u015fmak istemeyen Alkan, &#8221;Onlar\u0131n oyunu konu\u015ftular. Benim konu\u015facak bir \u015feyim yok. G&uuml;zel bir oyundu. &Ccedil;ok te\u015fekk&uuml;r ederim&#8221; demekle yetinmi\u015fti.<\/p>\n<p>&Ccedil;iftin bu tiyatro oyunundan sonra bo\u015fanmalar\u0131n\u0131n h\u0131zland\u0131\u011f\u0131 iddia edilmi\u015fti.<\/p>\n<h3><strong>&#8220;AYNI &Ccedil;ATI ALTINDA B\u0130R ERKEKLE YA\u015eAMAK \u0130STEM\u0130YORUM&#8221;<\/strong><\/h3>\n<p>Selen G&ouml;rg&uuml;zel, bo\u015fanma davas\u0131ndan sonraki g&uuml;nlerde gazetecilerin; &#8220;Tekrar evlenmeyi d&uuml;\u015f&uuml;n&uuml;yor musunuz?&#8221; sorusuna da \u015fu yan\u0131t\u0131 vermi\u015fti;<\/p>\n<p>&#8220;\u015eu anda a\u015fka ihtiya&ccedil; duymuyorum ama bu i\u015fler kader, k\u0131smet&#8230; Hayat bize ne getirir, bilemeyiz. Yaln\u0131zl\u0131\u011fa biraz al\u0131\u015ft\u0131m gibi ama tekrar a\u015f\u0131k olmak istemiyorum. Hayat\u0131 payla\u015faca\u011f\u0131m bir hayat arkada\u015f\u0131m olsun istiyorum. Evlilik d&uuml;\u015f&uuml;nm&uuml;yorum &ccedil;&uuml;nk&uuml;&#8230; Ayn\u0131 &ccedil;at\u0131 alt\u0131na bir erkek ile tekrar girmek istemiyorum.&#8221;<\/p>\n<p>&nbsp;<\/p>\n<p>&nbsp;<\/p>\n","protected":false},"excerpt":{"rendered":"<p>Hamdi Alkan ve Selen G\u00f6rg\u00fczel \u00e7ifti, 8 y\u0131ll\u0131k evliliklerini ge\u00e7ti\u011fimiz may\u0131s ay\u0131nda bo\u015fanm\u0131\u015ft\u0131. \u00c7ift aylar sonra ilk kez bug\u00fcn \u0130stinye Park&#8217;ta al\u0131\u015fveri\u015f yaparken g\u00f6r\u00fcnt\u00fclendi. &Uuml;nl&uuml; y&ouml;netmen Hamdi Alkan ile oyuncu ve \u015fark\u0131c\u0131 Selen G&ouml;rg&uuml;zel, 8 y\u0131ll\u0131k evliliklerini ge&ccedil;ti\u011fimiz may\u0131s ay\u0131nda tek celsede bitirmi\u015fti. Bo\u015fanmadan sonra Selen G&ouml;rg&uuml;zel; &#8220;Kar\u0131-koca ili\u015fkimiz bitse de biliyorum ki &ouml;m&uuml;r boyu [&hellip;]<\/p>\n","protected":false},"author":2,"featured_media":52879,"comment_status":"closed","ping_status":"open","sticky":false,"template":"","format":"standard","meta":{"rank_math_lock_modified_date":false,"footnotes":""},"categories":[76],"tags":[154,2660,2659],"class_list":["post-52880","post","type-post","status-publish","format-standard","has-post-thumbnail","hentry","category-magazin","tag-bosanma","tag-hamdi-alkan","tag-selen-gorguzel"],"_links":{"self":[{"href":"https:\/\/www.tgrthaber.com\/mavikadin\/wp-json\/wp\/v2\/posts\/52880"}],"collection":[{"href":"https:\/\/www.tgrthaber.com\/mavikadin\/wp-json\/wp\/v2\/posts"}],"about":[{"href":"https:\/\/www.tgrthaber.com\/mavikadin\/wp-json\/wp\/v2\/types\/post"}],"author":[{"embeddable":true,"href":"https:\/\/www.tgrthaber.com\/mavikadin\/wp-json\/wp\/v2\/users\/2"}],"replies":[{"embeddable":true,"href":"https:\/\/www.tgrthaber.com\/mavikadin\/wp-json\/wp\/v2\/comments?post=52880"}],"version-history":[{"count":1,"href":"https:\/\/www.tgrthaber.com\/mavikadin\/wp-json\/wp\/v2\/posts\/52880\/revisions"}],"predecessor-version":[{"id":52881,"href":"https:\/\/www.tgrthaber.com\/mavikadin\/wp-json\/wp\/v2\/posts\/52880\/revisions\/52881"}],"wp:featuredmedia":[{"embeddable":true,"href":"https:\/\/www.tgrthaber.com\/mavikadin\/wp-json\/wp\/v2\/media\/52879"}],"wp:attachment":[{"href":"https:\/\/www.tgrthaber.com\/mavikadin\/wp-json\/wp\/v2\/media?parent=52880"}],"wp:term":[{"taxonomy":"category","embeddable":true,"href":"https:\/\/www.tgrthaber.com\/mavikadin\/wp-json\/wp\/v2\/categories?post=52880"},{"taxonomy":"post_tag","embeddable":true,"href":"https:\/\/www.tgrthaber.com\/mavikadin\/wp-json\/wp\/v2\/tags?post=52880"}],"curies":[{"name":"wp","href":"https:\/\/api.w.org\/{rel}","templated":true}]}}