{"id":52886,"date":"2023-01-05T00:31:14","date_gmt":"2023-01-04T21:31:14","guid":{"rendered":"https:\/\/new.mavikadin.com\/?p=52886"},"modified":"2024-09-16T14:35:27","modified_gmt":"2024-09-16T11:35:27","slug":"berdan-mardini-paylasti-survivor-2023e-gidiyorum","status":"publish","type":"post","link":"https:\/\/www.tgrthaber.com\/mavikadin\/berdan-mardini-paylasti-survivor-2023e-gidiyorum\/","title":{"rendered":"Berdan Mardini payla\u015ft\u0131: Survivor 2023&#8217;e gidiyorum"},"content":{"rendered":"<p>Survivor 2023 yar\u0131\u015fmac\u0131lar\u0131ndan Berdan Mardini, sosyal medya payla\u015f\u0131m\u0131yla haz\u0131rl\u0131klar\u0131n ba\u015flad\u0131\u011f\u0131n\u0131 duyurdu. \u00dcnl\u00fc ismin yapt\u0131\u011f\u0131 &#8216;Survivor 2023&#8217;e gidiyorum&#8217; payla\u015f\u0131m\u0131na \u00e7ok say\u0131da &#8216;tayt\u0131n\u0131 da g\u00f6t\u00fcr&#8217; yorumlar\u0131 yap\u0131ld\u0131.<\/p>\n<p>&Uuml;nl&uuml; \u015fark\u0131c\u0131 Berdan Mardini&#8217;nin &ouml;nceki aylarda yapt\u0131\u011f\u0131 taytl\u0131 payla\u015f\u0131m\u0131 g&uuml;ndem olmu\u015ftu. Genellikle arabesk \u015fark\u0131 s&ouml;yleyen Mardini&#8217;yi, spor tayt\u0131yla g&ouml;ren sosyal medya kullan\u0131c\u0131lar\u0131 g&ouml;zlerine inanamam\u0131\u015ft\u0131. Giyim tarz\u0131 ile bir kesimden iyi tepkiler al\u0131rken di\u011fer yandan ele\u015ftirilen Mardini&#8217;ye, &#8220;Giyindi\u011finiz kombinler &ccedil;ok konu\u015fuluyor. Neler s&ouml;ylemek istersiniz?&#8221; \u015feklindeki soru y&ouml;neltilmi\u015fti.<\/p>\n<h3><strong>&#8220;BANA BERDAN TAYT\u0130N\u0130&#8217; D\u0130YORLAR&#8221;<\/strong><\/h3>\n<p>Mardini, &#8220;\u015eimdi ben pembe kazak giyindi\u011fimde biliyorsunuz. Her y\u0131l meme kanserine destek olmak i&ccedil;in pembe top organizasyonu yap\u0131l\u0131yor. Ben de ona destek vermek i&ccedil;in giymi\u015ftim. En son bir ayakkab\u0131 giydim. Onu da doktorum hediye etmi\u015fti. O da olay oldu. En &ccedil;ok \u015funa g&uuml;ld&uuml;m. Tayt giydi\u011fimde &#8216;Berdan Taytini&#8217; yazm\u0131\u015flar. &Ccedil;ok komikti. Yap\u0131lan yorumlar ho\u015fuma da gidiyor. Tabi bazen hakarete varan durumlar oluyor. Ele\u015ftiriye a&ccedil;\u0131k, kendimle bar\u0131\u015f\u0131k biriyim&#8221; cevab\u0131n\u0131 vermi\u015fti.<\/p>\n<p><img decoding=\"async\" src=\"https:\/\/static.mavikadin.com\/images\/haberler\/23-01\/05\/berdan_mardini_paylasti_survivor_2023_e_gidiyorum-3.jpg\" alt=\"\" title=\"\"><\/p>\n<h3><strong>&#8220;REAL MARD\u0130N\u0130&#8221;<\/strong><\/h3>\n<p>&Uuml;nl&uuml; \u015fark\u0131c\u0131, tayt giymeyi s&uuml;rd&uuml;r&uuml;p futbol topuyla antrenman yaparken tayt giydi\u011fi foto\u011fraf\u0131n\u0131 payla\u015fm\u0131\u015f; &#8220;Real Mardini. Bu ara tam sard\u0131m&#8230;&#8221; notunu d&uuml;\u015fm&uuml;\u015ft&uuml;. Mardini, bu pozlar\u0131yla bir kez daha g&uuml;ndeme oturmu\u015ftu.<\/p>\n<h3><strong>&#8220;BERDAN BEY NE YAPIYORSUNUZ?&#8221;<\/strong><\/h3>\n<p>Takip&ccedil;ilerinden; &#8220;Usta sana ne olmu\u015f?&#8221;, &#8220;Dardan Taytini&#8221;, &#8220;Berdan Bey ne yap\u0131yorsunuz?&#8221;, &#8220;Allah a\u015fk\u0131na erkekler tayt giymesin&#8221;, &#8220;Tayt &ccedil;ok g&uuml;zel&#8221;, &#8220;Bence sana tayt\u0131n\u0131 yak\u0131\u015fm\u0131yor&#8221;, &#8220;Tayt olmam\u0131\u015f&#8221;, &#8220;Termal Taytini&#8221; ve &#8220;Daha &ccedil;ok takip&ccedil;i i&ccedil;in mi bunu yap\u0131yorsun?&#8221; \u015feklinde yorumlar gelmi\u015fti.<\/p>\n<p><img decoding=\"async\" src=\"https:\/\/static.mavikadin.com\/images\/haberler\/23-01\/05\/berdan_mardini_paylasti_survivor_2023_e_gidiyorum-4-1672868573.jpg\" alt=\"\" title=\"\"><\/p>\n<h3><strong>&#8220;SURV\u0130VOR&#8217;A G\u0130D\u0130YORUM&#8221;<\/strong><\/h3>\n<p>Survivor 2023&#8217;&uuml;n a&ccedil;\u0131klanan ilk &uuml;nl&uuml; yar\u0131\u015fmac\u0131s\u0131 olan Berdan Mardini, sosyal medya payla\u015f\u0131m\u0131yla bir kez daha g&uuml;ndem oldu. Mardini, bir kapak resmi i&ccedil;in &ccedil;ektirdi\u011fi valizli foto\u011fraf\u0131 payla\u015farak &#8220;Survivor a gidiyorum. D&ouml;n&uuml;nce g&ouml;r&uuml;\u015f&uuml;r&uuml;z in\u015fallah. Haz\u0131rl\u0131klar tamamland\u0131&#8221; s&ouml;zlerine imza att\u0131.<\/p>\n<h3><strong>&#8221;TAYTINI ALMAYI UNUTMA&#8221;<\/strong><\/h3>\n<p>\u015eark\u0131c\u0131n\u0131n takip&ccedil;ileri; &#8220;\u0130lk fotoda askere gider gibi. &#8216;Hay\u0131rl\u0131 tezkereler&#8217; diyesim geldi&#8221;, &#8220;Parkurlara bayraml\u0131k k\u0131yafetle mi &ccedil;\u0131kacaks\u0131n?&#8221; &#8220;Ka&ccedil; tayt s\u0131\u011fd\u0131rd\u0131n bu valize?&#8221;, &#8220;Abi sen Survivor&#8217;a gitti\u011fine emin misin?&#8221;, &#8220;Tayt giymeden d&ouml;nme geri&#8221;, &#8220;Dominik&#8217;e bisikletle mi gideceksin?&#8221; ve &#8220;Tayt\u0131n\u0131 da g&ouml;t&uuml;r&#8221; \u015feklinde esprili yorumlarda bulundu.<\/p>\n","protected":false},"excerpt":{"rendered":"<p>Survivor 2023 yar\u0131\u015fmac\u0131lar\u0131ndan Berdan Mardini, sosyal medya payla\u015f\u0131m\u0131yla haz\u0131rl\u0131klar\u0131n ba\u015flad\u0131\u011f\u0131n\u0131 duyurdu. \u00dcnl\u00fc ismin yapt\u0131\u011f\u0131 &#8216;Survivor 2023&#8217;e gidiyorum&#8217; payla\u015f\u0131m\u0131na \u00e7ok say\u0131da &#8216;tayt\u0131n\u0131 da g\u00f6t\u00fcr&#8217; yorumlar\u0131 yap\u0131ld\u0131. &Uuml;nl&uuml; \u015fark\u0131c\u0131 Berdan Mardini&#8217;nin &ouml;nceki aylarda yapt\u0131\u011f\u0131 taytl\u0131 payla\u015f\u0131m\u0131 g&uuml;ndem olmu\u015ftu. Genellikle arabesk \u015fark\u0131 s&ouml;yleyen Mardini&#8217;yi, spor tayt\u0131yla g&ouml;ren sosyal medya kullan\u0131c\u0131lar\u0131 g&ouml;zlerine inanamam\u0131\u015ft\u0131. Giyim tarz\u0131 ile bir kesimden iyi [&hellip;]<\/p>\n","protected":false},"author":2,"featured_media":52885,"comment_status":"closed","ping_status":"open","sticky":false,"template":"","format":"standard","meta":{"rank_math_lock_modified_date":false,"footnotes":""},"categories":[76],"tags":[41265,41266,6037],"class_list":["post-52886","post","type-post","status-publish","format-standard","has-post-thumbnail","hentry","category-magazin","tag-berdanmardini","tag-survivor2023","tag-unluler"],"_links":{"self":[{"href":"https:\/\/www.tgrthaber.com\/mavikadin\/wp-json\/wp\/v2\/posts\/52886"}],"collection":[{"href":"https:\/\/www.tgrthaber.com\/mavikadin\/wp-json\/wp\/v2\/posts"}],"about":[{"href":"https:\/\/www.tgrthaber.com\/mavikadin\/wp-json\/wp\/v2\/types\/post"}],"author":[{"embeddable":true,"href":"https:\/\/www.tgrthaber.com\/mavikadin\/wp-json\/wp\/v2\/users\/2"}],"replies":[{"embeddable":true,"href":"https:\/\/www.tgrthaber.com\/mavikadin\/wp-json\/wp\/v2\/comments?post=52886"}],"version-history":[{"count":1,"href":"https:\/\/www.tgrthaber.com\/mavikadin\/wp-json\/wp\/v2\/posts\/52886\/revisions"}],"predecessor-version":[{"id":52887,"href":"https:\/\/www.tgrthaber.com\/mavikadin\/wp-json\/wp\/v2\/posts\/52886\/revisions\/52887"}],"wp:featuredmedia":[{"embeddable":true,"href":"https:\/\/www.tgrthaber.com\/mavikadin\/wp-json\/wp\/v2\/media\/52885"}],"wp:attachment":[{"href":"https:\/\/www.tgrthaber.com\/mavikadin\/wp-json\/wp\/v2\/media?parent=52886"}],"wp:term":[{"taxonomy":"category","embeddable":true,"href":"https:\/\/www.tgrthaber.com\/mavikadin\/wp-json\/wp\/v2\/categories?post=52886"},{"taxonomy":"post_tag","embeddable":true,"href":"https:\/\/www.tgrthaber.com\/mavikadin\/wp-json\/wp\/v2\/tags?post=52886"}],"curies":[{"name":"wp","href":"https:\/\/api.w.org\/{rel}","templated":true}]}}