{"id":52895,"date":"2023-01-05T18:42:18","date_gmt":"2023-01-05T15:42:18","guid":{"rendered":"https:\/\/new.mavikadin.com\/?p=52895"},"modified":"2024-09-16T14:35:48","modified_gmt":"2024-09-16T11:35:48","slug":"dizi-kostumleriyle-yakalanan-afra-saracoglunun-tedirgin-anlari","status":"publish","type":"post","link":"https:\/\/www.tgrthaber.com\/mavikadin\/dizi-kostumleriyle-yakalanan-afra-saracoglunun-tedirgin-anlari\/","title":{"rendered":"Dizi kost\u00fcmleriyle yakalanan Afra Sara\u00e7o\u011flu&#8217;nun tedirgin anlar\u0131&#8230;"},"content":{"rendered":"<p>Y\u0131l\u0131n en iyi dizisi olarak giri\u015f yapan ve izlenme rekoru k\u0131ran Yal\u0131 \u00c7apk\u0131n\u0131 dizisinin oyuncular\u0131ndan Afra Sara\u00e7o\u011flu \u00f6nceki g\u00fcn sete giderken g\u00f6r\u00fcnt\u00fclendi. Gazetecilerin oyuncuyu \u00e7ekmesinden rahats\u0131z olan dizi ekibi, senaryonun anla\u015f\u0131laca\u011f\u0131 endi\u015fesiyle g\u00f6r\u00fcnt\u00fc al\u0131nmas\u0131na izin vermek istemeyince gergin anlar ya\u015fand\u0131.<\/p>\n<p>Yal\u0131 &Ccedil;apk\u0131n\u0131 dizisiyle y\u0131ld\u0131z\u0131 daha da parlayan 25 ya\u015f\u0131ndaki Afra Sara&ccedil;o\u011flu, 4 y\u0131ld\u0131r arkada\u015fl\u0131\u011f\u0131n\u0131n oldu\u011fu kendisi gibi oyuncu 29 ya\u015f\u0131ndaki Mert Yaz\u0131c\u0131o\u011flu ile ge&ccedil;ti\u011fimiz g&uuml;nlerde yollar\u0131n\u0131 ay\u0131rm\u0131\u015ft\u0131. \u0130kilinin arkada\u015fl\u0131klar\u0131n\u0131n bitmesinin nedeni olarak Afra Sara&ccedil;o\u011flu&#8217;nun Yal\u0131 &Ccedil;apk\u0131n\u0131 dizisindeki rol arkada\u015f\u0131 Mert Ramazan Demir ile samimi olmas\u0131 g&ouml;sterilmi\u015fti.<\/p>\n<h3><strong>\u0130LK A&Ccedil;IKLAMA AFRA SARA&Ccedil;O\u011eLU&#8217;NDAN GELD\u0130<\/strong><\/h3>\n<p>Konuyla ilgili sessiz kalmayan Afra Sara&ccedil;o\u011flu, ilk a&ccedil;\u0131klamay\u0131 yapan ki\u015fi oldu ve sosyal medya hesab\u0131ndan \u015fu s&ouml;zlere imza att\u0131;<\/p>\n<p>&#8221;Birka&ccedil; g&uuml;nd&uuml;r bas\u0131nda hakk\u0131m\u0131zda &ccedil;\u0131kan haberler kesinlikle ger&ccedil;e\u011fi yans\u0131tmamaktad\u0131r. Mert ile d&ouml;rt y\u0131l s&uuml;ren &ccedil;ok mutlu bir ili\u015fki ya\u015fad\u0131k. Ancak s&uuml;rd&uuml;rd&uuml;\u011f&uuml;m&uuml;z ili\u015fkimizi, ald\u0131\u011f\u0131m\u0131z ortak bir karar ile sevgi ve sayg\u0131 &ccedil;er&ccedil;evesinde sonland\u0131rma karar\u0131 ald\u0131k. Dostlu\u011fumuzun devam etti\u011fini belirtmekle beraber bu karar\u0131m\u0131zda hi&ccedil;bir &uuml;&ccedil;&uuml;nc&uuml; ki\u015finin dahili bulunmad\u0131\u011f\u0131n\u0131 bilmenizi isteriz. Ge&ccedil;irdi\u011fimiz bu hassas s&uuml;re&ccedil;te hi&ccedil; kimseyi zan alt\u0131nda b\u0131rakmadan &ouml;zel hayat\u0131m\u0131z\u0131n mahremiyetine hassasiyet g&ouml;stermenizi rica ediyoruz. Sevgiyle kal\u0131n.&#8221;<\/p>\n<p><img decoding=\"async\" src=\"https:\/\/static.mavikadin.com\/images\/haberler\/23-01\/05\/yali_capkini_dizisinde_spoiler_derdi_ekibi_gerdi-1.jpg\" alt=\"\" title=\"\"><\/p>\n<h3><strong>G&Ouml;R&Uuml;NT&Uuml; ALINMASINI \u0130STEMED\u0130LER<\/strong><\/h3>\n<p>&Ouml;zel hayat\u0131nda &ccedil;alkant\u0131l\u0131 g&uuml;nler ge&ccedil;iren Afra Sara&ccedil;o\u011flu, d&uuml;n Harbiye&#8217;deki sete giderken gazeteciler taraf\u0131ndan g&ouml;r&uuml;nt&uuml;lendi. Oyuncunun karavan\u0131ndan sete do\u011fru y&uuml;r&uuml;d&uuml;\u011f&uuml; anda g&ouml;r&uuml;nt&uuml;lerinin &ccedil;ekilmesini istemeyen set g&ouml;revlileri oyuncun &ouml;n&uuml;ne ge&ccedil;erek kameraya ellerini uzatt\u0131. G&ouml;r&uuml;nt&uuml; al\u0131nmas\u0131na engel olamayan ekibi g&ouml;ren oyuncu hemen en yak\u0131n\u0131ndaki bir binaya girerek burada sakland\u0131. Bu s\u0131rada set g&ouml;revlileri ve gazeteciler aras\u0131nda gergin anlar ya\u015fand\u0131.<\/p>\n<p><img decoding=\"async\" src=\"https:\/\/static.mavikadin.com\/images\/haberler\/23-01\/05\/yali_capkini_dizisinde_spoiler_derdi_ekibi_gerdi-5.jpg\" alt=\"\" title=\"\"><\/p>\n<p>Neden g&ouml;r&uuml;nt&uuml; al\u0131nmas\u0131n\u0131 istemedikleri konusundan bir&ccedil;ok iddia ortaya at\u0131l\u0131rken, en kuvvetli iddialardan biri de dizi yetkililerinin ge&ccedil;ti\u011fimiz haftalarda havaaln\u0131nda yap\u0131lan &ccedil;ekimi g&uuml;nler &ouml;ncesinden bas\u0131na s\u0131szmas\u0131ndan duydu\u011fu rahats\u0131zl\u0131k oldu\u011fu iddia edildi. Dizi hakk\u0131nda &ouml;nceden bas\u0131na s\u0131zan bilgi ak\u0131\u015f\u0131ndan rahats\u0131z olan ekibin b&ouml;yle bir &ouml;nlem almaya &ccedil;al\u0131\u015ft\u0131\u011f\u0131 iddia edildi.<\/p>\n<p><img decoding=\"async\" src=\"https:\/\/static.mavikadin.com\/images\/haberler\/23-01\/05\/yali_capkini_dizisinin_meshur_yalisinin_sahibi_belli_oldu-01.jpg\" alt=\"\" title=\"\"><\/p>\n<h3><strong>AFRA SARA&Ccedil;O\u011eLU K\u0130MD\u0130R?<\/strong><\/h3>\n<p>Afra Sara&ccedil;o\u011flu 2 Aral\u0131k 1997 y\u0131l\u0131nda Bal\u0131kesir&#8217;de do\u011fdu. T&uuml;rk dizi, sinema oyuncusu ve model.<\/p>\n<p><strong>Hayat\u0131<\/strong><\/p>\n<p>Sel&acirc;nik ve Girit k&ouml;kenli bir aileden gelen Afra Sara&ccedil;o\u011flu, 2 Aral\u0131k 1997&#8217;de Bal\u0131kesir&#8217;in Edremit il&ccedil;esinde do\u011fdu. \u0130lk&ouml;\u011fretim ve orta&ouml;\u011fretimini Antalya&rsquo;da tamamlad\u0131 ve Eski\u015fehir Osmangazi &Uuml;niversitesi Kar\u015f\u0131la\u015ft\u0131rmal\u0131 Edebiyat b&ouml;l&uuml;m&uuml;n&uuml; kazand\u0131. Bu b&ouml;l&uuml;m&uuml; okurken 2016 y\u0131l\u0131nda \u0130kinci \u015eans filmi ile oyunculu\u011fa ilk ad\u0131m\u0131n\u0131 att\u0131.<\/p>\n<p><strong>Kariyeri<\/strong><\/p>\n<p>Sara&ccedil;o\u011flu oyunculuk kariyerine 2016 y\u0131l\u0131nda \u0130kinci \u015eans filmi ile ba\u015flad\u0131. Bu rol&uuml; annesinin foto\u011fraf\u0131n\u0131 &Ouml;zcan Deniz&#8217;e g&ouml;nderip, rol i&ccedil;in deneme &ccedil;ekimine &ccedil;a\u011fr\u0131lmas\u0131yla ald\u0131. &Ouml;zcan Deniz ve Nurg&uuml;l Ye\u015fil&ccedil;ay&rsquo;\u0131n ba\u015frollerini payla\u015ft\u0131\u011f\u0131 filmde Afra, Ye\u015fil&ccedil;ay&rsquo;\u0131n k\u0131z\u0131n\u0131 oynad\u0131. K&ouml;t&uuml; &Ccedil;ocuk filminde Tolga Sar\u0131ta\u015f ile ba\u015frol&uuml; payla\u015ft\u0131. Bu deneyimin ard\u0131ndan 2017-2018 y\u0131llar\u0131 aras\u0131nda yay\u0131mlanan Fazilet Han\u0131m ve K\u0131zlar\u0131 adl\u0131 ilk dizisinde 50 b&ouml;l&uuml;m boyunca Ece karakterini canland\u0131rd\u0131. 2018 y\u0131l\u0131nda Hummel ve Pantene&#8217;in marka y&uuml;z&uuml; oldu.<\/p>\n<p>\u0130yi Oyun ve A\u015fk Bu Mu? filmleriyle kariyerine devam eden oyuncu, ard\u0131ndan kadrosunda Mehmet Aslantu\u011f&rsquo;un oldu\u011fu, 21 b&ouml;l&uuml;m s&uuml;ren Karde\u015f &Ccedil;ocuklar\u0131 dizisinde yer ald\u0131. 2020&rsquo;de &Ouml;\u011fretmen dizisinde yer ald\u0131.<\/p>\n<p>2021&rsquo;de &Ccedil;a\u011fan Irmak&rsquo;\u0131n y&ouml;netmenli\u011fini &uuml;stlendi\u011fi Ye\u015fil&ccedil;am&rsquo;da &Ccedil;a\u011fatay Ulusoy ile birlikte rol ald\u0131. 2021 y\u0131l\u0131nda Cornetto ve Koton markalar\u0131n\u0131n y&uuml;z&uuml; oldu. Ayn\u0131 y\u0131l, Nurg&uuml;l Ye\u015fil&ccedil;ay ile birlikte Bir Barda Bir Gece adl\u0131 tiyatro oyununda yer ald\u0131. G&uuml;n&uuml;m&uuml;zde ise, Star TV&#8217;de yay\u0131mlanan Yal\u0131 &Ccedil;apk\u0131n\u0131 adl\u0131 dizide Seyran \u015eanl\u0131 karakterini canland\u0131rmaktad\u0131r.<\/p>\n<p>&nbsp;<\/p>\n","protected":false},"excerpt":{"rendered":"<p>Y\u0131l\u0131n en iyi dizisi olarak giri\u015f yapan ve izlenme rekoru k\u0131ran Yal\u0131 \u00c7apk\u0131n\u0131 dizisinin oyuncular\u0131ndan Afra Sara\u00e7o\u011flu \u00f6nceki g\u00fcn sete giderken g\u00f6r\u00fcnt\u00fclendi. Gazetecilerin oyuncuyu \u00e7ekmesinden rahats\u0131z olan dizi ekibi, senaryonun anla\u015f\u0131laca\u011f\u0131 endi\u015fesiyle g\u00f6r\u00fcnt\u00fc al\u0131nmas\u0131na izin vermek istemeyince gergin anlar ya\u015fand\u0131. Yal\u0131 &Ccedil;apk\u0131n\u0131 dizisiyle y\u0131ld\u0131z\u0131 daha da parlayan 25 ya\u015f\u0131ndaki Afra Sara&ccedil;o\u011flu, 4 y\u0131ld\u0131r arkada\u015fl\u0131\u011f\u0131n\u0131n oldu\u011fu [&hellip;]<\/p>\n","protected":false},"author":2,"featured_media":52894,"comment_status":"closed","ping_status":"open","sticky":false,"template":"","format":"standard","meta":{"rank_math_lock_modified_date":false,"footnotes":""},"categories":[76],"tags":[2778,41277,2505],"class_list":["post-52895","post","type-post","status-publish","format-standard","has-post-thumbnail","hentry","category-magazin","tag-afra-saracoglu","tag-dizi-kostumleri","tag-yali-capkini"],"_links":{"self":[{"href":"https:\/\/www.tgrthaber.com\/mavikadin\/wp-json\/wp\/v2\/posts\/52895"}],"collection":[{"href":"https:\/\/www.tgrthaber.com\/mavikadin\/wp-json\/wp\/v2\/posts"}],"about":[{"href":"https:\/\/www.tgrthaber.com\/mavikadin\/wp-json\/wp\/v2\/types\/post"}],"author":[{"embeddable":true,"href":"https:\/\/www.tgrthaber.com\/mavikadin\/wp-json\/wp\/v2\/users\/2"}],"replies":[{"embeddable":true,"href":"https:\/\/www.tgrthaber.com\/mavikadin\/wp-json\/wp\/v2\/comments?post=52895"}],"version-history":[{"count":1,"href":"https:\/\/www.tgrthaber.com\/mavikadin\/wp-json\/wp\/v2\/posts\/52895\/revisions"}],"predecessor-version":[{"id":52896,"href":"https:\/\/www.tgrthaber.com\/mavikadin\/wp-json\/wp\/v2\/posts\/52895\/revisions\/52896"}],"wp:featuredmedia":[{"embeddable":true,"href":"https:\/\/www.tgrthaber.com\/mavikadin\/wp-json\/wp\/v2\/media\/52894"}],"wp:attachment":[{"href":"https:\/\/www.tgrthaber.com\/mavikadin\/wp-json\/wp\/v2\/media?parent=52895"}],"wp:term":[{"taxonomy":"category","embeddable":true,"href":"https:\/\/www.tgrthaber.com\/mavikadin\/wp-json\/wp\/v2\/categories?post=52895"},{"taxonomy":"post_tag","embeddable":true,"href":"https:\/\/www.tgrthaber.com\/mavikadin\/wp-json\/wp\/v2\/tags?post=52895"}],"curies":[{"name":"wp","href":"https:\/\/api.w.org\/{rel}","templated":true}]}}