{"id":52901,"date":"2023-01-05T20:16:30","date_gmt":"2023-01-05T17:16:30","guid":{"rendered":"https:\/\/new.mavikadin.com\/?p=52901"},"modified":"2024-09-16T14:36:06","modified_gmt":"2024-09-16T11:36:06","slug":"enis-arikanin-40-yas-kutlamasinda-unluler-gecidi-yasandi","status":"publish","type":"post","link":"https:\/\/www.tgrthaber.com\/mavikadin\/enis-arikanin-40-yas-kutlamasinda-unluler-gecidi-yasandi\/","title":{"rendered":"Enis Ar\u0131kan&#8217;\u0131n 40. ya\u015f kutlamas\u0131nda \u00fcnl\u00fcler ge\u00e7idi ya\u015fand\u0131"},"content":{"rendered":"<p>Oyuncu Enis Ar\u0131kan&#8217;a arkada\u015flar\u0131 do\u011fum g\u00fcn\u00fc partisi d\u00fczenledi. Camdaki K\u0131z ekibinin de haz\u0131r bulundu\u011fu organizasyonda \u00d6zge \u00d6zpirin\u00e7i, \u00c7a\u011fla \u015e\u0131kel, Berrak T\u00fcz\u00fcnata\u00e7, Ezgi Mola, Burcu Biricik ve Selma Erge\u00e7 gibi pek \u00e7ok isim boy g\u00f6sterdi.<\/p>\n<p>Oyuncu Enis Ar\u0131kan, 40 ya\u015f\u0131na girdi\u011fi do\u011fum g&uuml;n&uuml;n&uuml; arkada\u015flar\u0131n\u0131n haz\u0131rlad\u0131\u011f\u0131 s&uuml;rpriz bir organizasyonla kutlad\u0131. G&uuml;m&uuml;\u015fsuyu&#8217;ndaki bir otelde organize edilen partiye bir&ccedil;ok &uuml;nl&uuml; isim kat\u0131ld\u0131.&nbsp;<\/p>\n<p><img decoding=\"async\" src=\"https:\/\/static.mavikadin.com\/images\/haberler\/23-01\/05\/enis_arikan_in_dogum_gununde_unluler_gecidi_yasandi-5.jpg\" alt=\"\" title=\"\"><\/p>\n<h3><strong>&Uuml;NL&Uuml;LER GE&Ccedil;\u0130D\u0130<\/strong><\/h3>\n<p>Enis Ar\u0131kan&#8217;\u0131n arkada\u015flar\u0131, ya\u015f\u0131n\u0131 belli etmek istemeyen oyuncuya nazar boncuklu bir pasta yapt\u0131rd\u0131. &Ouml;zge &Ouml;zpirin&ccedil;i, &Ccedil;a\u011fla \u015e\u0131kel, Berrak T&uuml;z&uuml;nata&ccedil;, Ezgi Mola, Burcu Biricik, Nur S&uuml;rer ve Selma Erge&ccedil; gibi pek &ccedil;ok &uuml;nl&uuml;n&uuml;n kat\u0131ld\u0131\u011f\u0131 partide, e\u011flenceli dakikalar ya\u015fand\u0131.<\/p>\n<p><img decoding=\"async\" src=\"https:\/\/static.mavikadin.com\/images\/haberler\/23-01\/05\/enis_arikan_in_dogum_gununde_unluler_gecidi_yasandi-4.jpg\" alt=\"\" title=\"\"><\/p>\n<h3><strong>57 TAM ALTIN HED\u0130YES\u0130<\/strong><\/h3>\n<p>Ar\u0131kan&#8217;a 57 tane tam alt\u0131n olan bir ku\u015fak hediye edildi.&nbsp;Pastas\u0131n\u0131 kesmeden &ouml;nce alt\u0131nlar\u0131 \u0131s\u0131r\u0131p ger&ccedil;ek olup olmad\u0131\u011f\u0131n\u0131 kontrol eden oyuncu kahkaha att\u0131rd\u0131. Daha sonra; &#8221;Benim i&ccedil;in sevilmek &ccedil;ok &ouml;nemli. Beni sevdi\u011finiz i&ccedil;in size bin kere te\u015fekk&uuml;r ediyorum. Ben de sizleri &ccedil;ok seviyorum, iyi ki geldiniz&#8221; diyerek konuklar\u0131na te\u015fekk&uuml;r etti.<\/p>\n<p><img decoding=\"async\" src=\"https:\/\/static.mavikadin.com\/images\/haberler\/23-01\/05\/enis_arikan_in_dogum_gununde_unluler_gecidi_yasandi-7.jpg\" alt=\"\" title=\"\"><\/p>\n<h3><strong>&#8220;BEN\u0130 REZ\u0130L ETME &Uuml;ZER\u0130NE KURULU B\u0130R GECEYD\u0130&#8221;&nbsp;<\/strong><\/h3>\n<p>Parti &ccedil;\u0131k\u0131\u015f\u0131nda objektiflere yans\u0131yan Enis Ar\u0131kan gazetecilerin sorular\u0131n\u0131 yan\u0131tlad\u0131; &nbsp;&#8220;E\u011flendik, geyikler yapt\u0131k. Ben biraz ya\u015f\u0131m\u0131 sakl\u0131yordum o y&uuml;zden her yere k\u0131rklar basm\u0131\u015flar, k\u0131nalar basm\u0131\u015flar. Beni rezil etme &uuml;zerine kurulu bir geceydi&#8221; diyerek kahkahay\u0131 patlatt\u0131. <img decoding=\"async\" src=\"https:\/\/static.mavikadin.com\/images\/haberler\/23-01\/05\/enis_arikan_in_dogum_gununde_unluler_gecidi_yasandi-8.jpg\" alt=\"\" title=\"\"><\/p>\n<p>S&uuml;rekli telefonu &ccedil;alan Ar\u0131kan; &nbsp;&#8220;&Ccedil;ok s\u0131k &ccedil;ald\u0131 do\u011fum g&uuml;n&uuml;m diye &ouml;z&uuml;r dilerim. Kolay gelsin, iyi geceler&#8221; diyerek arabas\u0131na do\u011fru ilerledi.<\/p>\n<p>&nbsp;<\/p>\n<h3><strong>&#8220;EN\u0130S \u0130Y\u0130 K\u0130 VAR&#8221;<\/strong><\/h3>\n<p>Burcu Biricik ve Selma Erge&ccedil; de &#8220;Enis&#8217;i &ccedil;ok seviyoruz. \u0130yi ki var. Her ya\u015f\u0131nda daha da mutlu olsun&#8221; a&ccedil;\u0131klamalar\u0131nda bulundu.&nbsp;<\/p>\n<p><img decoding=\"async\" src=\"https:\/\/static.mavikadin.com\/images\/haberler\/23-01\/05\/enis_arikan_in_dogum_gununde_unluler_gecidi_yasandi-9.jpg\" alt=\"\" title=\"\"><\/p>\n<h3><strong>&#8220;EN\u0130S&#8217;E NAZAR DE\u011eMES\u0130N&#8221;<\/strong><\/h3>\n<p>Bu yaz Ala&ccedil;at\u0131&#8217;da arkada\u015fl\u0131klar\u0131n\u0131 ilerleten &Ccedil;a\u011fla \u015e\u0131kel de Enis Ar\u0131kan&#8217;\u0131n do\u011fum g&uuml;n&uuml;ndeydi. Yak\u0131n arkada\u015f olan ikiliden \u015e\u0131kel Ar\u0131kan&#8217;\u0131n do\u011fum g&uuml;n&uuml; i&ccedil;in \u015funlar\u0131 s&ouml;yledi; &nbsp;&#8220;Ona nazar de\u011fmesin. Hep mutlu olsun. Birlikte harika bir gece ge&ccedil;irdik&#8221;&nbsp;<\/p>\n<p><img decoding=\"async\" src=\"https:\/\/static.mavikadin.com\/images\/haberler\/23-01\/05\/enis_arikan_in_dogum_gununde_unluler_gecidi_yasandi-10.jpg\" alt=\"\" title=\"\"><\/p>\n<p>&Ouml;zge &Ouml;zpirin&ccedil;ci de &#8220;G&uuml;zel bir do\u011fum g&uuml;n&uuml; oldu. Enis 40 ya\u015f\u0131na bast\u0131. Do\u011fum g&uuml;n&uuml; pastas\u0131 kocaman bir nazar boncu\u011fuydu&#8221; ifadelerine imza att\u0131.<\/p>\n<p><img decoding=\"async\" src=\"https:\/\/static.mavikadin.com\/images\/haberler\/23-01\/05\/enis_arikan_in_dogum_gununde_unluler_gecidi_yasandi-11.jpg\" alt=\"\" title=\"\"><\/p>\n<h3><strong>&#8220;EN\u0130S&#8217;\u0130M MUTLU OLSUN&#8221;<\/strong><\/h3>\n<p>Mekan &ccedil;\u0131k\u0131\u015f\u0131 olduk&ccedil;a ne\u015feli oldu\u011fu g&ouml;r&uuml;len Enis Ar\u0131kan&#8217;\u0131n en yak\u0131n arkada\u015flar\u0131ndan biri Ezgi Mola ise \u015funlar\u0131 s&ouml;yledi; &#8220;G&uuml;zel bir geceydi. Enis&#8217;im mutlu olsun, g&uuml;ls&uuml;n, e\u011flensin&#8221; dedi. Mola, yeni y\u0131l i&ccedil;in ise &#8221;G&uuml;zel bir y\u0131l olsun herkes evine huzurlu gitsin&#8221;<\/p>\n","protected":false},"excerpt":{"rendered":"<p>Oyuncu Enis Ar\u0131kan&#8217;a arkada\u015flar\u0131 do\u011fum g\u00fcn\u00fc partisi d\u00fczenledi. Camdaki K\u0131z ekibinin de haz\u0131r bulundu\u011fu organizasyonda \u00d6zge \u00d6zpirin\u00e7i, \u00c7a\u011fla \u015e\u0131kel, Berrak T\u00fcz\u00fcnata\u00e7, Ezgi Mola, Burcu Biricik ve Selma Erge\u00e7 gibi pek \u00e7ok isim boy g\u00f6sterdi. Oyuncu Enis Ar\u0131kan, 40 ya\u015f\u0131na girdi\u011fi do\u011fum g&uuml;n&uuml;n&uuml; arkada\u015flar\u0131n\u0131n haz\u0131rlad\u0131\u011f\u0131 s&uuml;rpriz bir organizasyonla kutlad\u0131. G&uuml;m&uuml;\u015fsuyu&#8217;ndaki bir otelde organize edilen partiye bir&ccedil;ok [&hellip;]<\/p>\n","protected":false},"author":2,"featured_media":52900,"comment_status":"closed","ping_status":"open","sticky":false,"template":"","format":"standard","meta":{"rank_math_lock_modified_date":false,"footnotes":""},"categories":[76],"tags":[26465,2837,14082,41283,6037],"class_list":["post-52901","post","type-post","status-publish","format-standard","has-post-thumbnail","hentry","category-magazin","tag-camdaki-kiz","tag-dogum-gunu","tag-enis-arikan","tag-parti","tag-unluler"],"_links":{"self":[{"href":"https:\/\/www.tgrthaber.com\/mavikadin\/wp-json\/wp\/v2\/posts\/52901"}],"collection":[{"href":"https:\/\/www.tgrthaber.com\/mavikadin\/wp-json\/wp\/v2\/posts"}],"about":[{"href":"https:\/\/www.tgrthaber.com\/mavikadin\/wp-json\/wp\/v2\/types\/post"}],"author":[{"embeddable":true,"href":"https:\/\/www.tgrthaber.com\/mavikadin\/wp-json\/wp\/v2\/users\/2"}],"replies":[{"embeddable":true,"href":"https:\/\/www.tgrthaber.com\/mavikadin\/wp-json\/wp\/v2\/comments?post=52901"}],"version-history":[{"count":1,"href":"https:\/\/www.tgrthaber.com\/mavikadin\/wp-json\/wp\/v2\/posts\/52901\/revisions"}],"predecessor-version":[{"id":52902,"href":"https:\/\/www.tgrthaber.com\/mavikadin\/wp-json\/wp\/v2\/posts\/52901\/revisions\/52902"}],"wp:featuredmedia":[{"embeddable":true,"href":"https:\/\/www.tgrthaber.com\/mavikadin\/wp-json\/wp\/v2\/media\/52900"}],"wp:attachment":[{"href":"https:\/\/www.tgrthaber.com\/mavikadin\/wp-json\/wp\/v2\/media?parent=52901"}],"wp:term":[{"taxonomy":"category","embeddable":true,"href":"https:\/\/www.tgrthaber.com\/mavikadin\/wp-json\/wp\/v2\/categories?post=52901"},{"taxonomy":"post_tag","embeddable":true,"href":"https:\/\/www.tgrthaber.com\/mavikadin\/wp-json\/wp\/v2\/tags?post=52901"}],"curies":[{"name":"wp","href":"https:\/\/api.w.org\/{rel}","templated":true}]}}