{"id":52904,"date":"2023-01-05T21:15:09","date_gmt":"2023-01-05T18:15:09","guid":{"rendered":"https:\/\/new.mavikadin.com\/?p=52904"},"modified":"2024-09-16T14:36:11","modified_gmt":"2024-09-16T11:36:11","slug":"asli-enver-doga-yuruyusunde-hayranlarina-yakalandi","status":"publish","type":"post","link":"https:\/\/www.tgrthaber.com\/mavikadin\/asli-enver-doga-yuruyusunde-hayranlarina-yakalandi\/","title":{"rendered":"Asl\u0131 Enver, do\u011fa y\u00fcr\u00fcy\u00fc\u015f\u00fcnde hayranlar\u0131na yakaland\u0131"},"content":{"rendered":"<p>Ge\u00e7ti\u011fimiz haftalarda bebek haberiyle g\u00fcndeme oturan Asl\u0131 Enver, e\u015fi Berkin G\u00f6kbudak ile do\u011fa y\u00fcr\u00fcy\u00fc\u015f\u00fcne \u00e7\u0131kt\u0131klar\u0131 s\u0131rada hayranlar\u0131yla kar\u015f\u0131la\u015f\u0131p foto\u011fraf \u00e7ektirdi.<\/p>\n<p>2 ayl\u0131k hamile Asl\u0131 Enver, e\u015fi Berkin G&ouml;kbudak ile y&uuml;r&uuml;y&uuml;\u015fe &ccedil;\u0131kt\u0131. Evliliklerini g&ouml;zlerden uzak ya\u015famaya &ccedil;al\u0131\u015fan &ccedil;ift, kameralardan ka&ccedil;amad\u0131.<\/p>\n<h3><strong>MUTLULU\u011eU BERK\u0130N G&Ouml;KBUDAK&#8217;TA BULDU<\/strong><\/h3>\n<p>Uzun bir d&ouml;nem arkada\u015fl\u0131klar\u0131 olan Murat Boz ile evlenmeleri beklenirken bir anda ayr\u0131lan Asl\u0131 Enver, yeniden denemi\u015f ancak bu arkada\u015fl\u0131k yeniden h&uuml;sranla sonu&ccedil;lanm\u0131\u015ft\u0131.<\/p>\n<p><img decoding=\"async\" src=\"https:\/\/static.mavikadin.com\/images\/haberler\/23-01\/05\/asli_enver_hamile-6.jpg\" alt=\"\" title=\"\"><\/p>\n<p>Aylar &ouml;nce i\u015f insan\u0131 Berkin G&ouml;kbudak ile tan\u0131\u015fan Asl\u0131 Enver sade bir d&uuml;\u011f&uuml;nle d&uuml;nya evine girdi.&nbsp;<\/p>\n<h3><strong>Y&Uuml;R&Uuml;Y&Uuml;\u015eTE G&Ouml;R&Uuml;NT&Uuml;LEND\u0130LER<\/strong><\/h3>\n<p>Asl\u0131 Enver ve Berkin G&ouml;kbudak &ccedil;ifti, bir sosyal medya kullan\u0131c\u0131s\u0131n\u0131n payla\u015ft\u0131\u011f\u0131 foto\u011frafla g&uuml;ndeme geldi. Y&uuml;r&uuml;y&uuml;\u015fe &ccedil;\u0131kan kar\u0131 koca hayranlar\u0131yla kar\u015f\u0131la\u015f\u0131nca onlar\u0131 k\u0131rmad\u0131. G&uuml;l&uuml;c&uuml;kler sa&ccedil;arak poz veren Asl\u0131 Enver ve e\u015fi Berkin G&ouml;kbudak&#8217;\u0131n bir hayli ne\u015feli olduklar\u0131 g&ouml;r&uuml;ld&uuml;.&nbsp;<\/p>\n<p><img decoding=\"async\" src=\"https:\/\/static.mavikadin.com\/images\/haberler\/23-01\/05\/asli_enver_doga_yuruyusunde_hayranlarina_yakalandi-3-1672943377.jpg\" alt=\"\" title=\"\"><\/p>\n<p>#haber#<\/p>\n<h3><strong>ASLI ENVER K\u0130MD\u0130R?<\/strong><\/h3>\n<p>Asl\u0131ay Enver 10 May\u0131s 1984 tarihinde Londra&#8217;da do\u011fdu. T&uuml;rk oyuncu.<\/p>\n<p><strong>Kariyeri<\/strong><\/p>\n<p>K\u0131br\u0131s T&uuml;rk&uuml; bir baba ile, e\u011fitim i&ccedil;in T&uuml;rkiye&#8217;den Londra&#8217;ya giden bir annenin ikinci &ccedil;ocu\u011fu olarak Londra&#8217;da d&uuml;nyaya gelmi\u015ftir. 12 ya\u015f\u0131na dek Londra&#8217;da ya\u015fayan Asl\u0131 Enver daha sonra ailesiyle T&uuml;rkiye&#8217;ye ta\u015f\u0131nm\u0131\u015ft\u0131r. Tiyatroya &uuml;lke de\u011fi\u015fimi nedeniyle bocalama ge&ccedil;irdi\u011fi d&ouml;nemde annesinin y&ouml;nlendirmesiyle M&uuml;jdat Gezen Sanat Merkezi&#8217;nde ba\u015flad\u0131\u011f\u0131n\u0131 belirtmi\u015ftir. 2005 y\u0131l\u0131nda T&uuml;rk&uuml; Turan ve Hazal Kaya ile beraber Molped reklam\u0131nda oynam\u0131\u015ft\u0131r. Pera G&uuml;zel Sanatlar Lisesi&#8217;nden ve Hali&ccedil; &Uuml;niversitesi&#8217;nin Tiyatro B&ouml;l&uuml;m&uuml;nden mezun olmu\u015ftur. Kariyerinin ba\u015f\u0131nda TRT 1&#8217;de yay\u0131nlanan bir sit-com&#8217;da iki dakikal\u0131k bir rol alm\u0131\u015f ard\u0131ndan Ayna adl\u0131 k\u0131sa filmde oynam\u0131\u015ft\u0131r. 2007-2011 y\u0131llar\u0131 aras\u0131nda Kanal D&#8217;de yay\u0131nlanan Kavak Yelleri adl\u0131 gen&ccedil;lik dizisinde Mine Ergun karakterini canland\u0131rm\u0131\u015ft\u0131r. Daha &ouml;nce Hayat Bilgisi adl\u0131 dizide de rol alan Enver, Suskunlar dizisinde Ahu karakterini canland\u0131rm\u0131\u015ft\u0131r. Ard\u0131ndan D Productions&#8217;\u0131n Kanal D 2013-2014 sezonu i&ccedil;in haz\u0131rlad\u0131\u011f\u0131 Kay\u0131p dizisinde &Ouml;zlem Albayrak karakterine hayat vermi\u015ftir. Ard\u0131ndan Bana Art\u0131k Hicran De dizisinde ba\u015frol oynam\u0131\u015ft\u0131r. 2015 y\u0131l\u0131nda Mutlu Ol Yeter dizisinde ba\u015frol oynam\u0131\u015ft\u0131r. 2015 y\u0131l\u0131ndan bu yana Dolunay Soysert&#8217;le oynad\u0131\u011f\u0131 Personel oyununda Emma&#8217;y\u0131 canland\u0131rmaktad\u0131r. 2016&#8217;da vizyona giren Karde\u015fim Benim adl\u0131 filmde Zeynep karakterini oynayan Enver, \u015eubat 2016&#8217;da yay\u0131nlanmaya ba\u015flayan K\u0131\u015f G&uuml;ne\u015fi isimli dizide Nisan karakteriyle yer alm\u0131\u015ft\u0131r. Ayr\u0131ca O Ses T&uuml;rkiye Y\u0131lba\u015f\u0131 &Ouml;zel 2016&#8217;da Demet Sa\u011f\u0131ro\u011flu&#8217;nun Arnavut Kald\u0131r\u0131m\u0131 isimli \u015fark\u0131s\u0131n\u0131 seslendirmi\u015ftir. \u0130stanbullu Gelin adl\u0131 diziyle ekranlarda g&ouml;rd&uuml;\u011f&uuml;m&uuml;z Enver, &Ouml;zcan Deniz ile birlikte ba\u015frol&uuml; payla\u015fm\u0131\u015ft\u0131r. 2020&#8217;de Star TV&#8217;de yay\u0131mlanan Babil dizisinde Nihal(Ay\u015fe Karaali) karakterine hayat vermi\u015ftir.<\/p>\n","protected":false},"excerpt":{"rendered":"<p>Ge\u00e7ti\u011fimiz haftalarda bebek haberiyle g\u00fcndeme oturan Asl\u0131 Enver, e\u015fi Berkin G\u00f6kbudak ile do\u011fa y\u00fcr\u00fcy\u00fc\u015f\u00fcne \u00e7\u0131kt\u0131klar\u0131 s\u0131rada hayranlar\u0131yla kar\u015f\u0131la\u015f\u0131p foto\u011fraf \u00e7ektirdi. 2 ayl\u0131k hamile Asl\u0131 Enver, e\u015fi Berkin G&ouml;kbudak ile y&uuml;r&uuml;y&uuml;\u015fe &ccedil;\u0131kt\u0131. Evliliklerini g&ouml;zlerden uzak ya\u015famaya &ccedil;al\u0131\u015fan &ccedil;ift, kameralardan ka&ccedil;amad\u0131. MUTLULU\u011eU BERK\u0130N G&Ouml;KBUDAK&#8217;TA BULDU Uzun bir d&ouml;nem arkada\u015fl\u0131klar\u0131 olan Murat Boz ile evlenmeleri beklenirken bir anda [&hellip;]<\/p>\n","protected":false},"author":2,"featured_media":52903,"comment_status":"closed","ping_status":"open","sticky":false,"template":"","format":"standard","meta":{"rank_math_lock_modified_date":false,"footnotes":""},"categories":[76],"tags":[2984,40081,26118,31496,38123],"class_list":["post-52904","post","type-post","status-publish","format-standard","has-post-thumbnail","hentry","category-magazin","tag-asli-enver","tag-bebek-haberi","tag-berkin-gokbudak","tag-doga-yuruyusu","tag-unlu-haberleri"],"_links":{"self":[{"href":"https:\/\/www.tgrthaber.com\/mavikadin\/wp-json\/wp\/v2\/posts\/52904"}],"collection":[{"href":"https:\/\/www.tgrthaber.com\/mavikadin\/wp-json\/wp\/v2\/posts"}],"about":[{"href":"https:\/\/www.tgrthaber.com\/mavikadin\/wp-json\/wp\/v2\/types\/post"}],"author":[{"embeddable":true,"href":"https:\/\/www.tgrthaber.com\/mavikadin\/wp-json\/wp\/v2\/users\/2"}],"replies":[{"embeddable":true,"href":"https:\/\/www.tgrthaber.com\/mavikadin\/wp-json\/wp\/v2\/comments?post=52904"}],"version-history":[{"count":1,"href":"https:\/\/www.tgrthaber.com\/mavikadin\/wp-json\/wp\/v2\/posts\/52904\/revisions"}],"predecessor-version":[{"id":52905,"href":"https:\/\/www.tgrthaber.com\/mavikadin\/wp-json\/wp\/v2\/posts\/52904\/revisions\/52905"}],"wp:featuredmedia":[{"embeddable":true,"href":"https:\/\/www.tgrthaber.com\/mavikadin\/wp-json\/wp\/v2\/media\/52903"}],"wp:attachment":[{"href":"https:\/\/www.tgrthaber.com\/mavikadin\/wp-json\/wp\/v2\/media?parent=52904"}],"wp:term":[{"taxonomy":"category","embeddable":true,"href":"https:\/\/www.tgrthaber.com\/mavikadin\/wp-json\/wp\/v2\/categories?post=52904"},{"taxonomy":"post_tag","embeddable":true,"href":"https:\/\/www.tgrthaber.com\/mavikadin\/wp-json\/wp\/v2\/tags?post=52904"}],"curies":[{"name":"wp","href":"https:\/\/api.w.org\/{rel}","templated":true}]}}