{"id":53108,"date":"2023-01-10T18:02:31","date_gmt":"2023-01-10T15:02:31","guid":{"rendered":"https:\/\/new.mavikadin.com\/?p=53108"},"modified":"2024-09-16T14:43:01","modified_gmt":"2024-09-16T11:43:01","slug":"serenay-sarikaya-kosar-adimlarla-aile-cekimlerine-gitti","status":"publish","type":"post","link":"https:\/\/www.tgrthaber.com\/mavikadin\/serenay-sarikaya-kosar-adimlarla-aile-cekimlerine-gitti\/","title":{"rendered":"Serenay Sar\u0131kaya, ko\u015far ad\u0131mlarla Aile \u00e7ekimlerine gitti"},"content":{"rendered":"<p>K\u0131van\u00e7 Tatl\u0131tu\u011f ile \u015fimdiden g\u00fcndem olan &#8216;Aile&#8217; isimli yeni bir diziye ba\u015flayan Serenay Sar\u0131kaya, Taksim&#8217;de kameralara yans\u0131d\u0131. \u00dcnl\u00fc oyuncu sohbeti k\u0131sa kesip dizi \u00e7ekimlerine yeti\u015fti.<\/p>\n<p>Serenay Sar\u0131kaya, K\u0131van&ccedil; Tatl\u0131tu\u011f ile ba\u015frollerini payla\u015ft\u0131\u011f\u0131 yeni projesi Aile&#8217;nin &ccedil;ekimlerinin aras\u0131nda Taksim&#8217;de g&ouml;r&uuml;nt&uuml;lendi. Burada gazetecilerin sorular\u0131n\u0131 yan\u0131tlayan &uuml;nl&uuml; isim, &ccedil;ekimlerden haber vererek h\u0131zl\u0131 ad\u0131mlarla oradan ayr\u0131ld\u0131.<\/p>\n<h3><strong>&#8220;&Ccedil;EK\u0130MLERE BA\u015eLADIK&#8221;<\/strong><\/h3>\n<p>Aile dizisinin afi\u015f i&ccedil;in foto\u011fraf &ccedil;ekimini kat\u0131lan Serenay Sar\u0131kaya, gazetecilere; &#8220;Ge&ccedil; kald\u0131m&#8221; \u015feklinde konu\u015ftu. Gazetecilerin yeni y\u0131l\u0131n\u0131 da ayak&uuml;st&uuml; kutlayan Serenay Sar\u0131kaya, &#8220;&Ccedil;ekimlere ba\u015flad\u0131k, her \u015fey yolunda&#8221; dedi.<\/p>\n<p><img decoding=\"async\" src=\"https:\/\/static.mavikadin.com\/images\/haberler\/23-01\/10\/serenay_sarikaya_kosarak_aile_cekimlerine_gitti-3.jpg\" alt=\"\" title=\"\"><\/p>\n<h3><strong>&Ouml;ZGE &Ouml;ZP\u0130R\u0130N&Ccedil;C\u0130 YER\u0130NE SERENAY SARIKAYA SE&Ccedil;\u0130LM\u0130\u015eT\u0130<\/strong><\/h3>\n<p>Di\u011fer taraftan Aile dizisinin ba\u015frol&uuml; i&ccedil;in &ouml;nce K\u0131van&ccedil; Tatl\u0131tu\u011f ile anla\u015f\u0131ld\u0131 ve yan\u0131na partner olarak Tatl\u0131tu\u011f&#8217;un ailecek de g&ouml;r&uuml;\u015ft&uuml;\u011f&uuml; &Ouml;zge &Ouml;zpirin&ccedil;ci ile g&ouml;r&uuml;\u015f&uuml;ld&uuml; ancak gelen haberler K\u0131van&ccedil; Tatl\u0131tu\u011f ile ba\u015frol&uuml; payla\u015facak ki\u015fi olarak Serenay Sar\u0131kaya&#8217;n\u0131n daha uygun olaca\u011f\u0131na karar verilmesi y&ouml;n&uuml;nde oldu. Bunun &uuml;zerine &Ouml;zge &Ouml;zpirin&ccedil;ci ile g&ouml;r&uuml;\u015fen ekip &Ouml;zpirin&ccedil;ci&#8217;den vagze&ccedil;ti ve Serenay Sar\u0131kaya ile anla\u015ft\u0131.&nbsp;<\/p>\n<p>Bu haber duyuldu\u011funda ise g&uuml;ndem oldu. &Ouml;zge &Ouml;zpirin&ccedil;ci&#8217;yi g&ouml;ren bas\u0131n mensuplar\u0131 bu haberi sordu ancak &uuml;nl&uuml; isim ba\u015fta konu\u015fmasa da daha sonra k\u0131sa bir a&ccedil;\u0131klama yaparak b&ouml;yle durumlar\u0131n olabilece\u011fini ve herkesin bir&ccedil;ok proje i&ccedil;in g&ouml;r&uuml;\u015fme yapt\u0131\u011f\u0131n\u0131 hat\u0131rlatt\u0131.<\/p>\n","protected":false},"excerpt":{"rendered":"<p>K\u0131van\u00e7 Tatl\u0131tu\u011f ile \u015fimdiden g\u00fcndem olan &#8216;Aile&#8217; isimli yeni bir diziye ba\u015flayan Serenay Sar\u0131kaya, Taksim&#8217;de kameralara yans\u0131d\u0131. \u00dcnl\u00fc oyuncu sohbeti k\u0131sa kesip dizi \u00e7ekimlerine yeti\u015fti. Serenay Sar\u0131kaya, K\u0131van&ccedil; Tatl\u0131tu\u011f ile ba\u015frollerini payla\u015ft\u0131\u011f\u0131 yeni projesi Aile&#8217;nin &ccedil;ekimlerinin aras\u0131nda Taksim&#8217;de g&ouml;r&uuml;nt&uuml;lendi. Burada gazetecilerin sorular\u0131n\u0131 yan\u0131tlayan &uuml;nl&uuml; isim, &ccedil;ekimlerden haber vererek h\u0131zl\u0131 ad\u0131mlarla oradan ayr\u0131ld\u0131. &#8220;&Ccedil;EK\u0130MLERE BA\u015eLADIK&#8221; Aile [&hellip;]<\/p>\n","protected":false},"author":2,"featured_media":53107,"comment_status":"closed","ping_status":"open","sticky":false,"template":"","format":"standard","meta":{"rank_math_lock_modified_date":false,"footnotes":""},"categories":[76],"tags":[40209,40218,2498,2688,40955],"class_list":["post-53108","post","type-post","status-publish","format-standard","has-post-thumbnail","hentry","category-magazin","tag-aile-dizisi","tag-dizi-cekimleri","tag-kivanc-tatlitug","tag-serenay-sarikaya","tag-yeni-proje"],"_links":{"self":[{"href":"https:\/\/www.tgrthaber.com\/mavikadin\/wp-json\/wp\/v2\/posts\/53108"}],"collection":[{"href":"https:\/\/www.tgrthaber.com\/mavikadin\/wp-json\/wp\/v2\/posts"}],"about":[{"href":"https:\/\/www.tgrthaber.com\/mavikadin\/wp-json\/wp\/v2\/types\/post"}],"author":[{"embeddable":true,"href":"https:\/\/www.tgrthaber.com\/mavikadin\/wp-json\/wp\/v2\/users\/2"}],"replies":[{"embeddable":true,"href":"https:\/\/www.tgrthaber.com\/mavikadin\/wp-json\/wp\/v2\/comments?post=53108"}],"version-history":[{"count":1,"href":"https:\/\/www.tgrthaber.com\/mavikadin\/wp-json\/wp\/v2\/posts\/53108\/revisions"}],"predecessor-version":[{"id":53109,"href":"https:\/\/www.tgrthaber.com\/mavikadin\/wp-json\/wp\/v2\/posts\/53108\/revisions\/53109"}],"wp:featuredmedia":[{"embeddable":true,"href":"https:\/\/www.tgrthaber.com\/mavikadin\/wp-json\/wp\/v2\/media\/53107"}],"wp:attachment":[{"href":"https:\/\/www.tgrthaber.com\/mavikadin\/wp-json\/wp\/v2\/media?parent=53108"}],"wp:term":[{"taxonomy":"category","embeddable":true,"href":"https:\/\/www.tgrthaber.com\/mavikadin\/wp-json\/wp\/v2\/categories?post=53108"},{"taxonomy":"post_tag","embeddable":true,"href":"https:\/\/www.tgrthaber.com\/mavikadin\/wp-json\/wp\/v2\/tags?post=53108"}],"curies":[{"name":"wp","href":"https:\/\/api.w.org\/{rel}","templated":true}]}}