{"id":53318,"date":"2023-01-15T10:16:01","date_gmt":"2023-01-15T07:16:01","guid":{"rendered":"https:\/\/new.mavikadin.com\/?p=53318"},"modified":"2024-09-16T14:50:29","modified_gmt":"2024-09-16T11:50:29","slug":"oyuncu-aysegul-gunayin-21-yillik-evliligi-tek-celsede-bitti","status":"publish","type":"post","link":"https:\/\/www.tgrthaber.com\/mavikadin\/oyuncu-aysegul-gunayin-21-yillik-evliligi-tek-celsede-bitti\/","title":{"rendered":"Oyuncu Ay\u015feg\u00fcl G\u00fcnay&#8217;\u0131n 21 y\u0131ll\u0131k evlili\u011fi tek celsede bitti!"},"content":{"rendered":"<p>&#8216;Lale Devri&#8217;, &#8216;Kurulu\u015f Osman&#8217; gibi ba\u015far\u0131l\u0131 yap\u0131mlarda rol alarak haf\u0131zalara kaz\u0131nan oyuncu Ay\u015feg\u00fcl G\u00fcnay, 21 y\u0131ll\u0131k e\u015finden bo\u015fand\u0131.<\/p>\n<p>&#8216;Lale Devri&#8217;, &#8216;Yer G&ouml;k A\u015fk&#8217;, &#8216;Kurulu\u015f Osman&#8217; ve &#8216;Hercai&#8217; gibi pek &ccedil;ok ba\u015far\u0131l\u0131 yap\u0131mda rol alan 53 ya\u015f\u0131ndaki oyuncu Ay\u015feg&uuml;l G&uuml;nay, iddialara g&ouml;re 2002 y\u0131l\u0131nda evlendi\u011fi Ali Sinan Demir&#8217;le fikir uyu\u015fmazl\u0131\u011f\u0131 ya\u015famaya ba\u015flay\u0131nca yollar\u0131n\u0131 ay\u0131rd\u0131.<\/p>\n<h3><strong>\u0130K\u0130 &Ccedil;OCUKLARI VAR<\/strong><\/h3>\n<p>18 ya\u015f\u0131n\u0131 a\u015fan iki o\u011flu bulunan &ccedil;ift, ya\u015fad\u0131klar\u0131 sorunlar\u0131n &uuml;zerine bo\u015fanma karar\u0131 alarak \u0130stanbul Aile Mahkemesi&rsquo;ne ba\u015fvurdu. Oyuncu, mahkemeye sundu\u011fu dilek&ccedil;esinde e\u015fiyle fikren ve ruhen anla\u015famad\u0131klar\u0131n\u0131 belirtti.<\/p>\n<p><img decoding=\"async\" src=\"https:\/\/static.mavikadin.com\/images\/haberler\/23-01\/15\/aysegul_gunay_in_21_yillik_evliligi_tek_celsede_bitti-1.jpg\" alt=\"\" title=\"\"><\/p>\n<h3><strong>BO\u015eANMAYA B\u0130RL\u0130KTE GELD\u0130<\/strong><\/h3>\n<p>\u0130stanbul Aile Mahkemesi&rsquo;nde g&ouml;r&uuml;len bo\u015fanma davas\u0131na Ay\u015feg&uuml;l G&uuml;nay ile Ali Sinan Demir birlikte geldi. Yakla\u015f\u0131k 5 dakika s&uuml;ren duru\u015fma sonucu mahkeme, &ccedil;iftin bo\u015fanmas\u0131na karar verdi. Protokol gere\u011fi taraflar, birbirinden tazminat, nafaka veya mal rejimine dayal\u0131 herhangi bir alacak talebinde bulunmad\u0131.&nbsp;<\/p>\n<p><img decoding=\"async\" src=\"https:\/\/static.mavikadin.com\/images\/haberler\/23-01\/15\/aysegul_gunay_in_21_yillik_evliligi_tek_celsede_bitti-5.jpg\" alt=\"\" title=\"\"><\/p>\n<h3><strong>AY\u015eEG&Uuml;L G&Uuml;NAY K\u0130MD\u0130R?<\/strong><\/h3>\n<p>Ay\u015feg&uuml;l G&uuml;nay 9 Kas\u0131m 1969 y\u0131l\u0131nda Eski\u015fehir&#8217;de do\u011fdu. T&uuml;rk oyuncudur. Anadolu &Uuml;niversitesi Devlet Konservatuvar\u0131 Tiyatro B&ouml;l&uuml;m&uuml;nden mezun olmu\u015ftur. Bug&uuml;ne kadar bir&ccedil;ok sinema filmi ve televizyon dizisinde rol alm\u0131\u015ft\u0131r.<\/p>\n<p><strong>Filmografi<\/strong><\/p>\n<p>Kaybolan Y\u0131llar &#8211; (2006) &#8211; Niran<br \/>E\u015fref Saati &#8211; (2008)<br \/>Derman &#8211; (2008)<br \/>K&uuml;&ccedil;&uuml;k Kad\u0131nlar &#8211; (2009) &#8211; Eda<br \/>Osmanl\u0131 Cumhuriyeti &#8211; (2008) &#8211; Hayat Kad\u0131n\u0131<br \/>Aile Saadeti &#8211; (2009) &#8211; Lamia<br \/>Avatar &#8211; (2009) &#8211; T&uuml;rk&ccedil;e Seslendirme<br \/>Lale Devri &#8211; (2010) &#8211; Sultan<br \/>Yer G&ouml;k A\u015fk &#8211; (2010-2012) &#8211; Sultan<br \/>S&uuml;mela&#8217;n\u0131n \u015eifresi: Temel &#8211; (2011) &#8211; \u015eehriye S&ouml;zer<br \/>Moskova&#8217;n\u0131n \u015eifresi: Temel &#8211; (2012) &#8211; \u015eehriye S&ouml;zer<br \/>Asla Vazge&ccedil;mem &#8211; (2015) &#8211; Ayt&uuml;l<br \/>S&uuml;mela&#8217;n\u0131n \u015eifresi 3: C&uuml;nyor Temel &#8211; (2017) &#8211; \u015eehriye S&ouml;zer<br \/>Kurulu\u015f Osman &#8211; (2019-2020) &#8211; Z&ouml;hre Hatun<br \/>\u015euursuz A\u015fk &#8211; (2019) &#8211; Refiye<br \/>Hercai &#8211; (2020-2021) &#8211; F&uuml;sun Aslanbey<br \/>Bir \u015eans\u0131m Olsa &#8211; (2021-2022) &#8211; Kendisi (Sunucu)<br \/>M&uuml;kemmel E\u015fle\u015fme &#8211; (2022) &#8211; Fadime<\/p>\n","protected":false},"excerpt":{"rendered":"<p>&#8216;Lale Devri&#8217;, &#8216;Kurulu\u015f Osman&#8217; gibi ba\u015far\u0131l\u0131 yap\u0131mlarda rol alarak haf\u0131zalara kaz\u0131nan oyuncu Ay\u015feg\u00fcl G\u00fcnay, 21 y\u0131ll\u0131k e\u015finden bo\u015fand\u0131. &#8216;Lale Devri&#8217;, &#8216;Yer G&ouml;k A\u015fk&#8217;, &#8216;Kurulu\u015f Osman&#8217; ve &#8216;Hercai&#8217; gibi pek &ccedil;ok ba\u015far\u0131l\u0131 yap\u0131mda rol alan 53 ya\u015f\u0131ndaki oyuncu Ay\u015feg&uuml;l G&uuml;nay, iddialara g&ouml;re 2002 y\u0131l\u0131nda evlendi\u011fi Ali Sinan Demir&#8217;le fikir uyu\u015fmazl\u0131\u011f\u0131 ya\u015famaya ba\u015flay\u0131nca yollar\u0131n\u0131 ay\u0131rd\u0131. \u0130K\u0130 &Ccedil;OCUKLARI [&hellip;]<\/p>\n","protected":false},"author":2,"featured_media":53317,"comment_status":"closed","ping_status":"open","sticky":false,"template":"","format":"standard","meta":{"rank_math_lock_modified_date":false,"footnotes":""},"categories":[76],"tags":[13880,154,1455,7370],"class_list":["post-53318","post","type-post","status-publish","format-standard","has-post-thumbnail","hentry","category-magazin","tag-aysegul-gunay","tag-bosanma","tag-gunay","tag-oyuncu"],"_links":{"self":[{"href":"https:\/\/www.tgrthaber.com\/mavikadin\/wp-json\/wp\/v2\/posts\/53318"}],"collection":[{"href":"https:\/\/www.tgrthaber.com\/mavikadin\/wp-json\/wp\/v2\/posts"}],"about":[{"href":"https:\/\/www.tgrthaber.com\/mavikadin\/wp-json\/wp\/v2\/types\/post"}],"author":[{"embeddable":true,"href":"https:\/\/www.tgrthaber.com\/mavikadin\/wp-json\/wp\/v2\/users\/2"}],"replies":[{"embeddable":true,"href":"https:\/\/www.tgrthaber.com\/mavikadin\/wp-json\/wp\/v2\/comments?post=53318"}],"version-history":[{"count":1,"href":"https:\/\/www.tgrthaber.com\/mavikadin\/wp-json\/wp\/v2\/posts\/53318\/revisions"}],"predecessor-version":[{"id":53319,"href":"https:\/\/www.tgrthaber.com\/mavikadin\/wp-json\/wp\/v2\/posts\/53318\/revisions\/53319"}],"wp:featuredmedia":[{"embeddable":true,"href":"https:\/\/www.tgrthaber.com\/mavikadin\/wp-json\/wp\/v2\/media\/53317"}],"wp:attachment":[{"href":"https:\/\/www.tgrthaber.com\/mavikadin\/wp-json\/wp\/v2\/media?parent=53318"}],"wp:term":[{"taxonomy":"category","embeddable":true,"href":"https:\/\/www.tgrthaber.com\/mavikadin\/wp-json\/wp\/v2\/categories?post=53318"},{"taxonomy":"post_tag","embeddable":true,"href":"https:\/\/www.tgrthaber.com\/mavikadin\/wp-json\/wp\/v2\/tags?post=53318"}],"curies":[{"name":"wp","href":"https:\/\/api.w.org\/{rel}","templated":true}]}}