{"id":53321,"date":"2023-01-15T10:43:24","date_gmt":"2023-01-15T07:43:24","guid":{"rendered":"https:\/\/new.mavikadin.com\/?p=53321"},"modified":"2024-09-16T14:50:34","modified_gmt":"2024-09-16T11:50:34","slug":"mehmet-akif-ersoyun-evini-alan-sezen-aksu-o-evi-studyo-yapiyor","status":"publish","type":"post","link":"https:\/\/www.tgrthaber.com\/mavikadin\/mehmet-akif-ersoyun-evini-alan-sezen-aksu-o-evi-studyo-yapiyor\/","title":{"rendered":"Mehmet Akif Ersoy&#8217;un evini alan Sezen Aksu o evi st\u00fcdyo yap\u0131yor"},"content":{"rendered":"<p>Sezen Aksu, Mehmet Akif Ersoy&#8217;un evini sat\u0131n al\u0131\u015f ve bir g\u00fczellik merkezine kiraya vermi\u015fti. \u00dcnl\u00fc sanat\u00e7\u0131 yeniden restore ettirdi\u011fi o evi, st\u00fcdyoya \u00e7eviriyor.<\/p>\n<p>\u0130stikl&acirc;l Mar\u015f\u0131&rsquo;n\u0131n yazar\u0131 Mehmet &Acirc;kif Ersoy&rsquo;un bir d&ouml;nem ya\u015fad\u0131\u011f\u0131 Beylerbeyi&rsquo;ndeki evi 2011 y\u0131l\u0131nda 350 bin liraya sat\u0131n alan \u015fark\u0131c\u0131 Sezen Aksu, daha sonra evi restore ettirmi\u015f ve g&uuml;zellik uzman\u0131 Safiye Turan&#8217;a kiraya vermi\u015fti.&nbsp;<\/p>\n<h3><strong>EV M&Uuml;H&Uuml;RLENM\u0130\u015eT\u0130<\/strong><\/h3>\n<p>Sezen Aksu&#8217;nun, evini g&uuml;zellik salonuna kiraya verdi\u011fi ortaya &ccedil;\u0131km\u0131\u015f, bunun &uuml;zerine Aksu&#8217;nun evi m&uuml;h&uuml;rlenmi\u015fti.<\/p>\n<p><img decoding=\"async\" src=\"https:\/\/static.mavikadin.com\/images\/haberler\/23-01\/15\/mehmet_akif_ersoy_un_evini_satin_alan_sezen_aksu_o_evi_restore_ediyor-2.jpg\" alt=\"\" title=\"\"><\/p>\n<h3><strong>KA&Ccedil;AK TESP\u0130T ED\u0130LD\u0130<\/strong><\/h3>\n<p>Aksu&#8217;nun &ouml;nceki aylarda da ka&ccedil;ak olarak balkon ve &ccedil;at\u0131 kat\u0131 yapt\u0131rd\u0131\u011f\u0131 tespit edilmi\u015fti. Bunun &uuml;zerine sanat&ccedil;\u0131n\u0131n evindeki ka&ccedil;ak b&ouml;l&uuml;mler i&ccedil;in y\u0131k\u0131m karar\u0131 al\u0131nm\u0131\u015ft\u0131.&nbsp;<\/p>\n<p><img decoding=\"async\" src=\"https:\/\/static.mavikadin.com\/images\/haberler\/23-01\/15\/mehmet_akif_ersoy_un_evini_satin_alan_sezen_aksu_o_evi_restore_ediyor-3.jpg\" alt=\"\" title=\"\"><\/p>\n<p>&Uuml;nl&uuml; isim, evi yeniden kullanmak i&ccedil;in Bo\u011fazi&ccedil;i \u0130mar M&uuml;d&uuml;rl&uuml;\u011f&uuml;&rsquo;n&uuml;n kontrol&uuml;nde ka&ccedil;ak b&ouml;l&uuml;mleri y\u0131kt\u0131rarak evde yeniden tadilat ba\u015flatt\u0131. Evin olmas\u0131 gereken eski kimli\u011fine geri getirilece\u011fi ve Aksu&#8217;nun buray\u0131 st&uuml;dyoya &ccedil;evirece\u011fi &ouml;\u011frenildi.<\/p>\n<p>&nbsp;<\/p>\n","protected":false},"excerpt":{"rendered":"<p>Sezen Aksu, Mehmet Akif Ersoy&#8217;un evini sat\u0131n al\u0131\u015f ve bir g\u00fczellik merkezine kiraya vermi\u015fti. \u00dcnl\u00fc sanat\u00e7\u0131 yeniden restore ettirdi\u011fi o evi, st\u00fcdyoya \u00e7eviriyor. \u0130stikl&acirc;l Mar\u015f\u0131&rsquo;n\u0131n yazar\u0131 Mehmet &Acirc;kif Ersoy&rsquo;un bir d&ouml;nem ya\u015fad\u0131\u011f\u0131 Beylerbeyi&rsquo;ndeki evi 2011 y\u0131l\u0131nda 350 bin liraya sat\u0131n alan \u015fark\u0131c\u0131 Sezen Aksu, daha sonra evi restore ettirmi\u015f ve g&uuml;zellik uzman\u0131 Safiye Turan&#8217;a kiraya [&hellip;]<\/p>\n","protected":false},"author":2,"featured_media":53320,"comment_status":"closed","ping_status":"open","sticky":false,"template":"","format":"standard","meta":{"rank_math_lock_modified_date":false,"footnotes":""},"categories":[76],"tags":[41537,41536,4716,3063,41538],"class_list":["post-53321","post","type-post","status-publish","format-standard","has-post-thumbnail","hentry","category-magazin","tag-beylerbeyi-evi","tag-mehmet-akif-ersoy","tag-sanatci","tag-sezen-aksu","tag-studyo"],"_links":{"self":[{"href":"https:\/\/www.tgrthaber.com\/mavikadin\/wp-json\/wp\/v2\/posts\/53321"}],"collection":[{"href":"https:\/\/www.tgrthaber.com\/mavikadin\/wp-json\/wp\/v2\/posts"}],"about":[{"href":"https:\/\/www.tgrthaber.com\/mavikadin\/wp-json\/wp\/v2\/types\/post"}],"author":[{"embeddable":true,"href":"https:\/\/www.tgrthaber.com\/mavikadin\/wp-json\/wp\/v2\/users\/2"}],"replies":[{"embeddable":true,"href":"https:\/\/www.tgrthaber.com\/mavikadin\/wp-json\/wp\/v2\/comments?post=53321"}],"version-history":[{"count":1,"href":"https:\/\/www.tgrthaber.com\/mavikadin\/wp-json\/wp\/v2\/posts\/53321\/revisions"}],"predecessor-version":[{"id":53322,"href":"https:\/\/www.tgrthaber.com\/mavikadin\/wp-json\/wp\/v2\/posts\/53321\/revisions\/53322"}],"wp:featuredmedia":[{"embeddable":true,"href":"https:\/\/www.tgrthaber.com\/mavikadin\/wp-json\/wp\/v2\/media\/53320"}],"wp:attachment":[{"href":"https:\/\/www.tgrthaber.com\/mavikadin\/wp-json\/wp\/v2\/media?parent=53321"}],"wp:term":[{"taxonomy":"category","embeddable":true,"href":"https:\/\/www.tgrthaber.com\/mavikadin\/wp-json\/wp\/v2\/categories?post=53321"},{"taxonomy":"post_tag","embeddable":true,"href":"https:\/\/www.tgrthaber.com\/mavikadin\/wp-json\/wp\/v2\/tags?post=53321"}],"curies":[{"name":"wp","href":"https:\/\/api.w.org\/{rel}","templated":true}]}}