{"id":53336,"date":"2023-01-16T08:39:51","date_gmt":"2023-01-16T05:39:51","guid":{"rendered":"https:\/\/new.mavikadin.com\/?p=53336"},"modified":"2024-09-16T14:51:03","modified_gmt":"2024-09-16T11:51:03","slug":"hadi-yine-iyisin-tayfun-z-kusagini-yakalamak-istiyor","status":"publish","type":"post","link":"https:\/\/www.tgrthaber.com\/mavikadin\/hadi-yine-iyisin-tayfun-z-kusagini-yakalamak-istiyor\/","title":{"rendered":"&#8216;Hadi Yine \u0130yisin&#8217; Tayfun Z ku\u015fa\u011f\u0131n\u0131 yakalamak istiyor"},"content":{"rendered":"<p>T\u00fcrk Pop M\u00fczi\u011fi&#8217;nin 1990&#8217;l\u0131 y\u0131llar\u0131na iz b\u0131rakm\u0131\u015f ve d\u00f6neminin en pop\u00fclerlerinden biri olan 53 ya\u015f\u0131ndaki \u015fark\u0131c\u0131 Tayfun, Z ku\u015fa\u011f\u0131n\u0131 da yakalamak istedi\u011fini s\u00f6yledi.<\/p>\n<p>T&uuml;rk Pop M&uuml;zi\u011fi&#8217;nde 90&#8217;l\u0131 y\u0131llar\u0131na damgas\u0131n\u0131 vuran, dinleyicisinin \u015fimdi ka&ccedil; ya\u015f\u0131na gelirse gelsin \u015fark\u0131lar\u0131n\u0131 asla unutmad\u0131\u011f\u0131 ve ayn\u0131 zamanda di\u011fer sanat&ccedil;\u0131lar gibi kendisine de o zamanlar ula\u015fman\u0131n &ccedil;ok zor oldu\u011fu d&ouml;neminin en pop&uuml;ler isimlerinden biri olan, \u015fimdilerde 53 ya\u015f\u0131ndaki Tayfun Duygulu, son verdi\u011fi r&ouml;portaj\u0131nda samimi a&ccedil;\u0131klamalarda bulundu.&nbsp;<\/p>\n<h3><strong>&#8221;M&Uuml;Z\u0130\u011e\u0130N \u0130&Ccedil;\u0130NE DO\u011eDUM&#8221;<\/strong><\/h3>\n<p>Hen&uuml;z dijitalin ba\u015flamad\u0131\u011f\u0131 fakat o d&ouml;nemde alb&uuml;mlerin milyonlar satt\u0131\u011f\u0131 1990&#8217;l\u0131 y\u0131llara iz b\u0131rakan \u015fark\u0131c\u0131 Tayfun&#8217;un dedesi udi bestekar Zeki Duygulu ve babas\u0131 TRT caz orkestras\u0131 kurucular\u0131ndan Erol Duygulu. Bu nedenle &uuml;nl&uuml; sanat&ccedil;\u0131 m&uuml;zi\u011fin i&ccedil;ine do\u011fdu\u011funu s&ouml;yl&uuml;yor.<\/p>\n<p>&#8221;9 ya\u015f\u0131nda ilk kez saksafon &ccedil;almaya ba\u015flad\u0131m. 12 ya\u015f\u0131mda Mimar Sinan &Uuml;niversitesi Devlet Konservatuar\u0131&#8217;na girip ortaokul, lise ve &uuml;niversite e\u011fitimimi burada tamamlad\u0131m. Yakla\u015f\u0131k 35 &uuml;nl&uuml; ismin alb&uuml;m&uuml;nde saksafon &ccedil;ald\u0131m.&#8221;<\/p>\n<p>&#8221;1998&#8217;de &#8216;Yeni T&uuml;rk&uuml;&#8217; ile yollar\u0131m kesi\u015fti ve ilk profesyonel m&uuml;zik hayat\u0131m ba\u015flad\u0131. Ayn\u0131 grupta yer alan baterist Halis B&uuml;t&uuml;nley, 1992 y\u0131l\u0131nda menajerli\u011fimi &uuml;stlenip ilk solo alb&uuml;m&uuml;mle &ccedil;\u0131k\u0131\u015f\u0131m\u0131 sa\u011flad\u0131.&#8221;<\/p>\n<p><img decoding=\"async\" src=\"https:\/\/static.mavikadin.com\/images\/haberler\/23-01\/16\/hadi_yine_iyisin_tayfun_z_kusagini_yakalamk_istiyor-5.jpg\" alt=\"\" title=\"\"><\/p>\n<h3><strong>MANKENL\u0130K DE YAPTI<\/strong><\/h3>\n<p>Bir d&ouml;nem mankenlik de yapan sanat&ccedil;\u0131, yine ayn\u0131 d&ouml;nem m&uuml;zikallerde de yer alm\u0131\u015ft\u0131.<\/p>\n<p>&#8220;&Uuml;niversite e\u011fitimim s\u0131ras\u0131nda Harbiye \u015eehir Tiyatrosunda &#8216;Figaronun D&uuml;\u011f&uuml;n&uuml;&#8217; operas\u0131nda yer ald\u0131m. 1987 y\u0131l\u0131nda mankenlik yap\u0131p daha sonra Sait S&ouml;kmen Dans grubunda iki y\u0131la yak\u0131n dans ettim. 2000&rsquo;li y\u0131llarda da alt\u0131 sene &#8216;Deli Dolu&#8217; m&uuml;zikalinde yer ald\u0131m.&#8221; dedi.<\/p>\n<p><img decoding=\"async\" src=\"https:\/\/static.mavikadin.com\/images\/haberler\/23-01\/16\/hadi_yine_iyisin_tayfun_z_kusagini_yakalamk_istiyor-3.jpg\" alt=\"\" title=\"\"><\/p>\n<h3><strong>&#8221;Z KU\u015eA\u011eINI YAKALAMAK \u0130ST\u0130YORUM&#8221;<\/strong><\/h3>\n<p>Tayfun, &#8220;Gelece\u011fe y&ouml;nelik planlar\u0131n\u0131z neler?&#8221; sorusuna ise \u015f&ouml;yle cevap verdi;<\/p>\n<p>&#8221;Yeni &ccedil;al\u0131\u015fmalar\u0131mla Z ku\u015fa\u011f\u0131n\u0131 da yakalamak ve ge&ccedil;mi\u015fte kald\u0131\u011f\u0131m yerden devam etmek istiyorum, e\u015fime &ccedil;ok a\u015f\u0131k ve d&uuml;\u015fk&uuml;n oldu\u011fum i&ccedil;in t\u0131pk\u0131 onun gibi sa\u011fl\u0131kl\u0131 zeki ve g&uuml;zel harika bir k\u0131z\u0131m olsun istiyorum. \u0130ki erkek evlat sonras\u0131nda k\u0131z babas\u0131 olman\u0131n ayr\u0131cal\u0131\u011f\u0131n\u0131 da ya\u015famak istiyorum Allah nasip ederse. Kanser hastas\u0131 olan annemin biran &ouml;nce sa\u011fl\u0131\u011f\u0131na kavu\u015fmas\u0131n\u0131 ve onunla daha &ccedil;ok fazla g&uuml;zel g&uuml;nlerimiz olmas\u0131n\u0131 istiyorum.&#8221;<\/p>\n<p><img decoding=\"async\" src=\"https:\/\/static.mavikadin.com\/images\/haberler\/23-01\/16\/hadi_yine_iyisin_tayfun_z_kusagini_yakalamk_istiyor-4.jpg\" alt=\"\" title=\"\"><\/p>\n","protected":false},"excerpt":{"rendered":"<p>T\u00fcrk Pop M\u00fczi\u011fi&#8217;nin 1990&#8217;l\u0131 y\u0131llar\u0131na iz b\u0131rakm\u0131\u015f ve d\u00f6neminin en pop\u00fclerlerinden biri olan 53 ya\u015f\u0131ndaki \u015fark\u0131c\u0131 Tayfun, Z ku\u015fa\u011f\u0131n\u0131 da yakalamak istedi\u011fini s\u00f6yledi. T&uuml;rk Pop M&uuml;zi\u011fi&#8217;nde 90&#8217;l\u0131 y\u0131llar\u0131na damgas\u0131n\u0131 vuran, dinleyicisinin \u015fimdi ka&ccedil; ya\u015f\u0131na gelirse gelsin \u015fark\u0131lar\u0131n\u0131 asla unutmad\u0131\u011f\u0131 ve ayn\u0131 zamanda di\u011fer sanat&ccedil;\u0131lar gibi kendisine de o zamanlar ula\u015fman\u0131n &ccedil;ok zor oldu\u011fu d&ouml;neminin en [&hellip;]<\/p>\n","protected":false},"author":2,"featured_media":53335,"comment_status":"closed","ping_status":"open","sticky":false,"template":"","format":"standard","meta":{"rank_math_lock_modified_date":false,"footnotes":""},"categories":[76],"tags":[41552,4079,659,41551,25236],"class_list":["post-53336","post","type-post","status-publish","format-standard","has-post-thumbnail","hentry","category-magazin","tag-90lar-muzigi","tag-muzisyen","tag-tayfun","tag-turk-pop","tag-z-kusagi"],"_links":{"self":[{"href":"https:\/\/www.tgrthaber.com\/mavikadin\/wp-json\/wp\/v2\/posts\/53336"}],"collection":[{"href":"https:\/\/www.tgrthaber.com\/mavikadin\/wp-json\/wp\/v2\/posts"}],"about":[{"href":"https:\/\/www.tgrthaber.com\/mavikadin\/wp-json\/wp\/v2\/types\/post"}],"author":[{"embeddable":true,"href":"https:\/\/www.tgrthaber.com\/mavikadin\/wp-json\/wp\/v2\/users\/2"}],"replies":[{"embeddable":true,"href":"https:\/\/www.tgrthaber.com\/mavikadin\/wp-json\/wp\/v2\/comments?post=53336"}],"version-history":[{"count":1,"href":"https:\/\/www.tgrthaber.com\/mavikadin\/wp-json\/wp\/v2\/posts\/53336\/revisions"}],"predecessor-version":[{"id":53337,"href":"https:\/\/www.tgrthaber.com\/mavikadin\/wp-json\/wp\/v2\/posts\/53336\/revisions\/53337"}],"wp:featuredmedia":[{"embeddable":true,"href":"https:\/\/www.tgrthaber.com\/mavikadin\/wp-json\/wp\/v2\/media\/53335"}],"wp:attachment":[{"href":"https:\/\/www.tgrthaber.com\/mavikadin\/wp-json\/wp\/v2\/media?parent=53336"}],"wp:term":[{"taxonomy":"category","embeddable":true,"href":"https:\/\/www.tgrthaber.com\/mavikadin\/wp-json\/wp\/v2\/categories?post=53336"},{"taxonomy":"post_tag","embeddable":true,"href":"https:\/\/www.tgrthaber.com\/mavikadin\/wp-json\/wp\/v2\/tags?post=53336"}],"curies":[{"name":"wp","href":"https:\/\/api.w.org\/{rel}","templated":true}]}}