{"id":53339,"date":"2023-01-16T09:01:56","date_gmt":"2023-01-16T06:01:56","guid":{"rendered":"https:\/\/new.mavikadin.com\/?p=53339"},"modified":"2024-09-16T14:51:09","modified_gmt":"2024-09-16T11:51:09","slug":"unlu-turkucu-nihat-dogan-baba-oldu","status":"publish","type":"post","link":"https:\/\/www.tgrthaber.com\/mavikadin\/unlu-turkucu-nihat-dogan-baba-oldu\/","title":{"rendered":"\u00dcnl\u00fc t\u00fcrk\u00fcc\u00fc Nihat Do\u011fan, baba oldu!"},"content":{"rendered":"<p>\u00dcnl\u00fc t\u00fcrk\u00fcc\u00fc Nihat Do\u011fan ilk bebe\u011fini kuca\u011f\u0131na ald\u0131. Mutlulu\u011funu sosyal medya hesab\u0131ndan payla\u015fan Do\u011fan, o\u011fluna verdi\u011fi isimle \u015fa\u015f\u0131rtt\u0131.<\/p>\n<p>Nihat Do\u011fan, ge&ccedil;ti\u011fimiz y\u0131l A\u011fustos ay\u0131nda \u0130ranl\u0131 hayran\u0131 Arezoo Gharlar ile evlenmi\u015fti. &Uuml;nl&uuml; t&uuml;rk&uuml;c&uuml; ilk &ccedil;ocu\u011funu kuca\u011f\u0131na ald\u0131. Bir o\u011flu olan Do\u011fan, mutlulu\u011funu sosyal medya hesab\u0131ndan yapt\u0131\u011f\u0131 payla\u015f\u0131mla duyurdu.<\/p>\n<p><img decoding=\"async\" src=\"https:\/\/static.mavikadin.com\/images\/haberler\/23-01\/16\/nihatorta.jpg\" alt=\"\" title=\"\"><\/p>\n<p>&Uuml;nl&uuml; t&uuml;rk&uuml;c&uuml; Nihat Do\u011fan, baba oldu\u011fu m&uuml;jdesini pe\u015f pe\u015fe foto\u011fraf payla\u015farak ilan etti. Payla\u015f\u0131m\u0131na k\u0131sa s&uuml;rede binlerce be\u011feni ve tebrik yorumu geldi. Do\u011fan, payla\u015f\u0131m\u0131nda \u015fu ifadelere yer verdi: &ldquo;Bu d&uuml;nyada en &ccedil;ok istedi\u011fim \u015fey evlat sahibi olmakt\u0131. 13 Ocak cuma g&uuml;n&uuml; o\u011flum Bad\u0131kan d&uuml;nyaya geldi ve bu duam\u0131 kabul eden rabbime \u015f&uuml;k&uuml;rler, bana d&uuml;nyan\u0131n en g&uuml;zel hediyesini veren e\u015fim Arezoo Gharlar&rsquo;a te\u015fekk&uuml;rler olsun&rdquo;<\/p>\n<p><img decoding=\"async\" src=\"https:\/\/static.mavikadin.com\/images\/haberler\/23-01\/16\/nihatdoagnorta2.jpg\" alt=\"\" title=\"\"><\/p>\n<h3><strong>ADINI A&Ccedil;IKLADI &nbsp; <\/strong><\/h3>\n<p>Nihat Do\u011fan, a&ccedil;\u0131klamas\u0131nda bebe\u011fine &ldquo;Ho\u015f geldin Amin Bad\u0131kan Do\u011fan&rdquo; diye seslenerek ad\u0131n\u0131 da takip&ccedil;ileriyle payla\u015ft\u0131. &Uuml;nl&uuml; t&uuml;rk&uuml;c&uuml; o\u011flunun ismi i&ccedil;in \u015fu a&ccedil;\u0131klamay\u0131 yapt\u0131:&rdquo; Annesi r&uuml;yas\u0131nda &lsquo;Amin&rsquo; diye g&ouml;rm&uuml;\u015f. Vicdan azab\u0131 &ccedil;ekmek istemedim. Her iki ismi birden koymaya karar verdik&rdquo;<\/p>\n<h3><strong>ADININ ANLAMI MERAK KONUSU OLDU<\/strong><\/h3>\n<p>Nihat Do\u011fan, anlam\u0131 merak edilen Bad\u0131kan isminin anlam\u0131n\u0131 \u015fu s&ouml;zlerle a&ccedil;\u0131klad\u0131: &ldquo;Fars&ccedil;a Bad r&uuml;zgar demekmi\u015f, Bad\u0131kan ise r&uuml;zgardan olan demek&rdquo;<\/p>\n<p>#haber#<\/p>\n","protected":false},"excerpt":{"rendered":"<p>\u00dcnl\u00fc t\u00fcrk\u00fcc\u00fc Nihat Do\u011fan ilk bebe\u011fini kuca\u011f\u0131na ald\u0131. Mutlulu\u011funu sosyal medya hesab\u0131ndan payla\u015fan Do\u011fan, o\u011fluna verdi\u011fi isimle \u015fa\u015f\u0131rtt\u0131. Nihat Do\u011fan, ge&ccedil;ti\u011fimiz y\u0131l A\u011fustos ay\u0131nda \u0130ranl\u0131 hayran\u0131 Arezoo Gharlar ile evlenmi\u015fti. &Uuml;nl&uuml; t&uuml;rk&uuml;c&uuml; ilk &ccedil;ocu\u011funu kuca\u011f\u0131na ald\u0131. Bir o\u011flu olan Do\u011fan, mutlulu\u011funu sosyal medya hesab\u0131ndan yapt\u0131\u011f\u0131 payla\u015f\u0131mla duyurdu. &Uuml;nl&uuml; t&uuml;rk&uuml;c&uuml; Nihat Do\u011fan, baba oldu\u011fu m&uuml;jdesini pe\u015f [&hellip;]<\/p>\n","protected":false},"author":18,"featured_media":53338,"comment_status":"closed","ping_status":"open","sticky":false,"template":"","format":"standard","meta":{"rank_math_lock_modified_date":false,"footnotes":""},"categories":[76],"tags":[41553,41554,2310,38918,39185],"class_list":["post-53339","post","type-post","status-publish","format-standard","has-post-thumbnail","hentry","category-magazin","tag-baba-oldu","tag-badikan-dogan","tag-nihat-dogan","tag-turkucu","tag-unlu-haber"],"_links":{"self":[{"href":"https:\/\/www.tgrthaber.com\/mavikadin\/wp-json\/wp\/v2\/posts\/53339"}],"collection":[{"href":"https:\/\/www.tgrthaber.com\/mavikadin\/wp-json\/wp\/v2\/posts"}],"about":[{"href":"https:\/\/www.tgrthaber.com\/mavikadin\/wp-json\/wp\/v2\/types\/post"}],"author":[{"embeddable":true,"href":"https:\/\/www.tgrthaber.com\/mavikadin\/wp-json\/wp\/v2\/users\/18"}],"replies":[{"embeddable":true,"href":"https:\/\/www.tgrthaber.com\/mavikadin\/wp-json\/wp\/v2\/comments?post=53339"}],"version-history":[{"count":1,"href":"https:\/\/www.tgrthaber.com\/mavikadin\/wp-json\/wp\/v2\/posts\/53339\/revisions"}],"predecessor-version":[{"id":53340,"href":"https:\/\/www.tgrthaber.com\/mavikadin\/wp-json\/wp\/v2\/posts\/53339\/revisions\/53340"}],"wp:featuredmedia":[{"embeddable":true,"href":"https:\/\/www.tgrthaber.com\/mavikadin\/wp-json\/wp\/v2\/media\/53338"}],"wp:attachment":[{"href":"https:\/\/www.tgrthaber.com\/mavikadin\/wp-json\/wp\/v2\/media?parent=53339"}],"wp:term":[{"taxonomy":"category","embeddable":true,"href":"https:\/\/www.tgrthaber.com\/mavikadin\/wp-json\/wp\/v2\/categories?post=53339"},{"taxonomy":"post_tag","embeddable":true,"href":"https:\/\/www.tgrthaber.com\/mavikadin\/wp-json\/wp\/v2\/tags?post=53339"}],"curies":[{"name":"wp","href":"https:\/\/api.w.org\/{rel}","templated":true}]}}