{"id":53342,"date":"2023-01-16T09:10:31","date_gmt":"2023-01-16T06:10:31","guid":{"rendered":"https:\/\/new.mavikadin.com\/?p=53342"},"modified":"2024-09-16T14:51:16","modified_gmt":"2024-09-16T11:51:16","slug":"survivor-nagihan-acun-ilicalinin-sozleriyle-cilgina-dondu-aci-gercegi-acikladi","status":"publish","type":"post","link":"https:\/\/www.tgrthaber.com\/mavikadin\/survivor-nagihan-acun-ilicalinin-sozleriyle-cilgina-dondu-aci-gercegi-acikladi\/","title":{"rendered":"Survivor Nagihan Acun Il\u0131cal\u0131&#8217;n\u0131n s\u00f6zleriyle \u00e7\u0131lg\u0131na d\u00f6nd\u00fc, ac\u0131 ger\u00e7e\u011fi a\u00e7\u0131klad\u0131"},"content":{"rendered":"<p>Survivor 2023&#8217;\u00fcn ba\u015flamas\u0131yla Survivor Panaroma program\u0131 ba\u015flad\u0131. \u0130lk programda Acun Il\u0131cal\u0131 programa konuk oldu. Ge\u00e7ti\u011fimiz y\u0131l Nagihan Karadere&#8217;nin Survivor program\u0131 i\u00e7in &#8216;kurgu&#8217; imas\u0131 Il\u0131cal\u0131&#8217;n\u0131n dilindeydi. \u00dcnl\u00fc televizyoncu Karadere&#8217;yi ele\u015ftirince Karadere \u00e7\u0131lg\u0131na d\u00f6nerek bir itirafta bulundu.<\/p>\n<p>Survivor 2022 yar\u0131\u015fmas\u0131n\u0131n birincisi olamayan Nagihan Karadere, programdan sonra yapt\u0131\u011f\u0131 a&ccedil;\u0131klamalarla g&uuml;ndeme oturmu\u015ftu. Yar\u0131\u015fman\u0131n sahte oldu\u011funu s&ouml;yleyen yar\u0131\u015fmac\u0131 Karadere&#8217;ye o zaman Acun Il\u0131cal\u0131&#8217;dan cevap gelmemi\u015fti ancak Il\u0131cal\u0131, yeni d&ouml;nemin ba\u015flamas\u0131yla birlikte konuyu a&ccedil;t\u0131 ve zehir zemberek bir a&ccedil;\u0131klama yaparak yar\u0131\u015fmac\u0131y\u0131 k\u0131zd\u0131rd\u0131.<\/p>\n<h3><strong>&#8220;NAG\u0130HAN HANG\u0130 &Ouml;ZELL\u0130\u011e\u0130 \u0130LE B\u0130R\u0130NC\u0130 OLACAKTI&#8221;<\/strong><\/h3>\n<p>Acun Il\u0131cal\u0131, program\u0131n\u0131n sahte oldu\u011funu s&ouml;yleyen Nagihan Karadere&#8217;nin bu itham\u0131n\u0131n asla do\u011fru olmad\u0131\u011f\u0131n s&ouml;ylerken o &ccedil;ok konu\u015fulacak s&ouml;zleri ekledi;<\/p>\n<p>&#8221;Nagihan han\u0131m sa\u011f olsun &ccedil;ok bozuldu Survivor&#8217;da birinci olamad\u0131 diye. Mesela Nagihan hangi &ouml;zelli\u011fiyle birinci olacakt\u0131 ben onu &ccedil;&ouml;zemedim&#8221;<\/p>\n<h3><strong>&#8220;PANAROMAYA BA\u011eLAYIN BEN\u0130&#8221;<\/strong><\/h3>\n<p>Bu s&ouml;zler &uuml;zerine &ccedil;\u0131lg\u0131na d&ouml;nen Nagihan Karadere, tweet atarak Acun Il\u0131cal\u0131&#8217;ya ula\u015famad\u0131\u011f\u0131n\u0131, telefonunun me\u015fgul &ccedil;ald\u0131\u011f\u0131n\u0131 belirtti.<\/p>\n<p><img decoding=\"async\" src=\"https:\/\/static.mavikadin.com\/images\/haberler\/23-01\/16\/nagihan_karadere_acun_ilicali_ya_kizip_kansere_yakalandigini_acikladi-4.jpg\" alt=\"\" title=\"\"><\/p>\n<h3><strong>KANSER OLDU\u011eUNU A&Ccedil;IKLADI<\/strong><\/h3>\n<p>Ya\u015fanan bu olay &uuml;zerine gazeteci Bilal &Ouml;zcan, Nagihan Karadere&#8217;yi arad\u0131. Karadere ailesinden bile saklad\u0131\u011f\u0131 ac\u0131 haberi gazeteciyle payla\u015ft\u0131.&nbsp;<\/p>\n<p><img decoding=\"async\" src=\"https:\/\/static.mavikadin.com\/images\/haberler\/23-01\/16\/nagihan_karadere_acun_ilicali_ya_kizip_kansere_yakalandigini_acikladi-7.jpg\" alt=\"\" title=\"\"><\/p>\n<p>&#8221;Ben eme\u011fime &uuml;z&uuml;ld&uuml;m, k\u0131r\u0131ld\u0131m. Kendi derdime d&uuml;\u015ft&uuml;m ben. Nas\u0131l can\u0131m yan\u0131yor anlatamam. 1 ay &ouml;nce kanser oldu\u011fumu &ouml;\u011frendim ve herkes ekme\u011fimle oynuyor. Saatlerdir a\u011fl\u0131yorum. Hastal\u0131\u011f\u0131m\u0131 ailem dahi bilmiyordu, yeni &ouml;\u011frendiler, bug&uuml;n anneme s&ouml;yledim. L&uuml;tfen benim i&ccedil;in dua edin.&#8221;<\/p>\n<h3><strong>NAG\u0130HAN KARADERE&#8217;N\u0130N &#8216;SAHTE SURV\u0130VOR&#8217; A&Ccedil;IKLAMASI<\/strong><\/h3>\n<p>Nagihan Karadere&#8217;nin ge&ccedil;ti\u011fimiz y\u0131l Survivor finalinden sonra g&uuml;ndem olan o s&ouml;zleri \u015fu \u015fekildeydi;<\/p>\n<p><img decoding=\"async\" src=\"https:\/\/static.mavikadin.com\/images\/haberler\/23-01\/16\/nagihan_karadere_acun_ilicali_ya_kizip_kansere_yakalandigini_acikladi-6.jpg\" alt=\"\" title=\"\"><\/p>\n<p>&#8221;Survivor sahte bir ortam, herkes menfaat herkes &ccedil;\u0131kar derdinde. Arkada\u015fl\u0131klar yalan. Survivor&#8217;da g&ouml;rmedi\u011fim kadar samimiyetsizlikler g&ouml;rd&uuml;m. G&ouml;rmedi\u011fim kadar yalanlar g&ouml;rd&uuml;m. Hayat\u0131mda g&ouml;rmedi\u011fim &uuml;&ccedil;ka\u011f\u0131tlar g&ouml;rd&uuml;m&#8221;<\/p>\n","protected":false},"excerpt":{"rendered":"<p>Survivor 2023&#8217;\u00fcn ba\u015flamas\u0131yla Survivor Panaroma program\u0131 ba\u015flad\u0131. \u0130lk programda Acun Il\u0131cal\u0131 programa konuk oldu. Ge\u00e7ti\u011fimiz y\u0131l Nagihan Karadere&#8217;nin Survivor program\u0131 i\u00e7in &#8216;kurgu&#8217; imas\u0131 Il\u0131cal\u0131&#8217;n\u0131n dilindeydi. \u00dcnl\u00fc televizyoncu Karadere&#8217;yi ele\u015ftirince Karadere \u00e7\u0131lg\u0131na d\u00f6nerek bir itirafta bulundu. Survivor 2022 yar\u0131\u015fmas\u0131n\u0131n birincisi olamayan Nagihan Karadere, programdan sonra yapt\u0131\u011f\u0131 a&ccedil;\u0131klamalarla g&uuml;ndeme oturmu\u015ftu. Yar\u0131\u015fman\u0131n sahte oldu\u011funu s&ouml;yleyen yar\u0131\u015fmac\u0131 Karadere&#8217;ye o [&hellip;]<\/p>\n","protected":false},"author":2,"featured_media":53341,"comment_status":"closed","ping_status":"open","sticky":false,"template":"","format":"standard","meta":{"rank_math_lock_modified_date":false,"footnotes":""},"categories":[76],"tags":[38195,340,2447,2366,20088],"class_list":["post-53342","post","type-post","status-publish","format-standard","has-post-thumbnail","hentry","category-magazin","tag-acun-ilicali","tag-kanser","tag-nagihan-karadere","tag-survivor","tag-survivor-panaroma"],"_links":{"self":[{"href":"https:\/\/www.tgrthaber.com\/mavikadin\/wp-json\/wp\/v2\/posts\/53342"}],"collection":[{"href":"https:\/\/www.tgrthaber.com\/mavikadin\/wp-json\/wp\/v2\/posts"}],"about":[{"href":"https:\/\/www.tgrthaber.com\/mavikadin\/wp-json\/wp\/v2\/types\/post"}],"author":[{"embeddable":true,"href":"https:\/\/www.tgrthaber.com\/mavikadin\/wp-json\/wp\/v2\/users\/2"}],"replies":[{"embeddable":true,"href":"https:\/\/www.tgrthaber.com\/mavikadin\/wp-json\/wp\/v2\/comments?post=53342"}],"version-history":[{"count":1,"href":"https:\/\/www.tgrthaber.com\/mavikadin\/wp-json\/wp\/v2\/posts\/53342\/revisions"}],"predecessor-version":[{"id":53343,"href":"https:\/\/www.tgrthaber.com\/mavikadin\/wp-json\/wp\/v2\/posts\/53342\/revisions\/53343"}],"wp:featuredmedia":[{"embeddable":true,"href":"https:\/\/www.tgrthaber.com\/mavikadin\/wp-json\/wp\/v2\/media\/53341"}],"wp:attachment":[{"href":"https:\/\/www.tgrthaber.com\/mavikadin\/wp-json\/wp\/v2\/media?parent=53342"}],"wp:term":[{"taxonomy":"category","embeddable":true,"href":"https:\/\/www.tgrthaber.com\/mavikadin\/wp-json\/wp\/v2\/categories?post=53342"},{"taxonomy":"post_tag","embeddable":true,"href":"https:\/\/www.tgrthaber.com\/mavikadin\/wp-json\/wp\/v2\/tags?post=53342"}],"curies":[{"name":"wp","href":"https:\/\/api.w.org\/{rel}","templated":true}]}}