{"id":53348,"date":"2023-01-16T09:53:07","date_gmt":"2023-01-16T06:53:07","guid":{"rendered":"https:\/\/new.mavikadin.com\/?p=53348"},"modified":"2024-09-16T14:51:27","modified_gmt":"2024-09-16T11:51:27","slug":"selen-gorguzel-ve-merve-bolugur-sular-durulmuyor-birbirine-girdiler","status":"publish","type":"post","link":"https:\/\/www.tgrthaber.com\/mavikadin\/selen-gorguzel-ve-merve-bolugur-sular-durulmuyor-birbirine-girdiler\/","title":{"rendered":"Selen G\u00f6rg\u00fczel ve Merve Bolu\u011fur sular durulmuyor, birbirine girdiler"},"content":{"rendered":"<p>Konuk oldu\u011fu programda Merve Bolu\u011fur ile ilgili &#8220;Annesi ya da ablas\u0131 olsam pataklayaca\u011f\u0131m. Psikolojin bozuksa git, tedavi ol&#8221; yorumunu yapan Selen G\u00f6rg\u00fczel, Bolu\u011fur&#8217;un kendisini yayl\u0131m ate\u015fine tutmas\u0131n\u0131n ard\u0131ndan Bolu\u011fur&#8217;u k\u0131zd\u0131racak yeni a\u00e7\u0131klamalara imza att\u0131.<\/p>\n<p>\u015eark\u0131c\u0131 ve oyuncu &nbsp;Selen G&ouml;rg&uuml;zel, &ouml;nceki gece Kozyata\u011f\u0131&#8217;nda bulunan bir mekanda sahneye &ccedil;\u0131kt\u0131. G&ouml;rg&uuml;zel, annesinin kendisine verdi\u011fi &ouml;\u011f&uuml;tleri kendisini izlemeye gelenlerle payla\u015ft\u0131.&nbsp;<\/p>\n<p>Selen G&ouml;rg&uuml;zel, annem; &#8220;Deli deli oynama, biraz sakin ol&#8217; diyor ama ben o co\u015fkuyla duram\u0131yorum. Hem dans hem de \u015fark\u0131 s&ouml;ylemek nadir sanat&ccedil;\u0131n\u0131n yapabilece\u011fi bir \u015fey&#8230;&#8221; dedi.<\/p>\n<h3><strong>&#8220;BA\u015eKASI YAPSA &Ccedil;OK KISKANIRDIM&#8221;<\/strong><\/h3>\n<p>Sahne &ouml;ncesi gazetecilerle sohbet eden Selen G&ouml;rg&uuml;zel, yeni projesi ile ilgili; &#8220;\u015eark\u0131 yolda, gelmek &uuml;zere. &Ccedil;ok seviyorsunuz zaten. Benimle birlikte daha da &ccedil;ok sevece\u011finize eminim. Ba\u015fkas\u0131 yapsa &ccedil;ok k\u0131skan\u0131rd\u0131m. M&uuml;zik kariyerim t&uuml;m yo\u011funlu\u011fuyla devam edecek&#8221; dedi.<\/p>\n<p><img decoding=\"async\" src=\"https:\/\/static.mavikadin.com\/images\/haberler\/23-01\/16\/merve_bolugur_ve_selen_gorguzel_arasinda_sular_durulmuyor_birbirlerine_girdiler-1.jpg\" alt=\"\" title=\"\"><\/p>\n<h3><strong>&#8220;PS\u0130KOLOJ\u0130N BOZUKSA G\u0130T, TEDAV\u0130 OL&#8221;<\/strong><\/h3>\n<p>Selen G&ouml;rg&uuml;zel, ge&ccedil;en hafta Seren Serengil&#8217;in programdan ayr\u0131lmas\u0131yla konuk oldu\u011fu S&ouml;ylemezsem Olmaz program\u0131nda Merve Bolu\u011fur hakk\u0131nda &ccedil;arp\u0131c\u0131 a&ccedil;\u0131klamalarda bulunmu\u015ftu. Merve Bolu\u011fur taraf\u0131nda derin bir yank\u0131 bulan bu a&ccedil;\u0131klamalar;&nbsp;<\/p>\n<p><img decoding=\"async\" src=\"https:\/\/static.mavikadin.com\/images\/haberler\/23-01\/16\/selen_gorguzelin_bir_milyon_liralik_yeni_arabasi-1.jpg\" alt=\"\" title=\"\"><\/p>\n<p>&#8220;Annesi ya da ablas\u0131 olsam pataklayaca\u011f\u0131m. Psikolojin bozuksa git, tedavi ol&#8221; \u015feklindeydi.<\/p>\n<h3><strong>&#8220;ADIMI A\u011eZINA ALMA!&#8221;<\/strong><\/h3>\n<p>Merve Bolu\u011fur ise sosyal medya hesab\u0131ndan program\u0131n foto\u011fraf\u0131n\u0131 payla\u015fm\u0131\u015f ve \u015fu s&ouml;zleri eklemi\u015fti;<\/p>\n<p>&#8221;Ablac\u0131\u011f\u0131m; benim gibi g&uuml;zel de\u011filsin, as\u0131l senin sesin yok. Onun, bunun kar\u0131s\u0131 olarak g&uuml;ndemdesin. Ben t\u0131rnaklar\u0131mla kariyer yapt\u0131m. Bir de dedikodu yaparak ve beni k\u0131skanarak daha da bozuk psikolojini sergiliyorsun. Ne olur benimle ilgili konu\u015fmay\u0131n, susun ya! Ben bu sekt&ouml;rden daha kimseye laf etmedim ama benim ad\u0131m\u0131 a\u011fz\u0131na alma ya! &Ccedil;ok s\u0131k\u0131ld\u0131m sizin gibi varl\u0131klardan&#8230; Rica ediyorum; hi&ccedil; konu\u015fulmak istemiyorum. Ben kendi halimde tak\u0131lan bir insan\u0131m&#8230;&#8221;<\/p>\n<p><img decoding=\"async\" src=\"https:\/\/static.mavikadin.com\/images\/haberler\/23-01\/16\/merve_bolugur_evleniyor-15.jpg\" alt=\"\" title=\"\"><\/p>\n<h3><strong>&#8220;AKL\u0130 MELEKELER\u0130N\u0130 Y\u0130T\u0130RM\u0130\u015e DURUMDA&#8221;<\/strong><\/h3>\n<p>Merve Bolu\u011fur&#8217;un bu s&ouml;zlerine cevap veren Selen G&ouml;rg&uuml;zel zehir zemberek konu\u015ftu; &#8220;&Ccedil;ok ciddiye al\u0131nacak s&ouml;ylemler de\u011fil. &Ccedil;&uuml;nk&uuml; arkada\u015f\u0131m\u0131z ciddiye al\u0131nacak bir pozisyonda de\u011fil. Ben tamamen saf duygularla bir s&ouml;ylemde bulundum ama maalesef bunu bile alg\u0131layamayacak kadar akli melekelerini yitirmi\u015f durumda. Allah yard\u0131mc\u0131s\u0131 olsun. Benim normalde ger&ccedil;ekten hi&ccedil; cevap verip, muhatap olaca\u011f\u0131m bir isim de de\u011fil. Sadece onun i&ccedil;in bir insan olarak iyi niyetlerde ve temennide bulunabilirim ama Allah yolunu a&ccedil;\u0131k etsin. \u0130yi i\u015fler, iyi projelerde bulunsun&#8221; dedi.<\/p>\n<p><img decoding=\"async\" src=\"https:\/\/static.mavikadin.com\/images\/haberler\/23-01\/16\/merve_bolugur_ve_selen_gorguzel_arasinda_sular_durulmuyor_birbirlerine_girdiler-5.jpg\" alt=\"\" title=\"\"><\/p>\n<h3><strong>&#8221;BELK\u0130 B\u0130R G&Uuml;N O, BU, \u015eU DED\u0130\u011e\u0130 \u0130NSANIN PROJES\u0130NDE YER ALAB\u0130L\u0130R&#8221;<\/strong><\/h3>\n<p>Selen G&ouml;rg&uuml;zel, a&ccedil;\u0131klamalar\u0131na b&ouml;yle devam etti;<\/p>\n<p><img decoding=\"async\" src=\"https:\/\/static.mavikadin.com\/images\/haberler\/23-01\/16\/merve_bolugur_ve_selen_gorguzel_arasinda_sular_durulmuyor_birbirlerine_girdiler-7.jpg\" alt=\"\" title=\"\"><\/p>\n<p>&#8221;Ben ta\u015f\u0131m\u0131\u015f oldu\u011fum soy addan, 9 y\u0131l\u0131m\u0131 ge&ccedil;irdi\u011fim evlilikten gurur duyuyorum. Kimse gibi 3 g&uuml;nde evlili\u011fini bitiren bir insan olmad\u0131m. 9 y\u0131l aslanlar gibi aile hayat\u0131m\u0131 devam ettirdim ve sanat camias\u0131 gibi g&ouml;z &ouml;n&uuml;nde oldu\u011fumuz bir hayat\u0131n i&ccedil;erisinde iyisiyle k&ouml;t&uuml;s&uuml;yle, varl\u0131\u011f\u0131yla yoklu\u011fuyla harikulade evlilikti. Ge&ccedil;ti, bitti ama h&acirc;l&acirc; sayg\u0131 &ccedil;er&ccedil;evesi i&ccedil;erisinde eski e\u015fimle (Hamdi Alkan) g&ouml;r&uuml;\u015f&uuml;yorum. Benim eski e\u015fim o, bu, \u015fu de\u011fil. T&uuml;rkiye&#8217;nin en &ouml;nemli, en sayg\u0131n y&ouml;netmenlerinden bir tanesi&#8230; \u0130n\u015fallah bir g&uuml;n o, bu dedi\u011fi y&ouml;netmenin projesinde yer alabilir. B&ouml;yle ithamlarda bulunan bir insan i&ccedil;in &ccedil;ok zor tabii&hellip; Allah yard\u0131mc\u0131 olsun. Mert (Ayd\u0131n) benim &ccedil;ok sevdi\u011fim bir karde\u015fim. Mert; iyiyi, do\u011fruyu, k&ouml;t&uuml;y&uuml;, yanl\u0131\u015f\u0131 ay\u0131r\u0131r. Bir kere hata yapt\u0131, o hatadan da d&ouml;nd&uuml; zaten. Onu &ccedil;ok seviyorum. Allah karde\u015fimizi kurtard\u0131, ne diyeyim&#8230;&#8221;<\/p>\n<p>&nbsp;<\/p>\n<p>&nbsp;<\/p>\n","protected":false},"excerpt":{"rendered":"<p>Konuk oldu\u011fu programda Merve Bolu\u011fur ile ilgili &#8220;Annesi ya da ablas\u0131 olsam pataklayaca\u011f\u0131m. Psikolojin bozuksa git, tedavi ol&#8221; yorumunu yapan Selen G\u00f6rg\u00fczel, Bolu\u011fur&#8217;un kendisini yayl\u0131m ate\u015fine tutmas\u0131n\u0131n ard\u0131ndan Bolu\u011fur&#8217;u k\u0131zd\u0131racak yeni a\u00e7\u0131klamalara imza att\u0131. \u015eark\u0131c\u0131 ve oyuncu &nbsp;Selen G&ouml;rg&uuml;zel, &ouml;nceki gece Kozyata\u011f\u0131&#8217;nda bulunan bir mekanda sahneye &ccedil;\u0131kt\u0131. G&ouml;rg&uuml;zel, annesinin kendisine verdi\u011fi &ouml;\u011f&uuml;tleri kendisini izlemeye gelenlerle [&hellip;]<\/p>\n","protected":false},"author":2,"featured_media":53347,"comment_status":"closed","ping_status":"open","sticky":false,"template":"","format":"standard","meta":{"rank_math_lock_modified_date":false,"footnotes":""},"categories":[76],"tags":[2689,2659,6037],"class_list":["post-53348","post","type-post","status-publish","format-standard","has-post-thumbnail","hentry","category-magazin","tag-merve-bolugur","tag-selen-gorguzel","tag-unluler"],"_links":{"self":[{"href":"https:\/\/www.tgrthaber.com\/mavikadin\/wp-json\/wp\/v2\/posts\/53348"}],"collection":[{"href":"https:\/\/www.tgrthaber.com\/mavikadin\/wp-json\/wp\/v2\/posts"}],"about":[{"href":"https:\/\/www.tgrthaber.com\/mavikadin\/wp-json\/wp\/v2\/types\/post"}],"author":[{"embeddable":true,"href":"https:\/\/www.tgrthaber.com\/mavikadin\/wp-json\/wp\/v2\/users\/2"}],"replies":[{"embeddable":true,"href":"https:\/\/www.tgrthaber.com\/mavikadin\/wp-json\/wp\/v2\/comments?post=53348"}],"version-history":[{"count":1,"href":"https:\/\/www.tgrthaber.com\/mavikadin\/wp-json\/wp\/v2\/posts\/53348\/revisions"}],"predecessor-version":[{"id":53349,"href":"https:\/\/www.tgrthaber.com\/mavikadin\/wp-json\/wp\/v2\/posts\/53348\/revisions\/53349"}],"wp:featuredmedia":[{"embeddable":true,"href":"https:\/\/www.tgrthaber.com\/mavikadin\/wp-json\/wp\/v2\/media\/53347"}],"wp:attachment":[{"href":"https:\/\/www.tgrthaber.com\/mavikadin\/wp-json\/wp\/v2\/media?parent=53348"}],"wp:term":[{"taxonomy":"category","embeddable":true,"href":"https:\/\/www.tgrthaber.com\/mavikadin\/wp-json\/wp\/v2\/categories?post=53348"},{"taxonomy":"post_tag","embeddable":true,"href":"https:\/\/www.tgrthaber.com\/mavikadin\/wp-json\/wp\/v2\/tags?post=53348"}],"curies":[{"name":"wp","href":"https:\/\/api.w.org\/{rel}","templated":true}]}}