{"id":53354,"date":"2023-01-16T14:34:04","date_gmt":"2023-01-16T11:34:04","guid":{"rendered":"https:\/\/new.mavikadin.com\/?p=53354"},"modified":"2024-09-16T14:51:40","modified_gmt":"2024-09-16T11:51:40","slug":"beren-saat-ve-kenan-dogulu-cifti-dun-aksam-agabeyleri-ozan-dogulunun-80ler-konseptli-dogum-gunune-katildi","status":"publish","type":"post","link":"https:\/\/www.tgrthaber.com\/mavikadin\/beren-saat-ve-kenan-dogulu-cifti-dun-aksam-agabeyleri-ozan-dogulunun-80ler-konseptli-dogum-gunune-katildi\/","title":{"rendered":"Beren Saat ve Kenan Do\u011fulu \u00e7ifti, d\u00fcn ak\u015fam a\u011fabeyleri Ozan Do\u011fulu&#8217;nun 80&#8217;ler konseptli do\u011fum g\u00fcn\u00fcne kat\u0131ld\u0131"},"content":{"rendered":"<p>DJ ve aranj\u00f6r olarak bilinen Kenan Do\u011fulu&#8217;nun a\u011fabeyi Ozan Do\u011fulu, \u00f6nceki g\u00fcn 51 ya\u015f\u0131na girdi. Yeni ya\u015f\u0131n\u0131 sevdikleriyle seksenler temal\u0131 bir partide kutlayan Ozan Do\u011fulu&#8217;yu, bu mutlu g\u00fcn\u00fcnde Kenan Do\u011fulu ve Beren Saat yaln\u0131z b\u0131rakmad\u0131.<\/p>\n<p>&nbsp;DJ ve aranj&ouml;r Ozan Do\u011fulu &ouml;nceki g&uuml;n 51 ya\u015f\u0131na girdi. Aralar\u0131ndaki boy ve ya\u015f fark\u0131yla s\u0131k s\u0131k g&uuml;ndem olan Ozan Do\u011fulu partiye k\u0131z arkada\u015f\u0131 ile kat\u0131ld\u0131. Bir&ccedil;ok magazin gazetecisi ve sanat&ccedil;\u0131n\u0131n da yer ald\u0131\u011f\u0131 partide en dikkat &ccedil;eken isim Beren Saat ve Ozan Do\u011fulu &ccedil;ifti oldu.<\/p>\n<h3><strong>SEKSENLER KONSEPTL\u0130 PART\u0130<\/strong><\/h3>\n<p>Geceye birlikte haz\u0131rlanarak gelen Beren Saat ve Kenan Do\u011fulu &ccedil;ifti, sa&ccedil;lar\u0131n\u0131 seksenler modas\u0131 olan k\u0131v\u0131rc\u0131k yaparak geldi. Saat&#8217;in \u0131\u015f\u0131lt\u0131l\u0131 tak\u0131m\u0131 ve Do\u011fulu&#8217;nun k\u0131v\u0131rc\u0131k yapt\u0131\u011f\u0131 sa&ccedil;lar\u0131 gecenin en &ccedil;ok konu\u015fulanlar\u0131 aras\u0131ndayd\u0131.<\/p>\n<h3><strong>OZAN DO\u011eULU K\u0130MD\u0130R?<\/strong><\/h3>\n<p>Ozan Do\u011fulu, 13 Ocak 1972 tarihinde, \u0130stanbul&#8217;da do\u011fdu.<\/p>\n<p><strong>Hayat\u0131<\/strong><\/p>\n<p>\u015eark\u0131c\u0131 Kenan Do\u011fulu&#8217;nun a\u011fabeyi ve besteci merhum Yurdaer Do\u011fulu&#8217;nun o\u011fludur. Annesi ise Serpil Do\u011fulu&#8217;dur. Canan Do\u011fulu ad\u0131nda moda ve tasar\u0131m ile ilgilenen bir k\u0131z karde\u015fi vard\u0131r. Aslen Gazianteplidir.<\/p>\n<p>Uzun bir s&uuml;re Sezen Aksu&#8217;nun orkestra \u015fefli\u011fini yapm\u0131\u015ft\u0131r, \u015fimdilik ise yo\u011fun tempo dolay\u0131s\u0131yla kendisini daha &ccedil;ok karde\u015finin alb&uuml;m ve konser &ccedil;al\u0131\u015fmalar\u0131na vermi\u015ftir. Ayr\u0131ca kendi m&uuml;zik projesi olan &#8220;Ozan Do\u011fulu Live Project&#8221;i DJ performanslar\u0131yla &ccedil;e\u015fitli mek&acirc;nlarda ve etkinliklerde y&uuml;r&uuml;tmektedir.<\/p>\n<p>Ozan Do\u011fulu piyanoyla &ccedil;ocukken tan\u0131\u015ft\u0131 ve Zeki M&uuml;ren d&acirc;hil olmak &uuml;zere bir&ccedil;ok sanat&ccedil;\u0131n\u0131n arkas\u0131nda &ccedil;ald\u0131. G&uuml;n&uuml;n&uuml;n &ccedil;o\u011fu vaktini piyano &ccedil;almaya adad\u0131 ve konservatuvar\u0131 birincilikle bitirdi.<\/p>\n<p>2003 y\u0131l\u0131nda Bursa&#8217;da Sezen Aksu konserinde tan\u0131\u015ft\u0131\u011f\u0131 Ece Yosmao\u011flu ile 18 Aral\u0131k 2007 tarihinde Maslak Refresh The Venue&#8217;de evlenmi\u015ftir. \u0130lk k\u0131zlar\u0131 Arya, 24 May\u0131s 2008 tarihinde d&uuml;nyaya gelmi\u015ftir. &Ccedil;iftin daha sonra Lila ve Elya ad\u0131nda iki k\u0131z\u0131 daha d&uuml;nyaya gelmi\u015f ve &ccedil;ift 2018 y\u0131l\u0131nda bo\u015fanm\u0131\u015ft\u0131r.<\/p>\n<p>15 Haziran 2010 tarihinde DMC&#8217;den 130 Bpm isimli ilk alb&uuml;m&uuml;n&uuml; &ccedil;\u0131karm\u0131\u015f ve bu alb&uuml;mde sanat&ccedil;\u0131ya Sezen Aksu, Tarkan, Kenan Do\u011fulu, S\u0131la, Ferhat G&ouml;&ccedil;er, Ajda Pekkan, Mustafa Ceceli, Ziynet Sali ve Agusev Brass Band e\u015flik etmi\u015ftir. Alb&uuml;m&uuml;n ilk klibi, s&ouml;zlerinin S\u0131la&#8217;ya ve m&uuml;zi\u011finin Ozan Do\u011fulu&#8217;ya ait oldu\u011fu &#8220;Alain Delon&#8221; isimli \u015fark\u0131ya &ccedil;ekilmi\u015f ve Haziran ay\u0131nda g&ouml;sterime girmi\u015ftir. \u0130kinci klip ise Ziynet Sali&#8217;nin seslendirdi\u011fi &#8220;Sen Mutlu Ol&#8221; \u015fark\u0131s\u0131na &ccedil;ekilmi\u015ftir.<\/p>\n","protected":false},"excerpt":{"rendered":"<p>DJ ve aranj\u00f6r olarak bilinen Kenan Do\u011fulu&#8217;nun a\u011fabeyi Ozan Do\u011fulu, \u00f6nceki g\u00fcn 51 ya\u015f\u0131na girdi. Yeni ya\u015f\u0131n\u0131 sevdikleriyle seksenler temal\u0131 bir partide kutlayan Ozan Do\u011fulu&#8217;yu, bu mutlu g\u00fcn\u00fcnde Kenan Do\u011fulu ve Beren Saat yaln\u0131z b\u0131rakmad\u0131. &nbsp;DJ ve aranj&ouml;r Ozan Do\u011fulu &ouml;nceki g&uuml;n 51 ya\u015f\u0131na girdi. Aralar\u0131ndaki boy ve ya\u015f fark\u0131yla s\u0131k s\u0131k g&uuml;ndem olan Ozan [&hellip;]<\/p>\n","protected":false},"author":2,"featured_media":53353,"comment_status":"closed","ping_status":"open","sticky":false,"template":"","format":"standard","meta":{"rank_math_lock_modified_date":false,"footnotes":""},"categories":[76],"tags":[41557,3154,41558,6638,3054],"class_list":["post-53354","post","type-post","status-publish","format-standard","has-post-thumbnail","hentry","category-magazin","tag-80ler-konsept","tag-beren-saat","tag-dogulu-kardesler","tag-kenan-dogulu","tag-ozan-dogulu"],"_links":{"self":[{"href":"https:\/\/www.tgrthaber.com\/mavikadin\/wp-json\/wp\/v2\/posts\/53354"}],"collection":[{"href":"https:\/\/www.tgrthaber.com\/mavikadin\/wp-json\/wp\/v2\/posts"}],"about":[{"href":"https:\/\/www.tgrthaber.com\/mavikadin\/wp-json\/wp\/v2\/types\/post"}],"author":[{"embeddable":true,"href":"https:\/\/www.tgrthaber.com\/mavikadin\/wp-json\/wp\/v2\/users\/2"}],"replies":[{"embeddable":true,"href":"https:\/\/www.tgrthaber.com\/mavikadin\/wp-json\/wp\/v2\/comments?post=53354"}],"version-history":[{"count":1,"href":"https:\/\/www.tgrthaber.com\/mavikadin\/wp-json\/wp\/v2\/posts\/53354\/revisions"}],"predecessor-version":[{"id":53355,"href":"https:\/\/www.tgrthaber.com\/mavikadin\/wp-json\/wp\/v2\/posts\/53354\/revisions\/53355"}],"wp:featuredmedia":[{"embeddable":true,"href":"https:\/\/www.tgrthaber.com\/mavikadin\/wp-json\/wp\/v2\/media\/53353"}],"wp:attachment":[{"href":"https:\/\/www.tgrthaber.com\/mavikadin\/wp-json\/wp\/v2\/media?parent=53354"}],"wp:term":[{"taxonomy":"category","embeddable":true,"href":"https:\/\/www.tgrthaber.com\/mavikadin\/wp-json\/wp\/v2\/categories?post=53354"},{"taxonomy":"post_tag","embeddable":true,"href":"https:\/\/www.tgrthaber.com\/mavikadin\/wp-json\/wp\/v2\/tags?post=53354"}],"curies":[{"name":"wp","href":"https:\/\/api.w.org\/{rel}","templated":true}]}}