{"id":53360,"date":"2023-01-16T15:07:03","date_gmt":"2023-01-16T12:07:03","guid":{"rendered":"https:\/\/new.mavikadin.com\/?p=53360"},"modified":"2024-09-16T14:51:50","modified_gmt":"2024-09-16T11:51:50","slug":"selin-sekerci-itiraf-etti-psikolojik-destek-aliyorum","status":"publish","type":"post","link":"https:\/\/www.tgrthaber.com\/mavikadin\/selin-sekerci-itiraf-etti-psikolojik-destek-aliyorum\/","title":{"rendered":"Selin \u015eekerci itiraf etti: Psikolojik destek al\u0131yorum"},"content":{"rendered":"<p>Oyuncu Selin \u015eekerci, ge\u00e7ti\u011fimiz g\u00fcnlerde verdi\u011fi bir r\u00f6portaj\u0131nda bu sekt\u00f6rde yer alman\u0131n zorluklar\u0131ndan bahsetmi\u015f ve ya\u015fad\u0131\u011f\u0131 k\u00f6t\u00fc tecr\u00fcbeleri anlatm\u0131\u015ft\u0131. \u015eekerci, otizmli gen\u00e7 bir k\u0131z\u0131 canland\u0131rd\u0131\u011f\u0131 son filmi &#8216;Sevda Mecburi \u0130stikamet&#8217; i \u0130stanbul Otizm G\u00f6n\u00fcll\u00fcleri Derne\u011fi \u00fcyeleri ve otizmli \u00e7ocuklar\u0131n aileleriyle izledi ve itiraf etti; Psikolojik destek al\u0131yorum&#8221;<\/p>\n<p>Y&ouml;netmen koltu\u011funda &Ccedil;a\u011fan Irmak&rsquo;\u0131n oturdu\u011fu, ba\u015frollerini Sel&ccedil;uk Y&ouml;ntem, Selin \u015eekerci, Kubilay Aka, Elif Ceren Bal\u0131k&ccedil;\u0131 ve G&uuml;nay Karacao\u011flu&rsquo;nun payla\u015ft\u0131\u011f\u0131 &lsquo;Sevda Mecburi \u0130stikamet&rsquo;, izleyicilerle 6 Ocak&rsquo;ta bulu\u015fmu\u015ftu.<\/p>\n<p>Filmde otizm bir gen&ccedil; k\u0131z\u0131 canland\u0131ran Selin \u015eekerci, \u0130stanbul Otizm G&ouml;n&uuml;ll&uuml;leri Derne\u011fi &uuml;yeleri ve otizmli &ccedil;ocuklar\u0131n aileleriyle birlikte &#8216;Sevda Mecburi \u0130stikamet&#8217; filmini izledi.<\/p>\n<h3><strong>&#8220;A\u015eIRI DUYGUSALIM&#8221;<\/strong><\/h3>\n<p>Filmden hemen &ouml;nce objektiflere poz veren muhabirlerin sorular\u0131n\u0131 yan\u0131tlayan Selin \u015eekerci, &ccedil;ok duygusal oldu\u011funu anlatt\u0131 ve s&ouml;zlerine ekledi;<\/p>\n<p>&#8221;Art\u0131k bir \u015fey s&ouml;yleyemiyorum. S&uuml;rekli a\u011fl\u0131yorum. \u015eu an mutluyum. Bug&uuml;n yap\u0131lan bulu\u015fma niye bu filmi yapt\u0131\u011f\u0131m\u0131 bir kez daha bana anlatt\u0131. B&ouml;yle bir sorumlulu\u011fun bana verilmesinin gururunu ya\u015f\u0131yorum. A\u015f\u0131r\u0131 duygusal\u0131m. \u0130n\u015fallah bir faydam olur&#8221;<\/p>\n<p><img decoding=\"async\" src=\"https:\/\/static.mavikadin.com\/images\/haberler\/23-01\/16\/selin_sekerci_den_itiraf_psikolojik_destek_aliyorum-1.jpg\" alt=\"\" title=\"\"><\/p>\n<h3><strong>&#8220;ONU KOPYALAYIP KEND\u0130 KARAKTER\u0130M\u0130 OLU\u015eTURDUM&#8221;<\/strong><\/h3>\n<p>Canland\u0131rd\u0131\u011f\u0131 karaktere iki hafta gibi k\u0131s\u0131tl\u0131 bir zamanda &ccedil;al\u0131\u015ft\u0131\u011f\u0131n\u0131 s&ouml;yleyen oyuncu; &#8221;Bir \u015feyler okudum ve izledim. Benim en b&uuml;y&uuml;k destek&ccedil;im ve b&uuml;t&uuml;n bilgileri ald\u0131\u011f\u0131m Ozan var, Sedef Han\u0131m&#8217;\u0131n o\u011flu&#8230; Onlar her g&uuml;n yan\u0131mdalard\u0131, settelerdi. Hep Ozan&rsquo;\u0131 g&ouml;zlemledim. Mesela filmde aksesuar\u0131m kamera&#8230; Onu ilk Ozan&rsquo;a verdim. O nas\u0131l tutmak istiyor diye g&ouml;rmek istedim. Ben de o \u015fekilde tuttum. Beraber yemek yedik, sohbet ettik. O bana yolda\u015fl\u0131k etti. Asl\u0131nda Ozan&rsquo;\u0131 kopyalay\u0131p, kendi &#8216;Suna&rsquo;m\u0131 olu\u015fturdum&#8221; dedi.<\/p>\n<p><img decoding=\"async\" src=\"https:\/\/static.mavikadin.com\/images\/haberler\/23-01\/16\/selin_sekerci_den_itiraf_psikolojik_destek_aliyorum-6.jpg\" alt=\"\" title=\"\"><\/p>\n<h3><strong>&#8220;PS\u0130KOLOJ\u0130K DESTEK ALIYORUM&#8221;<\/strong><\/h3>\n<p>Selin \u015eekerci, &ldquo;Filmden sonra psikolojik destek ald\u0131n\u0131z m\u0131?&rdquo; sorusuna, &#8220;Zaten psikolojik deste\u011fi d&uuml;zenli olarak al\u0131yorum. Her hafta d&uuml;zenli terapiye giderim. Bir s&uuml;r&uuml; meslekte bence gerekiyor. Bizim yapt\u0131\u011f\u0131m\u0131z i\u015fte yolda y&uuml;r&uuml;mek biraz zor&#8221; \u015feklinde cevap verdi.<\/p>\n<p><img decoding=\"async\" src=\"https:\/\/static.mavikadin.com\/images\/haberler\/23-01\/16\/selin_sekerci_den_itiraf_psikolojik_destek_aliyorum-5.jpg\" alt=\"\" title=\"\"><\/p>\n<p>Selin \u015eekerci, gazetecilerin, &#8220;Meslekten dolay\u0131 g&uuml;vensizlik mi ya\u015f\u0131yorsunuz?&#8221; sorusunu, &#8220;O da var&#8230; Bir s&uuml;r&uuml; etken var. Ba\u015fka ba\u015fka karakterler oynuyorsunuz, sa\u011fl\u0131kl\u0131 kalabilmek &ccedil;ok zor. Bu anlamda psikolojik destek almak gerekiyor. Bir de &ccedil;ok insanla muhatap oluyoruz. Normal birinin ald\u0131\u011f\u0131 tepkinin bin kat\u0131n\u0131 al\u0131yoruz. Onu da iyisiyle k&ouml;t&uuml;s&uuml;yle ba\u015farabilmek laz\u0131m. Dolay\u0131s\u0131yla psikolojik destek almam\u0131z \u015fart. Bu s&uuml;re&ccedil;te de spektrum travmalar\u0131na hayat verdi\u011fim i&ccedil;in psikolojik destek ald\u0131m&#8221; s&ouml;zleriyle devam etti.<\/p>\n","protected":false},"excerpt":{"rendered":"<p>Oyuncu Selin \u015eekerci, ge\u00e7ti\u011fimiz g\u00fcnlerde verdi\u011fi bir r\u00f6portaj\u0131nda bu sekt\u00f6rde yer alman\u0131n zorluklar\u0131ndan bahsetmi\u015f ve ya\u015fad\u0131\u011f\u0131 k\u00f6t\u00fc tecr\u00fcbeleri anlatm\u0131\u015ft\u0131. \u015eekerci, otizmli gen\u00e7 bir k\u0131z\u0131 canland\u0131rd\u0131\u011f\u0131 son filmi &#8216;Sevda Mecburi \u0130stikamet&#8217; i \u0130stanbul Otizm G\u00f6n\u00fcll\u00fcleri Derne\u011fi \u00fcyeleri ve otizmli \u00e7ocuklar\u0131n aileleriyle izledi ve itiraf etti; Psikolojik destek al\u0131yorum&#8221; Y&ouml;netmen koltu\u011funda &Ccedil;a\u011fan Irmak&rsquo;\u0131n oturdu\u011fu, ba\u015frollerini Sel&ccedil;uk Y&ouml;ntem, [&hellip;]<\/p>\n","protected":false},"author":2,"featured_media":53359,"comment_status":"closed","ping_status":"open","sticky":false,"template":"","format":"standard","meta":{"rank_math_lock_modified_date":false,"footnotes":""},"categories":[76],"tags":[1426,7370,40882,2985,41560],"class_list":["post-53360","post","type-post","status-publish","format-standard","has-post-thumbnail","hentry","category-magazin","tag-otizm","tag-oyuncu","tag-psikolojik-destek","tag-selin-sekerci","tag-sevda-mecburi-istikamet"],"_links":{"self":[{"href":"https:\/\/www.tgrthaber.com\/mavikadin\/wp-json\/wp\/v2\/posts\/53360"}],"collection":[{"href":"https:\/\/www.tgrthaber.com\/mavikadin\/wp-json\/wp\/v2\/posts"}],"about":[{"href":"https:\/\/www.tgrthaber.com\/mavikadin\/wp-json\/wp\/v2\/types\/post"}],"author":[{"embeddable":true,"href":"https:\/\/www.tgrthaber.com\/mavikadin\/wp-json\/wp\/v2\/users\/2"}],"replies":[{"embeddable":true,"href":"https:\/\/www.tgrthaber.com\/mavikadin\/wp-json\/wp\/v2\/comments?post=53360"}],"version-history":[{"count":1,"href":"https:\/\/www.tgrthaber.com\/mavikadin\/wp-json\/wp\/v2\/posts\/53360\/revisions"}],"predecessor-version":[{"id":53361,"href":"https:\/\/www.tgrthaber.com\/mavikadin\/wp-json\/wp\/v2\/posts\/53360\/revisions\/53361"}],"wp:featuredmedia":[{"embeddable":true,"href":"https:\/\/www.tgrthaber.com\/mavikadin\/wp-json\/wp\/v2\/media\/53359"}],"wp:attachment":[{"href":"https:\/\/www.tgrthaber.com\/mavikadin\/wp-json\/wp\/v2\/media?parent=53360"}],"wp:term":[{"taxonomy":"category","embeddable":true,"href":"https:\/\/www.tgrthaber.com\/mavikadin\/wp-json\/wp\/v2\/categories?post=53360"},{"taxonomy":"post_tag","embeddable":true,"href":"https:\/\/www.tgrthaber.com\/mavikadin\/wp-json\/wp\/v2\/tags?post=53360"}],"curies":[{"name":"wp","href":"https:\/\/api.w.org\/{rel}","templated":true}]}}