{"id":53369,"date":"2023-01-16T17:02:03","date_gmt":"2023-01-16T14:02:03","guid":{"rendered":"https:\/\/new.mavikadin.com\/?p=53369"},"modified":"2024-09-16T14:52:10","modified_gmt":"2024-09-16T11:52:10","slug":"perihan-savas-butun-adetlere-uyuyor-kina-gecesinde-gelinine-altin-takti","status":"publish","type":"post","link":"https:\/\/www.tgrthaber.com\/mavikadin\/perihan-savas-butun-adetlere-uyuyor-kina-gecesinde-gelinine-altin-takti\/","title":{"rendered":"Perihan Sava\u015f, b\u00fct\u00fcn adetlere uyuyor! K\u0131na gecesinde gelinine alt\u0131n takt\u0131"},"content":{"rendered":"<p>Perihan Sava\u015f, Y\u0131lmaz Zafer ile evlili\u011finde olan o\u011flu Sava\u015f Zafer&#8217;i fenomen Melis Ketenci ile evlendiriyor. D\u00fcn gece k\u0131na gecesi yapan Melis Ketenci, adet gere\u011fi avucunu a\u00e7may\u0131nca, kay\u0131nvalide Perihan Sava\u015f hemen yeti\u015fti ve gelinine alt\u0131n takt\u0131.<\/p>\n<p>Perihan Sava\u015f, 1995 y\u0131l\u0131nda kaybetti\u011fi e\u015fi Y\u0131lmaz Zafer ile o\u011fullar\u0131 i\u015fletmeci Sava\u015f Zafer&#8217;i evlendirmenin mutlulu\u011funu ya\u015f\u0131yor. Sava\u015f Zafer evlilik i&ccedil;in ilk hamleyi 28 Kas\u0131m&#8217;da evlilik teklif ederek yapm\u0131\u015ft\u0131. &#8216;Evet&#8217; cevab\u0131 alan Sava\u015f Zafer, annesi Perihan Sava\u015f ve \u0130brahim Tatl\u0131ses ile k\u0131zlar\u0131 Melek Z&uuml;beyde&#8217;yi de alarak Ketenci&#8217;nin ailesinin ya\u015fad\u0131\u011f\u0131 eve gitmi\u015f ve burada duygusal bir konu\u015fma ile o\u011fluna Melis Ketenci&#8217;yi istemi\u015fti. \u0130kili d&uuml;n ak\u015fam ailelerin ve arkada\u015flar\u0131n\u0131n kat\u0131ld\u0131\u011f\u0131 bir organizasyonla bir k\u0131na gecesi yapt\u0131.<\/p>\n<h3><strong>&#8220;A\u0130LEM\u0130ZE HO\u015e GELD\u0130N KIZIM&#8221;<\/strong><\/h3>\n<p>Perihan Sava\u015f, o\u011flu Sava\u015f Zafer&#8217;in evlilik teklifini sosyal medya hesab\u0131ndan yay\u0131nlad\u0131\u011f\u0131 bir foto\u011frafla duyurmu\u015f ve &#8221;Bir kar k&uuml;resiyle ba\u015flayan a\u015fk mutlu sona ilerliyor. Ailemize ho\u015f geldin k\u0131z\u0131m&#8221; yazarak i&ccedil;ten bir mesajla tebrik etmi\u015fti.<\/p>\n<p><img decoding=\"async\" src=\"https:\/\/static.mavikadin.com\/images\/haberler\/23-01\/16\/perihan_sava_butun_adetlere_uyuyor_kina_gecesinde_altin_takti-8.jpg\" alt=\"\" title=\"\"><\/p>\n<p>Perihan Sava\u015f, Melis Ketenci ve annesi<\/p>\n<h3><strong>KINA GECES\u0130NDE E\u011eLENCEL\u0130 ANLAR<\/strong><\/h3>\n<p>Evlilik haz\u0131rl\u0131klar\u0131n\u0131 h\u0131zla tamamlayan ikili, ocak ay\u0131nda nikah masas\u0131na oturmaya haz\u0131rlan\u0131yor. Adetleri uygulayan Sava\u015f Zafer ve Melis Ketenci d&uuml;n gece k\u0131na gecesi organize etti. Geceden renkli g&ouml;r&uuml;nt&uuml;leri Melis Ketenci sosyal medya hesab\u0131ndan payla\u015ft\u0131.<\/p>\n<p><img decoding=\"async\" src=\"https:\/\/static.mavikadin.com\/images\/haberler\/23-01\/16\/perihan_sava_butun_adetlere_uyuyor_kina_gecesinde_altin_takti-3.jpg\" alt=\"\" title=\"\"><\/p>\n<h3><strong>&#8220;MA\u015eALLAH KIZIMA&#8221;<\/strong><\/h3>\n<p>Renkli anlar\u0131n ya\u015fand\u0131\u011f\u0131 k\u0131na gecesindeki foto\u011fraflar sosyal medya kullan\u0131c\u0131lar\u0131 taraf\u0131ndan ilgiyle takip edildi. Melis Ketenci k\u0131na yak\u0131l\u0131rken ellerini a&ccedil;may\u0131nca kay\u0131nvalide Perihan Sava\u015f yeti\u015fti. Gelininin avu&ccedil;lar\u0131na cumhuriyet alt\u0131n\u0131 koyan kay\u0131nvalide, daha sonra gelini Melis Ketenci&#8217;yi aln\u0131ndan &ouml;pt&uuml;. Usta oyuncu o anlara ait foto\u011fraflar\u0131 sosyal medya hesab\u0131ndan &#8221;Ma\u015fallah K\u0131z\u0131ma&#8221; notuyla payla\u015ft\u0131.<\/p>\n<p><img decoding=\"async\" src=\"https:\/\/static.mavikadin.com\/images\/haberler\/23-01\/16\/perihan_sava_butun_adetlere_uyuyor_kina_gecesinde_altin_takti-4.jpg\" alt=\"\" title=\"\"><\/p>\n<p>D&uuml;\u011f&uuml;ne Perihan Sava\u015f ve \u0130brahim Tatl\u0131ses&#8217;in k\u0131z\u0131 Melek Z&uuml;beyde Tatl\u0131 da kat\u0131ld\u0131.<\/p>\n<p><img decoding=\"async\" src=\"https:\/\/static.mavikadin.com\/images\/haberler\/23-01\/16\/untitled-3.jpg\" alt=\"\" title=\"\"><\/p>\n<h3><strong>D&Uuml;\u011e&Uuml;N BO\u011eAZ MANZARASINDA<\/strong><\/h3>\n<p>Perihan Sava\u015f, o\u011flu Sava\u015f Zafer ve Melis Ketenci&#8217;nin d&uuml;\u011f&uuml;n&uuml;n&uuml; Bo\u011faz manzaral\u0131 l&uuml;ks bir otelde yapacak. Gen&ccedil; &ccedil;ift, i\u015flerinin fazla olmas\u0131 sebebiyle balay\u0131 tatilini mart ay\u0131na planlad\u0131.<\/p>\n<p>&nbsp;<\/p>\n","protected":false},"excerpt":{"rendered":"<p>Perihan Sava\u015f, Y\u0131lmaz Zafer ile evlili\u011finde olan o\u011flu Sava\u015f Zafer&#8217;i fenomen Melis Ketenci ile evlendiriyor. D\u00fcn gece k\u0131na gecesi yapan Melis Ketenci, adet gere\u011fi avucunu a\u00e7may\u0131nca, kay\u0131nvalide Perihan Sava\u015f hemen yeti\u015fti ve gelinine alt\u0131n takt\u0131. Perihan Sava\u015f, 1995 y\u0131l\u0131nda kaybetti\u011fi e\u015fi Y\u0131lmaz Zafer ile o\u011fullar\u0131 i\u015fletmeci Sava\u015f Zafer&#8217;i evlendirmenin mutlulu\u011funu ya\u015f\u0131yor. Sava\u015f Zafer evlilik i&ccedil;in [&hellip;]<\/p>\n","protected":false},"author":2,"featured_media":53368,"comment_status":"closed","ping_status":"open","sticky":false,"template":"","format":"standard","meta":{"rank_math_lock_modified_date":false,"footnotes":""},"categories":[76],"tags":[41562,4209,16084,679,4898,16085],"class_list":["post-53369","post","type-post","status-publish","format-standard","has-post-thumbnail","hentry","category-magazin","tag-altin-takma","tag-kina-gecesi","tag-melis-ketenci","tag-perihan","tag-perihan-savas","tag-savas-zafer"],"_links":{"self":[{"href":"https:\/\/www.tgrthaber.com\/mavikadin\/wp-json\/wp\/v2\/posts\/53369"}],"collection":[{"href":"https:\/\/www.tgrthaber.com\/mavikadin\/wp-json\/wp\/v2\/posts"}],"about":[{"href":"https:\/\/www.tgrthaber.com\/mavikadin\/wp-json\/wp\/v2\/types\/post"}],"author":[{"embeddable":true,"href":"https:\/\/www.tgrthaber.com\/mavikadin\/wp-json\/wp\/v2\/users\/2"}],"replies":[{"embeddable":true,"href":"https:\/\/www.tgrthaber.com\/mavikadin\/wp-json\/wp\/v2\/comments?post=53369"}],"version-history":[{"count":1,"href":"https:\/\/www.tgrthaber.com\/mavikadin\/wp-json\/wp\/v2\/posts\/53369\/revisions"}],"predecessor-version":[{"id":53370,"href":"https:\/\/www.tgrthaber.com\/mavikadin\/wp-json\/wp\/v2\/posts\/53369\/revisions\/53370"}],"wp:featuredmedia":[{"embeddable":true,"href":"https:\/\/www.tgrthaber.com\/mavikadin\/wp-json\/wp\/v2\/media\/53368"}],"wp:attachment":[{"href":"https:\/\/www.tgrthaber.com\/mavikadin\/wp-json\/wp\/v2\/media?parent=53369"}],"wp:term":[{"taxonomy":"category","embeddable":true,"href":"https:\/\/www.tgrthaber.com\/mavikadin\/wp-json\/wp\/v2\/categories?post=53369"},{"taxonomy":"post_tag","embeddable":true,"href":"https:\/\/www.tgrthaber.com\/mavikadin\/wp-json\/wp\/v2\/tags?post=53369"}],"curies":[{"name":"wp","href":"https:\/\/api.w.org\/{rel}","templated":true}]}}