{"id":53816,"date":"2023-01-31T11:10:41","date_gmt":"2023-01-31T08:10:41","guid":{"rendered":"https:\/\/new.mavikadin.com\/?p=53816"},"modified":"2024-09-16T15:09:23","modified_gmt":"2024-09-16T12:09:23","slug":"meltem-miraloglu-hamilelik-iddialarina-yanit-verdi","status":"publish","type":"post","link":"https:\/\/www.tgrthaber.com\/mavikadin\/meltem-miraloglu-hamilelik-iddialarina-yanit-verdi\/","title":{"rendered":"Meltem Miralo\u011flu &#8216;hamilelik&#8217; iddialar\u0131na yan\u0131t verdi"},"content":{"rendered":"<p>Oyuncu Meltem Miralo\u011flu, Amerika&#8217;ya yerle\u015fmi\u015f ve bir s\u00fcre sonra tan\u0131\u015ft\u0131\u011f\u0131 80 ya\u015f\u0131ndaki Patrick Grady ile evlendi\u011fi \u00f6\u011frenilmi\u015fti. Miralo\u011flu&#8217;nun t\u00fcp bebek tedavisi g\u00f6rd\u00fc\u011f\u00fc ve hamile oldu\u011fu iddia edilmi\u015fti. \u00dcnl\u00fc isim o iddialara ilk kez yan\u0131t verdi.<\/p>\n<p>Oyuncu Meltem Miralo\u011flu, T&uuml;rkiye&#8217;de dizi ve film tekliflerini alamad\u0131\u011f\u0131n\u0131 d&uuml;\u015f&uuml;nerek&nbsp; Amerika&#8217;ya gitmi\u015fti. Burada kendisinden 48 ya\u015f b&uuml;y&uuml;k Patrick Grady ile tan\u0131\u015fan Miralo\u011flu evlenmi\u015fti. 80 ya\u015f\u0131ndaki Amerikal\u0131 Patrick Grady ile evlenen Meltem Miralo\u011flu, T&uuml;rkiye&#8217;de g&uuml;ndem olmu\u015ftu.<\/p>\n<p><img decoding=\"async\" src=\"https:\/\/static.mavikadin.com\/images\/haberler\/23-01\/31\/meltem_miraloglundan_hamilelik_iddialarina_yanit-1.jpg\" alt=\"\" title=\"\"><\/p>\n<p>Meltem Miralo\u011flu&#8217;nun evlendikten sonra &ccedil;ocuk sahibi olmak istedi\u011fi ve bu nedenle t&uuml;p bebek tedavisine ba\u015flad\u0131\u011f\u0131 iddia edildi. D&ouml;rt kez d&uuml;\u015f&uuml;k yapan Miralo\u011flu&#8217;nun hamile oldu\u011fu iddia edilmi\u015fti.&nbsp;<\/p>\n<p><img decoding=\"async\" src=\"https:\/\/static.mavikadin.com\/images\/haberler\/23-01\/31\/meltem_miraloglundan_hamilelik_iddialarina_yanit-7.jpg\" alt=\"\" title=\"\"><\/p>\n<p>Onur Akay&#8217;\u0131n haberine g&ouml;re Meltem Miralo\u011flu, be\u015finci denemede t&uuml;p bebek sahibi olmu\u015ftu.<\/p>\n<p><img decoding=\"async\" src=\"https:\/\/static.mavikadin.com\/images\/haberler\/23-01\/31\/meltem_miraloglundan_hamilelik_iddialarina_yanit-3.jpg\" alt=\"\" title=\"\"><\/p>\n<p>Meltem Miralo\u011flu, hamilelik haberleriyle ilgili sosyal medya hesab\u0131ndan yapt\u0131\u011f\u0131 bir a&ccedil;\u0131klama ile s&ouml;ylentilere son noktay\u0131 koydu.&nbsp;<\/p>\n<p><img decoding=\"async\" src=\"https:\/\/static.mavikadin.com\/images\/haberler\/23-01\/31\/meltem_miraloglundan_hamilelik_iddialarina_yanit-5.jpg\" alt=\"\" title=\"\"><\/p>\n<p>Meltem Miralo\u011flu&#8217;nun &ccedil;ocu\u011funun do\u011fdu\u011funu bile s&ouml;yleyenler &ccedil;\u0131k\u0131nca &uuml;nl&uuml; isim; &#8221;Hamile de\u011filim, &ccedil;ocu\u011fum yok&#8221; diyerek bir a&ccedil;\u0131klamada bulundu.<\/p>\n<p><img decoding=\"async\" src=\"https:\/\/static.mavikadin.com\/images\/haberler\/23-01\/31\/meltem_miraloglundan_hamilelik_iddialarina_yanit-8.jpg\" alt=\"\" title=\"\"><\/p>\n<p>Di\u011fer taraftan 2019 y\u0131l\u0131ndan bu yana Amerika&#8217;da ya\u015fayan Meltem Miralo\u011flu&#8217;nun; &#8221;Beni ekranda g&ouml;rememenizin sebebi, \u015fu an bir proje teklifi gelmiyor ve proje teklifi alamad\u0131\u011f\u0131m i&ccedil;in ben bug&uuml;n Amerika&rsquo;day\u0131m ve beni ekranda g&ouml;remiyorsunuz&#8221; dedi\u011fi iddia edildi.<\/p>\n","protected":false},"excerpt":{"rendered":"<p>Oyuncu Meltem Miralo\u011flu, Amerika&#8217;ya yerle\u015fmi\u015f ve bir s\u00fcre sonra tan\u0131\u015ft\u0131\u011f\u0131 80 ya\u015f\u0131ndaki Patrick Grady ile evlendi\u011fi \u00f6\u011frenilmi\u015fti. Miralo\u011flu&#8217;nun t\u00fcp bebek tedavisi g\u00f6rd\u00fc\u011f\u00fc ve hamile oldu\u011fu iddia edilmi\u015fti. \u00dcnl\u00fc isim o iddialara ilk kez yan\u0131t verdi. Oyuncu Meltem Miralo\u011flu, T&uuml;rkiye&#8217;de dizi ve film tekliflerini alamad\u0131\u011f\u0131n\u0131 d&uuml;\u015f&uuml;nerek&nbsp; Amerika&#8217;ya gitmi\u015fti. Burada kendisinden 48 ya\u015f b&uuml;y&uuml;k Patrick Grady ile [&hellip;]<\/p>\n","protected":false},"author":2,"featured_media":53815,"comment_status":"closed","ping_status":"open","sticky":false,"template":"","format":"standard","meta":{"rank_math_lock_modified_date":false,"footnotes":""},"categories":[76],"tags":[40998,1134,8978,6615],"class_list":["post-53816","post","type-post","status-publish","format-standard","has-post-thumbnail","hentry","category-magazin","tag-hamilelik-iddialari","tag-meltem","tag-meltem-miraloglu","tag-tup-bebek"],"_links":{"self":[{"href":"https:\/\/www.tgrthaber.com\/mavikadin\/wp-json\/wp\/v2\/posts\/53816"}],"collection":[{"href":"https:\/\/www.tgrthaber.com\/mavikadin\/wp-json\/wp\/v2\/posts"}],"about":[{"href":"https:\/\/www.tgrthaber.com\/mavikadin\/wp-json\/wp\/v2\/types\/post"}],"author":[{"embeddable":true,"href":"https:\/\/www.tgrthaber.com\/mavikadin\/wp-json\/wp\/v2\/users\/2"}],"replies":[{"embeddable":true,"href":"https:\/\/www.tgrthaber.com\/mavikadin\/wp-json\/wp\/v2\/comments?post=53816"}],"version-history":[{"count":1,"href":"https:\/\/www.tgrthaber.com\/mavikadin\/wp-json\/wp\/v2\/posts\/53816\/revisions"}],"predecessor-version":[{"id":53817,"href":"https:\/\/www.tgrthaber.com\/mavikadin\/wp-json\/wp\/v2\/posts\/53816\/revisions\/53817"}],"wp:featuredmedia":[{"embeddable":true,"href":"https:\/\/www.tgrthaber.com\/mavikadin\/wp-json\/wp\/v2\/media\/53815"}],"wp:attachment":[{"href":"https:\/\/www.tgrthaber.com\/mavikadin\/wp-json\/wp\/v2\/media?parent=53816"}],"wp:term":[{"taxonomy":"category","embeddable":true,"href":"https:\/\/www.tgrthaber.com\/mavikadin\/wp-json\/wp\/v2\/categories?post=53816"},{"taxonomy":"post_tag","embeddable":true,"href":"https:\/\/www.tgrthaber.com\/mavikadin\/wp-json\/wp\/v2\/tags?post=53816"}],"curies":[{"name":"wp","href":"https:\/\/api.w.org\/{rel}","templated":true}]}}