{"id":53840,"date":"2023-01-31T15:39:07","date_gmt":"2023-01-31T12:39:07","guid":{"rendered":"https:\/\/new.mavikadin.com\/?p=53840"},"modified":"2024-09-16T15:10:16","modified_gmt":"2024-09-16T12:10:16","slug":"esi-sinasi-yuzbasioglunun-muge-anliya-aldigi-tasarim-yuzuk-ilk-kez-goruntulendi","status":"publish","type":"post","link":"https:\/\/www.tgrthaber.com\/mavikadin\/esi-sinasi-yuzbasioglunun-muge-anliya-aldigi-tasarim-yuzuk-ilk-kez-goruntulendi\/","title":{"rendered":"E\u015fi Sinasi Y\u00fczba\u015f\u0131o\u011flu&#8217;nun M\u00fcge Anl\u0131&#8217;ya ald\u0131\u011f\u0131 tasar\u0131m y\u00fcz\u00fck ilk kez g\u00f6r\u00fcnt\u00fclendi"},"content":{"rendered":"<p>Ge\u00e7ti\u011fimiz haziran ay\u0131nda Emniyet M\u00fcd\u00fcr\u00fc \u015einasi Y\u00fczba\u015f\u0131o\u011flu ile evlenen M\u00fcge Anl\u0131, her sabah izleyicileri ile ekranlarda bulu\u015fuyor. \u00dcnl\u00fc sunucunun, e\u015fi \u015einasi Y\u00fczba\u015f\u0131o\u011flu taraf\u0131ndan kendisine hediye edilen tasar\u0131m y\u00fcz\u00fck, bu g\u00fcnk\u00fc programda ilk kez bu kadar yak\u0131ndan g\u00f6r\u00fcnt\u00fclendi.<\/p>\n<p>M&uuml;ge Anl\u0131, sunuculu\u011funu yapt\u0131\u011f\u0131 program\u0131n sezon finali b&ouml;l&uuml;m&uuml;nde evlenmeye karar verdi\u011fini a&ccedil;\u0131klayarak hayranlar\u0131n\u0131 \u015fa\u015fk\u0131na &ccedil;evirmi\u015fti. Bu s&uuml;rpriz arkada\u015fl\u0131\u011f\u0131n iki y\u0131ld\u0131r devam etti\u011fini s&ouml;yleyen Anl\u0131, ad\u0131n\u0131n arkada\u015f\u0131 Sinan Ak&ccedil;\u0131l ile an\u0131lmas\u0131na sinirlendi\u011fi i&ccedil;in bu a&ccedil;\u0131klamay\u0131 yapmay\u0131 d&uuml;\u015f&uuml;nd&uuml;\u011f&uuml;n&uuml; de a&ccedil;\u0131klam\u0131\u015ft\u0131. M&uuml;ge Anl\u0131&#8217;ya evlenirken d&uuml;\u011f&uuml;n hediyesi olarak e\u015fi \u015einasi Y&uuml;zba\u015f\u0131o\u011flu&#8217;nun hediye etti\u011fi tasar\u0131m y&uuml;z&uuml;k bug&uuml;n ilk kez g&ouml;r&uuml;nt&uuml;lendi.<\/p>\n<h3><strong>Y&Uuml;Z&Uuml;K KISA S&Uuml;REDE G&Uuml;NDEM OLDU<\/strong><\/h3>\n<p>M&uuml;ge Anl\u0131&#8217;n\u0131n parma\u011f\u0131ndaki y&uuml;z&uuml;k, izleyicinin dikkatinden ka&ccedil;mad\u0131. Farkl\u0131 tarz\u0131 ve b&uuml;y&uuml;kl&uuml;\u011f&uuml; ile g&ouml;z dolduran y&uuml;z&uuml;\u011f&uuml;n \u015einasi Y&uuml;zba\u015f\u0131o\u011flu taraf\u0131ndan tasarlat\u0131ld\u0131\u011f\u0131 iddia edildi. &Ouml;zel hayat\u0131n\u0131 g&ouml;zlerden uzak ya\u015famay\u0131 se&ccedil;en M&uuml;ge Anl\u0131, program\u0131nda hayat\u0131yla ilgili ayr\u0131nt\u0131 vermemeye dikkat ediyor.&nbsp;<\/p>\n<p><img decoding=\"async\" src=\"https:\/\/static.mavikadin.com\/images\/haberler\/23-01\/31\/sinasi_yuzbasioglu_nun_muge_anli_ya_hediye_ettigi_tasarim_yuzuk_ilk_kez_bu_kadar_yakindan_goruntulendi-3.jpg\" alt=\"\" title=\"\"><\/p>\n<h3><strong>EVLENECE\u011e\u0130N\u0130 BU S&Ouml;ZLERLE A&Ccedil;IKLAMI\u015eTI<\/strong><\/h3>\n<p>M&uuml;ge Anl\u0131, ge&ccedil;ti\u011fimiz sezonun sonuncu program\u0131nda evlenece\u011fini a&ccedil;\u0131klam\u0131\u015f ve izleyicilerden alk\u0131\u015f alm\u0131\u015ft\u0131. &Uuml;nl&uuml; isim o haberi bu s&ouml;zlerle vermi\u015fti;<\/p>\n<p>&nbsp;<\/p>\n<p><img decoding=\"async\" src=\"https:\/\/static.mavikadin.com\/images\/haberler\/23-01\/31\/sinasi_yuzbasioglu_ndan_muge_anliya_jest_kocam_gondermis-14.jpg\" alt=\"\" title=\"\"><\/p>\n<p>&#8221;Evlenmeye karar verdim&#8230; M&uuml;stakbel damad\u0131n\u0131z\u0131n ad\u0131 \u015einasi Y&uuml;zba\u015f\u0131o\u011flu. Kendisi devlet memuru. &Ccedil;ok da sayg\u0131 duydu\u011fum bir mesle\u011fi var. Siz her zaman benim &ouml;zel ya\u015fam\u0131ma sayg\u0131 duydunuz. Bu karar\u0131ma da sayg\u0131 duyaca\u011f\u0131n\u0131za, mutlulu\u011fum i&ccedil;in de edece\u011finize eminim.&#8221;<\/p>\n","protected":false},"excerpt":{"rendered":"<p>Ge\u00e7ti\u011fimiz haziran ay\u0131nda Emniyet M\u00fcd\u00fcr\u00fc \u015einasi Y\u00fczba\u015f\u0131o\u011flu ile evlenen M\u00fcge Anl\u0131, her sabah izleyicileri ile ekranlarda bulu\u015fuyor. \u00dcnl\u00fc sunucunun, e\u015fi \u015einasi Y\u00fczba\u015f\u0131o\u011flu taraf\u0131ndan kendisine hediye edilen tasar\u0131m y\u00fcz\u00fck, bu g\u00fcnk\u00fc programda ilk kez bu kadar yak\u0131ndan g\u00f6r\u00fcnt\u00fclendi. M&uuml;ge Anl\u0131, sunuculu\u011funu yapt\u0131\u011f\u0131 program\u0131n sezon finali b&ouml;l&uuml;m&uuml;nde evlenmeye karar verdi\u011fini a&ccedil;\u0131klayarak hayranlar\u0131n\u0131 \u015fa\u015fk\u0131na &ccedil;evirmi\u015fti. Bu s&uuml;rpriz arkada\u015fl\u0131\u011f\u0131n [&hellip;]<\/p>\n","protected":false},"author":2,"featured_media":53839,"comment_status":"closed","ping_status":"open","sticky":false,"template":"","format":"standard","meta":{"rank_math_lock_modified_date":false,"footnotes":""},"categories":[76],"tags":[2453,41807,11256,41806,38533],"class_list":["post-53840","post","type-post","status-publish","format-standard","has-post-thumbnail","hentry","category-magazin","tag-muge-anli","tag-muge-anlinin-yuzugu","tag-sinasi-yuzbasioglu","tag-tasarim-yuzuk","tag-unlulerin-takilari"],"_links":{"self":[{"href":"https:\/\/www.tgrthaber.com\/mavikadin\/wp-json\/wp\/v2\/posts\/53840"}],"collection":[{"href":"https:\/\/www.tgrthaber.com\/mavikadin\/wp-json\/wp\/v2\/posts"}],"about":[{"href":"https:\/\/www.tgrthaber.com\/mavikadin\/wp-json\/wp\/v2\/types\/post"}],"author":[{"embeddable":true,"href":"https:\/\/www.tgrthaber.com\/mavikadin\/wp-json\/wp\/v2\/users\/2"}],"replies":[{"embeddable":true,"href":"https:\/\/www.tgrthaber.com\/mavikadin\/wp-json\/wp\/v2\/comments?post=53840"}],"version-history":[{"count":1,"href":"https:\/\/www.tgrthaber.com\/mavikadin\/wp-json\/wp\/v2\/posts\/53840\/revisions"}],"predecessor-version":[{"id":53841,"href":"https:\/\/www.tgrthaber.com\/mavikadin\/wp-json\/wp\/v2\/posts\/53840\/revisions\/53841"}],"wp:featuredmedia":[{"embeddable":true,"href":"https:\/\/www.tgrthaber.com\/mavikadin\/wp-json\/wp\/v2\/media\/53839"}],"wp:attachment":[{"href":"https:\/\/www.tgrthaber.com\/mavikadin\/wp-json\/wp\/v2\/media?parent=53840"}],"wp:term":[{"taxonomy":"category","embeddable":true,"href":"https:\/\/www.tgrthaber.com\/mavikadin\/wp-json\/wp\/v2\/categories?post=53840"},{"taxonomy":"post_tag","embeddable":true,"href":"https:\/\/www.tgrthaber.com\/mavikadin\/wp-json\/wp\/v2\/tags?post=53840"}],"curies":[{"name":"wp","href":"https:\/\/api.w.org\/{rel}","templated":true}]}}