{"id":53921,"date":"2023-02-03T09:17:19","date_gmt":"2023-02-03T06:17:19","guid":{"rendered":"https:\/\/new.mavikadin.com\/?p=53921"},"modified":"2024-09-16T15:13:16","modified_gmt":"2024-09-16T12:13:16","slug":"bora-akkas-milanoda-evlendi-gelinlik-ve-damatlikla-sokakta-dolastilar","status":"publish","type":"post","link":"https:\/\/www.tgrthaber.com\/mavikadin\/bora-akkas-milanoda-evlendi-gelinlik-ve-damatlikla-sokakta-dolastilar\/","title":{"rendered":"Bora Akka\u015f Milano\u2019da evlendi! Gelinlik ve damatl\u0131kla sokakta dola\u015ft\u0131lar\u2026"},"content":{"rendered":"<p>Oyuncu Bora Akka\u015f, iki y\u0131ld\u0131r arkada\u015fl\u0131k s\u00fcrd\u00fcrd\u00fc\u011f\u00fc Oben Alkan ile Milano\u2019da evlendi.<\/p>\n<p style=\"text-align: justify;\">&Uuml;nl&uuml;ler camias\u0131ndan mutlu haber Bora Akka\u015f&rsquo;tan geldi. &Uuml;nl&uuml; oyuncu, Oben Alkan ile \u0130talya&rsquo;n\u0131n Milano \u015fehrinde d&uuml;nyaevine girdi.<\/p>\n<p style=\"text-align: justify;\">&#8216;Geni\u015f Aile&#8217; dizisiyle oyunculuk hayat\u0131na ba\u015flayan Bora Akka\u015f, ilk evlili\u011fini meslekta\u015f\u0131 Seda T&uuml;rkmen ile 2017 y\u0131l\u0131nda yapt\u0131 ancak 2019 y\u0131l\u0131nda &ccedil;ift bo\u015fand\u0131. Akka\u015f, mutlulu\u011fu Oben Alkan&#8217;da tekrar buldu. &Ccedil;ift, sade bir t&ouml;renle Milano&#8217;da hayatlar\u0131n\u0131 birle\u015ftirdi.<\/p>\n<p style=\"text-align: justify;\">Bora Akka\u015f ve Oben Alkan&rsquo;\u0131n yak\u0131n arkada\u015flar\u0131n\u0131n kat\u0131ld\u0131\u011f\u0131 nikah Milano&rsquo;daki T&uuml;rkiye Ba\u015fkonsoloslu\u011fu&rsquo;nda k\u0131y\u0131ld\u0131. Nikah\u0131n ard\u0131ndan &ccedil;ift Milano sokaklar\u0131nda dola\u015ft\u0131. Evlendiklerini sosyal medya hesaplar\u0131ndan payla\u015ft\u0131klar\u0131 foto\u011fraflarla ilan ettiler. &Uuml;nl&uuml; &ccedil;iftin gelinlik ve damatl\u0131k se&ccedil;imi ise &ccedil;ok be\u011fenildi. Oben Alkan&rsquo;\u0131n sade gelinlik tercihine &ldquo;ku\u011fu gibisin&rdquo;, &ldquo;bay\u0131ld\u0131m, muhte\u015fem&#8221;, &#8220;&ccedil;ok g&uuml;zelsiniz&rdquo; gibi yorumlar geldi. Akka\u015f&#8217;\u0131n payla\u015f\u0131m\u0131na k\u0131sa s&uuml;rede binlerce be\u011feni ve tebrik yorumu geldi.<\/p>\n<p style=\"text-align: justify;\">\u0130\u015fte Milano&#8217;daki nikahtan payla\u015f\u0131mlar&#8230;<\/p>\n<p><img decoding=\"async\" src=\"https:\/\/static.mavikadin.com\/images\/haberler\/23-02\/03\/dugun1.jpg\" alt=\"\" title=\"\"><\/p>\n<p><img decoding=\"async\" src=\"https:\/\/static.mavikadin.com\/images\/haberler\/23-02\/03\/dugun2.jpg\" alt=\"\" title=\"\"><\/p>\n<p><img decoding=\"async\" src=\"https:\/\/static.mavikadin.com\/images\/haberler\/23-02\/03\/dugun3.jpg\" alt=\"\" title=\"\"><\/p>\n<p><img decoding=\"async\" src=\"https:\/\/static.mavikadin.com\/images\/haberler\/23-02\/03\/dugun4.jpg\" alt=\"\" title=\"\"><\/p>\n<p>#haber#<\/p>\n","protected":false},"excerpt":{"rendered":"<p>Oyuncu Bora Akka\u015f, iki y\u0131ld\u0131r arkada\u015fl\u0131k s\u00fcrd\u00fcrd\u00fc\u011f\u00fc Oben Alkan ile Milano\u2019da evlendi. &Uuml;nl&uuml;ler camias\u0131ndan mutlu haber Bora Akka\u015f&rsquo;tan geldi. &Uuml;nl&uuml; oyuncu, Oben Alkan ile \u0130talya&rsquo;n\u0131n Milano \u015fehrinde d&uuml;nyaevine girdi. &#8216;Geni\u015f Aile&#8217; dizisiyle oyunculuk hayat\u0131na ba\u015flayan Bora Akka\u015f, ilk evlili\u011fini meslekta\u015f\u0131 Seda T&uuml;rkmen ile 2017 y\u0131l\u0131nda yapt\u0131 ancak 2019 y\u0131l\u0131nda &ccedil;ift bo\u015fand\u0131. Akka\u015f, mutlulu\u011fu Oben Alkan&#8217;da [&hellip;]<\/p>\n","protected":false},"author":13,"featured_media":53920,"comment_status":"closed","ping_status":"open","sticky":false,"template":"","format":"standard","meta":{"rank_math_lock_modified_date":false,"footnotes":""},"categories":[76],"tags":[41845,41848,301,3599,41847,41846],"class_list":["post-53921","post","type-post","status-publish","format-standard","has-post-thumbnail","hentry","category-magazin","tag-bora-akkas","tag-damatlik","tag-dugun","tag-gelinlik","tag-milanoda-evlilik","tag-oben-alkan"],"_links":{"self":[{"href":"https:\/\/www.tgrthaber.com\/mavikadin\/wp-json\/wp\/v2\/posts\/53921"}],"collection":[{"href":"https:\/\/www.tgrthaber.com\/mavikadin\/wp-json\/wp\/v2\/posts"}],"about":[{"href":"https:\/\/www.tgrthaber.com\/mavikadin\/wp-json\/wp\/v2\/types\/post"}],"author":[{"embeddable":true,"href":"https:\/\/www.tgrthaber.com\/mavikadin\/wp-json\/wp\/v2\/users\/13"}],"replies":[{"embeddable":true,"href":"https:\/\/www.tgrthaber.com\/mavikadin\/wp-json\/wp\/v2\/comments?post=53921"}],"version-history":[{"count":1,"href":"https:\/\/www.tgrthaber.com\/mavikadin\/wp-json\/wp\/v2\/posts\/53921\/revisions"}],"predecessor-version":[{"id":53922,"href":"https:\/\/www.tgrthaber.com\/mavikadin\/wp-json\/wp\/v2\/posts\/53921\/revisions\/53922"}],"wp:featuredmedia":[{"embeddable":true,"href":"https:\/\/www.tgrthaber.com\/mavikadin\/wp-json\/wp\/v2\/media\/53920"}],"wp:attachment":[{"href":"https:\/\/www.tgrthaber.com\/mavikadin\/wp-json\/wp\/v2\/media?parent=53921"}],"wp:term":[{"taxonomy":"category","embeddable":true,"href":"https:\/\/www.tgrthaber.com\/mavikadin\/wp-json\/wp\/v2\/categories?post=53921"},{"taxonomy":"post_tag","embeddable":true,"href":"https:\/\/www.tgrthaber.com\/mavikadin\/wp-json\/wp\/v2\/tags?post=53921"}],"curies":[{"name":"wp","href":"https:\/\/api.w.org\/{rel}","templated":true}]}}