{"id":54281,"date":"2023-02-12T20:47:56","date_gmt":"2023-02-12T17:47:56","guid":{"rendered":"https:\/\/new.mavikadin.com\/?p=54281"},"modified":"2024-09-16T15:28:04","modified_gmt":"2024-09-16T12:28:04","slug":"2018-masterchef-sampiyonu-ugur-kardas-kimdir-neden-tutuklandi","status":"publish","type":"post","link":"https:\/\/www.tgrthaber.com\/mavikadin\/2018-masterchef-sampiyonu-ugur-kardas-kimdir-neden-tutuklandi\/","title":{"rendered":"2018 Masterchef \u015eampiyonu U\u011fur Karda\u015f kimdir, neden tutukland\u0131?"},"content":{"rendered":"<p>MasterChef yar\u0131\u015fmas\u0131 2018 \u015fampiyonu U\u011fur Karda\u015f, Ad\u0131yaman&#8217;da bulundu\u011fu s\u0131rada yapt\u0131\u011f\u0131 &#8216;kesik kol provokasyonu&#8217; ile ilgili g\u00f6zalt\u0131na al\u0131nm\u0131\u015ft\u0131. Karda\u015f, tutukland\u0131.<\/p>\n<p>T&uuml;rkiye&#8217;yi yasa bo\u011fan Kahramanmara\u015f merkezli 7,7 ve 7,6 b&uuml;y&uuml;kl&uuml;\u011f&uuml;ndeki depremin ard\u0131ndan T&uuml;rkiye tek y&uuml;rek depremzedelerin yaralar\u0131n\u0131 sarmaya devam ediyor. MasterChef yar\u0131\u015fmac\u0131lar\u0131ndan U\u011fur Karda\u015f, yard\u0131m etmek i&ccedil;in gitti\u011fi Ad\u0131yaman sokaklar\u0131nda sosyal medya hesab\u0131ndan yapt\u0131\u011f\u0131 a&ccedil;\u0131klama nedeniyle g&ouml;zalt\u0131na al\u0131nm\u0131\u015ft\u0131. Karda\u015f&#8217;\u0131n tutukland\u0131\u011f\u0131 &ouml;\u011frenildi.<\/p>\n<h3><strong>&#8221;AFGAN B\u0130R\u0130 GEL\u0130P KOLUNU KES\u0130P ALTINI ALIYOR&#8221;<\/strong><\/h3>\n<p>U\u011fur Karda\u015f, yapt\u0131\u011f\u0131 payla\u015f\u0131mda \u015fu s&ouml;zlere yer vermi\u015fti;&nbsp;<\/p>\n<p>&#8220;Yanl\u0131\u015f anlamay\u0131n ama Allah benim bin belam\u0131 versin. Ellerime bak\u0131n, in\u015faat\u0131n alt\u0131ndan ceset &ccedil;\u0131k\u0131yor. Bu cesedi arkaya ay\u0131r\u0131yorlar. Gelsin nakil arac\u0131 als\u0131nlar diye. Afgan biri gelip kolunu kesip alt\u0131nlar\u0131n\u0131 al\u0131yor.<\/p>\n<p>Polise diyecek bir \u015feyim yok. Adam\u0131 &ouml;ld&uuml;r&uuml;rler burada zaten. Gelip burada insanlar b&ouml;yle niye ya\u015f\u0131yor ya. Sinirim bozuldu ya. &Ccedil;\u0131kan kad\u0131n\u0131n kolunu kesmek&#8230; Allah bin belan\u0131 versin. Art\u0131k burada dayanam\u0131yorum ben, psikolojim falan kalmad\u0131.&#8221;<\/p>\n<h3><strong>SAVUNMASI ORTAYA &Ccedil;IKTI<\/strong><\/h3>\n<p>Polis ekiplerinin titiz &ccedil;al\u0131\u015fmas\u0131 sonucu olay\u0131n ger&ccedil;e\u011fi yans\u0131tmad\u0131\u011f\u0131 ortaya &ccedil;\u0131k\u0131nca U\u011fur Karda\u015f, Ad\u0131yaman Halaliman\u0131&#8217;nda g&ouml;zalt\u0131na al\u0131nd\u0131. Karda\u015f verdi\u011fi ifadede,<strong> &#8220;Afgan uyruklu bir ki\u015finin cesetlerin kolunu keserek alt\u0131n ald\u0131\u011f\u0131na ili\u015fkin bir olaya \u015fahit olmad\u0131m ancak \u015fehirde bu tarz iddialar konu\u015fuluyordu&#8221;<\/strong> diyerek kendisini savunmu\u015ftu.<\/p>\n<h3><strong>EMN\u0130YET&#8217;TEN A&Ccedil;IKLAMA GELM\u0130\u015eT\u0130<\/strong><\/h3>\n<p>Emniyet&rsquo;ten U\u011fur Karda\u015f ile ilgili a&ccedil;\u0131klama yap\u0131lm\u0131\u015ft\u0131;<\/p>\n<p><em>&#8220;Sosyal medyada depremde yap\u0131lan &ccedil;al\u0131\u015fmalar hakk\u0131nda provakatif payla\u015f\u0131mlar yapt\u0131\u011f\u0131 tespit edilen Mustafa U\u011fur Karda\u015f isimli \u015f&uuml;pheli Ad\u0131yaman Havaliman\u0131nda yakalanm\u0131\u015f, yap\u0131lan m&uuml;lakatta &ouml;zetle;<\/em><\/p>\n<p><em>Kendisinin enkaz &ccedil;al\u0131\u015fmas\u0131 yapt\u0131\u011f\u0131 esnada &ccedil;evrede vatanda\u015flardan &#8216;Enkaz alt\u0131ndan &ccedil;\u0131kar\u0131lan cesetlerin yol kenar\u0131na konuldu\u011funu, bir ka&ccedil; ki\u015finin kollar\u0131n\u0131 kesip &uuml;zerinde bulunan alt\u0131nlar\u0131n al\u0131nd\u0131\u011f\u0131n\u0131, h\u0131rs\u0131zlar\u0131n Afganistan uyruklu oldu\u011funu duydu\u011funu, bu iddias\u0131n\u0131 kan\u0131tlayacak herhangi bir somut delilinin olmad\u0131\u011f\u0131&#8217; \u015feklinde beyanlarda bulunmu\u015ftur&#8221;<\/em> denildi.<\/p>\n<h3><strong>S&Uuml;LEYMAN SOYLU DA G&Ouml;ZALTINA ALINDI\u011eINI DUYURMU\u015eTU<\/strong><\/h3>\n<p>\u0130&ccedil;i\u015fleri Bakan\u0131 S&uuml;leyman Soylu da yapt\u0131\u011f\u0131 a&ccedil;\u0131klamada U\u011fur Karda\u015f&#8217;\u0131n ismini vermeden videoyu &ccedil;eken ki\u015finin Ad\u0131yaman&#8217;da g&ouml;zalt\u0131na al\u0131nd\u0131\u011f\u0131n\u0131 a&ccedil;\u0131klam\u0131\u015ft\u0131. Soylu, \u015f&ouml;yle konu\u015fmu\u015ftu;<\/p>\n<p><strong>&#8221;Biraz &ouml;nce Ad\u0131yaman&#8217;da g&ouml;zalt\u0131na ald\u0131k. Veya &#8216;Hatay&#8217;\u0131n Samanda\u011f il&ccedil;esine ter&ouml;ristler geldi, orada eylem yapacaklar&#8217; diye yalan s&ouml;yl&uuml;yorlar. Biraz &ouml;nce Ad\u0131yaman&#8217;da g&ouml;zalt\u0131na ald\u0131k. B&uuml;t&uuml;n T&uuml;rkiye&#8217;de h\u0131rs\u0131zl\u0131\u011f\u0131n, ya\u011fman\u0131n, g&uuml;vensizli\u011fin oldu\u011funa dair bir anlay\u0131\u015f\u0131 yayg\u0131nla\u015ft\u0131rmaya &ccedil;al\u0131\u015fan, zehirli ve bu &uuml;lkenin insan\u0131na yak\u0131\u015fmayan bir dille sosyal medyada kar\u015f\u0131 kar\u015f\u0131yay\u0131z. Bu durum kabul edilemez. Kimse devleti hafife almas\u0131n. Bunu &ccedil;ok net s&ouml;yl&uuml;yorum. Milletin duygular\u0131yla oynayan herkese hesab\u0131n\u0131 en net \u015fekilde sorar\u0131z&#8221;<\/strong> ifadelerini kulland\u0131.<\/p>\n<h3><strong>U\u011eUR KARDA\u015e TUTUKLANDI MI?<\/strong><\/h3>\n<p>Karda\u015f, &#8216;Halk\u0131 Yan\u0131lt\u0131c\u0131 Bilgiyi Alenen Yayma&#8217; su&ccedil;undan Kahta Sulh Ceza Hakimli\u011finin karar\u0131yla tutukland\u0131.<\/p>\n","protected":false},"excerpt":{"rendered":"<p>MasterChef yar\u0131\u015fmas\u0131 2018 \u015fampiyonu U\u011fur Karda\u015f, Ad\u0131yaman&#8217;da bulundu\u011fu s\u0131rada yapt\u0131\u011f\u0131 &#8216;kesik kol provokasyonu&#8217; ile ilgili g\u00f6zalt\u0131na al\u0131nm\u0131\u015ft\u0131. Karda\u015f, tutukland\u0131. T&uuml;rkiye&#8217;yi yasa bo\u011fan Kahramanmara\u015f merkezli 7,7 ve 7,6 b&uuml;y&uuml;kl&uuml;\u011f&uuml;ndeki depremin ard\u0131ndan T&uuml;rkiye tek y&uuml;rek depremzedelerin yaralar\u0131n\u0131 sarmaya devam ediyor. MasterChef yar\u0131\u015fmac\u0131lar\u0131ndan U\u011fur Karda\u015f, yard\u0131m etmek i&ccedil;in gitti\u011fi Ad\u0131yaman sokaklar\u0131nda sosyal medya hesab\u0131ndan yapt\u0131\u011f\u0131 a&ccedil;\u0131klama nedeniyle g&ouml;zalt\u0131na [&hellip;]<\/p>\n","protected":false},"author":2,"featured_media":54280,"comment_status":"closed","ping_status":"open","sticky":false,"template":"","format":"standard","meta":{"rank_math_lock_modified_date":false,"footnotes":""},"categories":[491],"tags":[10077,927,1120,42052,42051,17381],"class_list":["post-54281","post","type-post","status-publish","format-standard","has-post-thumbnail","hentry","category-biyografi","tag-adiyaman","tag-deprem","tag-masterchef","tag-provokasyon","tag-tutuklandi","tag-ugur-kardas"],"_links":{"self":[{"href":"https:\/\/www.tgrthaber.com\/mavikadin\/wp-json\/wp\/v2\/posts\/54281"}],"collection":[{"href":"https:\/\/www.tgrthaber.com\/mavikadin\/wp-json\/wp\/v2\/posts"}],"about":[{"href":"https:\/\/www.tgrthaber.com\/mavikadin\/wp-json\/wp\/v2\/types\/post"}],"author":[{"embeddable":true,"href":"https:\/\/www.tgrthaber.com\/mavikadin\/wp-json\/wp\/v2\/users\/2"}],"replies":[{"embeddable":true,"href":"https:\/\/www.tgrthaber.com\/mavikadin\/wp-json\/wp\/v2\/comments?post=54281"}],"version-history":[{"count":1,"href":"https:\/\/www.tgrthaber.com\/mavikadin\/wp-json\/wp\/v2\/posts\/54281\/revisions"}],"predecessor-version":[{"id":54282,"href":"https:\/\/www.tgrthaber.com\/mavikadin\/wp-json\/wp\/v2\/posts\/54281\/revisions\/54282"}],"wp:featuredmedia":[{"embeddable":true,"href":"https:\/\/www.tgrthaber.com\/mavikadin\/wp-json\/wp\/v2\/media\/54280"}],"wp:attachment":[{"href":"https:\/\/www.tgrthaber.com\/mavikadin\/wp-json\/wp\/v2\/media?parent=54281"}],"wp:term":[{"taxonomy":"category","embeddable":true,"href":"https:\/\/www.tgrthaber.com\/mavikadin\/wp-json\/wp\/v2\/categories?post=54281"},{"taxonomy":"post_tag","embeddable":true,"href":"https:\/\/www.tgrthaber.com\/mavikadin\/wp-json\/wp\/v2\/tags?post=54281"}],"curies":[{"name":"wp","href":"https:\/\/api.w.org\/{rel}","templated":true}]}}