{"id":54422,"date":"2023-02-16T10:59:00","date_gmt":"2023-02-16T07:59:00","guid":{"rendered":"https:\/\/new.mavikadin.com\/?p=54422"},"modified":"2024-09-16T15:34:18","modified_gmt":"2024-09-16T12:34:18","slug":"deniz-tuzu-spreyi-ne-ise-yarar-saclarinizda-sahil-esintisi","status":"publish","type":"post","link":"https:\/\/www.tgrthaber.com\/mavikadin\/deniz-tuzu-spreyi-ne-ise-yarar-saclarinizda-sahil-esintisi\/","title":{"rendered":"Deniz tuzu spreyi ne i\u015fe yarar? Sa\u00e7lar\u0131n\u0131zda sahil esintisi&#8230;"},"content":{"rendered":"<p>Sa\u00e7lar\u0131na \u015fekil vermek ve do\u011fal sa\u00e7 havas\u0131 katmak isteyenlere yard\u0131mc\u0131 olan deniz tuzu spreyi g\u00fcn\u00fcm\u00fczde pop\u00fclerli\u011fini s\u00fcrd\u00fcr\u00fcyor. Nemli veya kuru sa\u00e7a uygulanan bu sprey, \u00f6zellikle kad\u0131nlar\u0131n kurtar\u0131c\u0131s\u0131 oluyor. Denizden \u00e7\u0131kt\u0131ktan sonra sa\u00e7lar\u0131n deniz suyuyla ald\u0131\u011f\u0131 dalgal\u0131 \u015fekli sevenler i\u00e7in bu sprey vazge\u00e7ilmez bir \u015fekillendirici g\u00f6revi g\u00f6r\u00fcyor.<\/p>\n<p>Denizden yeni &ccedil;\u0131km\u0131\u015f gibi k\u0131v\u0131r k\u0131v\u0131r dalgal\u0131 sa&ccedil;lara sahip olmak isteyenlerin vazge&ccedil;ilmez tercihi deniz tuzu spreyi do\u011fal y&ouml;ntemlerde evde de elde edilebiliyor. Peki, bu sprey neden kullan\u0131l\u0131yor,&nbsp;nas\u0131l yap\u0131l\u0131yor, zararl\u0131 m\u0131? T&uuml;m bu sorular\u0131n cevaplar\u0131n\u0131 sizin i&ccedil;in derledik.<\/p>\n<h3><strong>DEN\u0130Z TUZU SPREY\u0130 NED\u0130R?<\/strong><\/h3>\n<p>Deniz tuzu spreyi, \u015fekillendirici sa&ccedil; spreyidir. Denizden &ccedil;\u0131kt\u0131ktan sonra olu\u015fan dalgal\u0131 sa&ccedil; g&ouml;r&uuml;n&uuml;m&uuml;n&uuml; sevenler &ccedil;o\u011funlukla bu spreyi kullan\u0131yor. Ayr\u0131ca hem belirgin hem do\u011fal dalgalara ula\u015fmay\u0131 kolayla\u015ft\u0131r\u0131yor. Ancak i&ccedil;erisinde bulunan deniz tuzu y&uuml;z&uuml;nden fazla kullan\u0131lmamas\u0131 &ouml;neriliyor. Yine de kullan\u0131m\u0131 do\u011fru yap\u0131ld\u0131\u011f\u0131 zaman olduk&ccedil;a i\u015fe yarayan bir &uuml;r&uuml;nd&uuml;r.<\/p>\n<p>&Ouml;rne\u011fin, orant\u0131l\u0131 bir kullan\u0131m sayesinde, temiz i&ccedil;eri\u011fi olan bu sprey sa&ccedil;lar\u0131 d\u0131\u015f etkenlerden koruyor. Kullanan ki\u015filer g&uuml;zel \u015fekil alm\u0131\u015f sa&ccedil;lara sahip oluyor.<\/p>\n<p><img decoding=\"async\" src=\"https:\/\/static.mavikadin.com\/images\/haberler\/23-01\/24\/deniztuzuorta.jpg\" alt=\"\" title=\"\"><\/p>\n<p>Deniz tuzu spreyi evde de yap\u0131labiliyor. \u015eu malzemelerle sprey olduk&ccedil;a kolay bir \u015fekilde elde ediliyor:<\/p>\n<ul>\n<li data-leveltext=\"\uf0b7\" data-font=\"Symbol\" data-listid=\"1\" data-list-defn-props=\"{&quot;335552541&quot;:1,&quot;335559683&quot;:0,&quot;335559684&quot;:-2,&quot;335559685&quot;:720,&quot;335559991&quot;:360,&quot;469769226&quot;:&quot;Symbol&quot;,&quot;469769242&quot;:[8226],&quot;469777803&quot;:&quot;left&quot;,&quot;469777804&quot;:&quot;\uf0b7&quot;,&quot;469777815&quot;:&quot;hybridMultilevel&quot;}\" aria-setsize=\"-1\" data-aria-posinset=\"1\" data-aria-level=\"1\"><span data-contrast=\"auto\">1 yemek ka\u015f\u0131\u011f\u0131 <strong><a href=\"https:\/\/mavikadin.com\/etiket\/sac+bak\u0131m\" target=\"_blank\" rel=\"dofollow noopener\">sa&ccedil; bak\u0131m<\/a><\/strong> ya\u011f\u0131<\/span><span data-ccp-props=\"{&quot;201341983&quot;:0,&quot;335551550&quot;:0,&quot;335551620&quot;:0,&quot;335559739&quot;:160,&quot;335559740&quot;:259}\">&nbsp;<\/span><\/li>\n<li data-leveltext=\"\uf0b7\" data-font=\"Symbol\" data-listid=\"1\" data-list-defn-props=\"{&quot;335552541&quot;:1,&quot;335559683&quot;:0,&quot;335559684&quot;:-2,&quot;335559685&quot;:720,&quot;335559991&quot;:360,&quot;469769226&quot;:&quot;Symbol&quot;,&quot;469769242&quot;:[8226],&quot;469777803&quot;:&quot;left&quot;,&quot;469777804&quot;:&quot;\uf0b7&quot;,&quot;469777815&quot;:&quot;hybridMultilevel&quot;}\" aria-setsize=\"-1\" data-aria-posinset=\"2\" data-aria-level=\"1\"><span data-contrast=\"auto\">1 yemek ka\u015f\u0131\u011f\u0131 sa&ccedil; j&ouml;lesi<\/span><span data-ccp-props=\"{&quot;201341983&quot;:0,&quot;335551550&quot;:0,&quot;335551620&quot;:0,&quot;335559739&quot;:160,&quot;335559740&quot;:259}\">&nbsp;<\/span><\/li>\n<li data-leveltext=\"\uf0b7\" data-font=\"Symbol\" data-listid=\"1\" data-list-defn-props=\"{&quot;335552541&quot;:1,&quot;335559683&quot;:0,&quot;335559684&quot;:-2,&quot;335559685&quot;:720,&quot;335559991&quot;:360,&quot;469769226&quot;:&quot;Symbol&quot;,&quot;469769242&quot;:[8226],&quot;469777803&quot;:&quot;left&quot;,&quot;469777804&quot;:&quot;\uf0b7&quot;,&quot;469777815&quot;:&quot;hybridMultilevel&quot;}\" aria-setsize=\"-1\" data-aria-posinset=\"3\" data-aria-level=\"1\"><span data-contrast=\"auto\">1 bardak \u0131l\u0131k su<\/span><span data-ccp-props=\"{&quot;201341983&quot;:0,&quot;335551550&quot;:0,&quot;335551620&quot;:0,&quot;335559739&quot;:160,&quot;335559740&quot;:259}\">&nbsp;<\/span><\/li>\n<li data-leveltext=\"\uf0b7\" data-font=\"Symbol\" data-listid=\"1\" data-list-defn-props=\"{&quot;335552541&quot;:1,&quot;335559683&quot;:0,&quot;335559684&quot;:-2,&quot;335559685&quot;:720,&quot;335559991&quot;:360,&quot;469769226&quot;:&quot;Symbol&quot;,&quot;469769242&quot;:[8226],&quot;469777803&quot;:&quot;left&quot;,&quot;469777804&quot;:&quot;\uf0b7&quot;,&quot;469777815&quot;:&quot;hybridMultilevel&quot;}\" aria-setsize=\"-1\" data-aria-posinset=\"4\" data-aria-level=\"1\"><span data-contrast=\"auto\">1 yemek ka\u015f\u0131\u011f\u0131 deniz tuzu<\/span><span data-ccp-props=\"{&quot;201341983&quot;:0,&quot;335551550&quot;:0,&quot;335551620&quot;:0,&quot;335559739&quot;:160,&quot;335559740&quot;:259}\">&nbsp;<\/span><\/li>\n<\/ul>\n<p>Deniz tuzunu, suyun i&ccedil;ine ekleyip di\u011fer malzemeleri de koyarak iyice &ccedil;alkalarsan\u0131z ev yap\u0131m\u0131 do\u011fal sprey elde edebilirsiniz. Ucu spreyli bir \u015fi\u015feye bu kar\u0131\u015f\u0131m\u0131n yap\u0131lmas\u0131 kullan\u0131m\u0131n\u0131 da kolayla\u015ft\u0131r\u0131r.<\/p>\n<h3><strong>DEN\u0130Z TUZU SPREY\u0130 NE \u0130\u015eE YARAR?<\/strong><\/h3>\n<p>Do\u011fal bir dalga g&ouml;r&uuml;nt&uuml;s&uuml;ne kavu\u015fmak isteyen bireyler, temiz ve dalgal\u0131 sa&ccedil;lar\u0131na \u015fekil vermek i&ccedil;in bu &uuml;r&uuml;n&uuml; kullan\u0131yor. Ayn\u0131 zamanda hacim kazand\u0131rmak ve de\u011fi\u015fik sa&ccedil; modellerini uygulamak i&ccedil;in de i\u015fe yar\u0131yor.<\/p>\n<p>Sa&ccedil;lar\u0131na plaj dalgas\u0131 g&ouml;r&uuml;nt&uuml;s&uuml; vermek isteyenler sa&ccedil;lar\u0131n\u0131 ba\u015f a\u015fa\u011f\u0131 e\u011ferek sa&ccedil; u&ccedil; ve boylar\u0131na spreyi s\u0131kmal\u0131d\u0131r. B&ouml;ylece sa&ccedil;lar \u015fekil itibariyle daha hacimli duracakt\u0131r. Sprey ise sa&ccedil;lar\u0131n hacimli durmas\u0131 i&ccedil;in sabitleyici g&ouml;revi g&ouml;r&uuml;yor.<\/p>\n<p>Sa&ccedil; u&ccedil;lar\u0131na masaj yaparak spreyi sa&ccedil;lara n&uuml;fuz ettirmek ise sa&ccedil;\u0131n sala\u015f g&ouml;r&uuml;nmesini sa\u011fl\u0131yor. Bu da u\u011fra\u015f\u0131lmam\u0131\u015f ve sala\u015f bir g&ouml;r&uuml;nt&uuml; veriyor.<\/p>\n<p>Yar\u0131m &ouml;rg&uuml;yle sa&ccedil;lar\u0131n bir k\u0131sm\u0131 &ouml;r&uuml;l&uuml;yor, di\u011fer k\u0131sm\u0131 ise <strong>deniz tuzu spreyi<\/strong> ile \u015fekil al\u0131yor. B&ouml;ylece hem yap\u0131lm\u0131\u015f hem de haval\u0131 duran yar\u0131m &ouml;rg&uuml; sa&ccedil;lar elde edebilirsiniz. Bu sa&ccedil; modellerinin yan\u0131 s\u0131ra, spreyle birlikte sa&ccedil; fular\u0131 kullanmak tatl\u0131 bir g&ouml;r&uuml;nt&uuml; veriyor. Deniz spreyli &ouml;rg&uuml;l&uuml; topuz da &ccedil;ok kullan\u0131lan sa&ccedil; modelleri aras\u0131nda yer al\u0131yor.<\/p>\n<p><img decoding=\"async\" src=\"https:\/\/static.mavikadin.com\/images\/haberler\/23-01\/24\/deniztuzuorta2.jpg\" alt=\"\" title=\"\"><\/p>\n<h3><strong>DEN\u0130Z TUZU SPREY\u0130 NE ZAMAN KULLANILIR?<\/strong><\/h3>\n<p>Kumsal dalgas\u0131 g&ouml;r&uuml;n&uuml;m&uuml; veren bu spreyler g&uuml;nl&uuml;k kullan\u0131ma uyum sa\u011fl\u0131yor. <strong><a href=\"https:\/\/mavikadin.com\/etiket\/sac\" target=\"_blank\" rel=\"nofollow noopener\">Sa&ccedil; <\/a><\/strong>stilistleri, &ouml;zellikle du\u015ftan &ccedil;\u0131kt\u0131ktan sonra nemli sa&ccedil;lar &uuml;zerinde kullan\u0131m\u0131n\u0131 &ouml;neriyor. Denizden &ccedil;\u0131kt\u0131ktan sonra elde edilen sa&ccedil; g&ouml;r&uuml;nt&uuml;s&uuml;ne benzetmek i&ccedil;in tatil zamanlar\u0131 da kullan\u0131l\u0131yor.<\/p>\n<p>Sa&ccedil;\u0131 nemli hissedene kadar spreyi uygulad\u0131ktan sonra geni\u015f di\u015fli bir tarakla sa&ccedil;lar\u0131n\u0131z\u0131 taray\u0131n. D\u0131\u015fa do\u011fru tarama y&ouml;ntemiyle spreyi sa&ccedil; diplerinden u&ccedil;lar\u0131na do\u011fru e\u015fit bir \u015fekilde yay\u0131n. B&ouml;ylelikle denizden yeni &ccedil;\u0131km\u0131\u015f, kumsalda savrulan sa&ccedil;lar yaratmak m&uuml;mk&uuml;n oluyor.<\/p>\n<h3><strong><span data-contrast=\"auto\">DEN\u0130Z TUZU SPREY\u0130 ZARARLI MI?<\/span><\/strong><\/h3>\n<p><span data-contrast=\"auto\">Her \u015fey gibi fazla kullan\u0131mda deniz tuzu spreyi de sa&ccedil;a zarar verebilir. Sa&ccedil;lar\u0131n yap\u0131s\u0131 gere\u011fi nemli kalmalar\u0131n\u0131 sa\u011flamal\u0131y\u0131z. Oysa deniz tuzu, sa&ccedil;\u0131 bir s&uuml;re sonra y\u0131pratarak zarar g&ouml;rmesine neden olur. \u0130\u015fte &lsquo;deniz tuzu spreyi zararl\u0131 m\u0131&rsquo; diye soranlar i&ccedil;in deniz tuzunun sa&ccedil;lar &uuml;zerindeki zararl\u0131 etkileri \u015fu \u015fekilde say\u0131labilir:<\/span><span data-ccp-props=\"{&quot;201341983&quot;:0,&quot;335559739&quot;:160,&quot;335559740&quot;:259}\">&nbsp;<\/span><\/p>\n<ul>\n<li data-leveltext=\"\uf0b7\" data-font=\"Symbol\" data-listid=\"2\" data-list-defn-props=\"{&quot;335552541&quot;:1,&quot;335559683&quot;:0,&quot;335559684&quot;:-2,&quot;335559685&quot;:720,&quot;335559991&quot;:360,&quot;469769226&quot;:&quot;Symbol&quot;,&quot;469769242&quot;:[8226],&quot;469777803&quot;:&quot;left&quot;,&quot;469777804&quot;:&quot;\uf0b7&quot;,&quot;469777815&quot;:&quot;hybridMultilevel&quot;}\" aria-setsize=\"-1\" data-aria-posinset=\"5\" data-aria-level=\"1\"><span data-contrast=\"auto\">K&ouml;kten uca bir y\u0131pranma sa\u011flayarak sa&ccedil;lar\u0131 kurutur.<\/span><span data-ccp-props=\"{&quot;201341983&quot;:0,&quot;335559739&quot;:160,&quot;335559740&quot;:259}\">&nbsp;<\/span><\/li>\n<li data-leveltext=\"\uf0b7\" data-font=\"Symbol\" data-listid=\"2\" data-list-defn-props=\"{&quot;335552541&quot;:1,&quot;335559683&quot;:0,&quot;335559684&quot;:-2,&quot;335559685&quot;:720,&quot;335559991&quot;:360,&quot;469769226&quot;:&quot;Symbol&quot;,&quot;469769242&quot;:[8226],&quot;469777803&quot;:&quot;left&quot;,&quot;469777804&quot;:&quot;\uf0b7&quot;,&quot;469777815&quot;:&quot;hybridMultilevel&quot;}\" aria-setsize=\"-1\" data-aria-posinset=\"6\" data-aria-level=\"1\"><span data-contrast=\"auto\">Sa&ccedil;lar\u0131n nemini azaltarak g&uuml;&ccedil;s&uuml;zle\u015ftirir.<\/span><span data-ccp-props=\"{&quot;201341983&quot;:0,&quot;335559739&quot;:160,&quot;335559740&quot;:259}\">&nbsp;<\/span><\/li>\n<li data-leveltext=\"\uf0b7\" data-font=\"Symbol\" data-listid=\"2\" data-list-defn-props=\"{&quot;335552541&quot;:1,&quot;335559683&quot;:0,&quot;335559684&quot;:-2,&quot;335559685&quot;:720,&quot;335559991&quot;:360,&quot;469769226&quot;:&quot;Symbol&quot;,&quot;469769242&quot;:[8226],&quot;469777803&quot;:&quot;left&quot;,&quot;469777804&quot;:&quot;\uf0b7&quot;,&quot;469777815&quot;:&quot;hybridMultilevel&quot;}\" aria-setsize=\"-1\" data-aria-posinset=\"7\" data-aria-level=\"1\"><span data-contrast=\"auto\">Sa&ccedil;lar\u0131n daha mat g&ouml;r&uuml;nmesini sa\u011flar.<\/span><span data-ccp-props=\"{&quot;201341983&quot;:0,&quot;335559739&quot;:160,&quot;335559740&quot;:259}\">&nbsp;<\/span><\/li>\n<li data-leveltext=\"\uf0b7\" data-font=\"Symbol\" data-listid=\"2\" data-list-defn-props=\"{&quot;335552541&quot;:1,&quot;335559683&quot;:0,&quot;335559684&quot;:-2,&quot;335559685&quot;:720,&quot;335559991&quot;:360,&quot;469769226&quot;:&quot;Symbol&quot;,&quot;469769242&quot;:[8226],&quot;469777803&quot;:&quot;left&quot;,&quot;469777804&quot;:&quot;\uf0b7&quot;,&quot;469777815&quot;:&quot;hybridMultilevel&quot;}\" aria-setsize=\"-1\" data-aria-posinset=\"8\" data-aria-level=\"1\"><span data-contrast=\"auto\"><strong><a href=\"..\/..\/..\/zeytinyagi-ile-sac-maskesi-saclari-guzellestiren-uzatan-dokulmeyi-durduran-4-farkli-tarif\" target=\"_blank\" rel=\"dofollow noopener\">Sa&ccedil; <\/a><\/strong>u&ccedil;lar\u0131nda k\u0131r\u0131lmalara neden olur.<\/span><span data-ccp-props=\"{&quot;201341983&quot;:0,&quot;335559739&quot;:160,&quot;335559740&quot;:259}\">&nbsp;<\/span><\/li>\n<\/ul>\n<p><span data-contrast=\"auto\">Deniz tuzu spreyi kullananlar, sa&ccedil;lar\u0131nda bu olumsuz etkilerin g&ouml;r&uuml;ld&uuml;\u011f&uuml;n&uuml; s&ouml;yl&uuml;yor. Y\u0131pranm\u0131\u015f sa&ccedil;lar\u0131n da onar\u0131lmas\u0131 bir hayli zor oldu\u011fundan, iyi durumdaki sa&ccedil;lar\u0131n\u0131z\u0131 &ccedil;ok fazla y\u0131pratmamak i&ccedil;in bu spreyi belirli aral\u0131klarla kullanman\u0131z\u0131, kullan\u0131m\u0131n\u0131 &ccedil;ok fazla abartmaman\u0131z\u0131 tavsiye ederiz.<\/span><span data-ccp-props=\"{&quot;201341983&quot;:0,&quot;335559739&quot;:160,&quot;335559740&quot;:259}\">&nbsp;<\/span><\/p><\/p>\n","protected":false},"excerpt":{"rendered":"<p>Sa\u00e7lar\u0131na \u015fekil vermek ve do\u011fal sa\u00e7 havas\u0131 katmak isteyenlere yard\u0131mc\u0131 olan deniz tuzu spreyi g\u00fcn\u00fcm\u00fczde pop\u00fclerli\u011fini s\u00fcrd\u00fcr\u00fcyor. Nemli veya kuru sa\u00e7a uygulanan bu sprey, \u00f6zellikle kad\u0131nlar\u0131n kurtar\u0131c\u0131s\u0131 oluyor. Denizden \u00e7\u0131kt\u0131ktan sonra sa\u00e7lar\u0131n deniz suyuyla ald\u0131\u011f\u0131 dalgal\u0131 \u015fekli sevenler i\u00e7in bu sprey vazge\u00e7ilmez bir \u015fekillendirici g\u00f6revi g\u00f6r\u00fcyor. Denizden yeni &ccedil;\u0131km\u0131\u015f gibi k\u0131v\u0131r k\u0131v\u0131r dalgal\u0131 sa&ccedil;lara sahip [&hellip;]<\/p>\n","protected":false},"author":30,"featured_media":54421,"comment_status":"closed","ping_status":"open","sticky":false,"template":"","format":"standard","meta":{"rank_math_lock_modified_date":false,"footnotes":""},"categories":[166],"tags":[42108,42110,1161,42109,2832,11096],"class_list":["post-54422","post","type-post","status-publish","format-standard","has-post-thumbnail","hentry","category-sac-bakimi-sac-uzatma","tag-deniz-tuzu-spreyi","tag-dogal-sac","tag-guzel","tag-plaj-dalgasi","tag-sac-bakimi","tag-sac-sekillendirme"],"_links":{"self":[{"href":"https:\/\/www.tgrthaber.com\/mavikadin\/wp-json\/wp\/v2\/posts\/54422"}],"collection":[{"href":"https:\/\/www.tgrthaber.com\/mavikadin\/wp-json\/wp\/v2\/posts"}],"about":[{"href":"https:\/\/www.tgrthaber.com\/mavikadin\/wp-json\/wp\/v2\/types\/post"}],"author":[{"embeddable":true,"href":"https:\/\/www.tgrthaber.com\/mavikadin\/wp-json\/wp\/v2\/users\/30"}],"replies":[{"embeddable":true,"href":"https:\/\/www.tgrthaber.com\/mavikadin\/wp-json\/wp\/v2\/comments?post=54422"}],"version-history":[{"count":1,"href":"https:\/\/www.tgrthaber.com\/mavikadin\/wp-json\/wp\/v2\/posts\/54422\/revisions"}],"predecessor-version":[{"id":54423,"href":"https:\/\/www.tgrthaber.com\/mavikadin\/wp-json\/wp\/v2\/posts\/54422\/revisions\/54423"}],"wp:featuredmedia":[{"embeddable":true,"href":"https:\/\/www.tgrthaber.com\/mavikadin\/wp-json\/wp\/v2\/media\/54421"}],"wp:attachment":[{"href":"https:\/\/www.tgrthaber.com\/mavikadin\/wp-json\/wp\/v2\/media?parent=54422"}],"wp:term":[{"taxonomy":"category","embeddable":true,"href":"https:\/\/www.tgrthaber.com\/mavikadin\/wp-json\/wp\/v2\/categories?post=54422"},{"taxonomy":"post_tag","embeddable":true,"href":"https:\/\/www.tgrthaber.com\/mavikadin\/wp-json\/wp\/v2\/tags?post=54422"}],"curies":[{"name":"wp","href":"https:\/\/api.w.org\/{rel}","templated":true}]}}