{"id":54473,"date":"2023-02-18T11:35:42","date_gmt":"2023-02-18T08:35:42","guid":{"rendered":"https:\/\/new.mavikadin.com\/?p=54473"},"modified":"2024-09-16T15:36:37","modified_gmt":"2024-09-16T12:36:37","slug":"taha-duymazdan-geriye-kalan-esyalari-paylasti-allah-kimseye-bu-aciyi-yasatmasin","status":"publish","type":"post","link":"https:\/\/www.tgrthaber.com\/mavikadin\/taha-duymazdan-geriye-kalan-esyalari-paylasti-allah-kimseye-bu-aciyi-yasatmasin\/","title":{"rendered":"Taha Duymaz\u2019dan geriye kalan e\u015fyalar\u0131 payla\u015ft\u0131: Allah kimseye bu ac\u0131y\u0131 ya\u015fatmas\u0131n"},"content":{"rendered":"<p>Sosyal medyada yemek videolar\u0131 ile tan\u0131nan Taha Duymaz\u2019dan kahreden haber depremin 11. G\u00fcn\u00fcnde herkesi ac\u0131ya bo\u011fdu. Hatay\u2019da enkaz alt\u0131nda kalan Duymaz ve karde\u015finin cans\u0131z bedenine ula\u015f\u0131ld\u0131. Fenomen ismin ablas\u0131 Semiha Duymaz, karde\u015finin geriye kalan e\u015fyalar\u0131n\u0131n foto\u011fraf\u0131 payla\u015farak, \u201c Dilerim Allah\u2019tan bu ac\u0131y\u0131 kimseye ya\u015fatmas\u0131n\u201d ifadelerini kulland\u0131.<\/p>\n<p>Youtube ve Instagram sayfas\u0131nda payla\u015ft\u0131\u011f\u0131 yemek videolar\u0131 ile &uuml;nlenen Taha Duymaz, 6 \u015eubat&#8217;ta Kahramanmara\u015f&#8217;ta meydana gelen 7.7 ve 7.6&rsquo;l\u0131k depremde ailesiyle birlikte Hatay&rsquo;da enkaz alt\u0131nda kald\u0131.<\/p>\n<p>Duymaz i&ccedil;in kurtarma ekipleri var g&uuml;c&uuml;yle &ccedil;al\u0131\u015f\u0131rken umutlu bekleyi\u015f ac\u0131ya d&ouml;n&uuml;\u015ft&uuml;. Karde\u015fi ile birlikte halas\u0131n\u0131n evine giden ve deprem sonras\u0131 y\u0131k\u0131lan binada enkaz alt\u0131nda kalan Taha Duymaz ve karde\u015fi Melek&rsquo;in cans\u0131z bedenine ula\u015f\u0131ld\u0131.<\/p>\n<p><img decoding=\"async\" src=\"https:\/\/static.mavikadin.com\/images\/haberler\/23-02\/18\/tahaesyaorta.jpg\" alt=\"\" title=\"\"><\/p>\n<h3><strong>&#8220;ALLAH K\u0130MSEYE BU ACIYI YA\u015eATMASIN&#8221;<\/strong><\/h3>\n<p>Karde\u015finden iyi haber gelmesini umutla bekleyen Semiha Duymaz ac\u0131 haberle y\u0131k\u0131ld\u0131. Semiha Duymaz, kuca\u011f\u0131nda karde\u015finin e\u015fyalar\u0131 ile &ccedil;ekilen foto\u011fraf\u0131 Instagram sayfas\u0131nda payla\u015ft\u0131. Semiha Duymaz &#8220;<strong>Dilerim Allah&#8217;tan bu ac\u0131y\u0131 kimseye ya\u015fatmas\u0131n<\/strong>&#8221; ifadelerini kulland\u0131. Duymaz, sosyal medya hesab\u0131n\u0131 da kapataca\u011f\u0131n\u0131 a&ccedil;\u0131klad\u0131.<\/p>\n<p><img decoding=\"async\" src=\"https:\/\/static.mavikadin.com\/images\/haberler\/23-02\/18\/tahaorta2.jpg\" alt=\"\" title=\"\"><\/p>\n<p><img decoding=\"async\" src=\"https:\/\/static.mavikadin.com\/images\/haberler\/23-02\/18\/taharorta3.jpg\" alt=\"\" title=\"\"><\/p>\n","protected":false},"excerpt":{"rendered":"<p>Sosyal medyada yemek videolar\u0131 ile tan\u0131nan Taha Duymaz\u2019dan kahreden haber depremin 11. G\u00fcn\u00fcnde herkesi ac\u0131ya bo\u011fdu. Hatay\u2019da enkaz alt\u0131nda kalan Duymaz ve karde\u015finin cans\u0131z bedenine ula\u015f\u0131ld\u0131. Fenomen ismin ablas\u0131 Semiha Duymaz, karde\u015finin geriye kalan e\u015fyalar\u0131n\u0131n foto\u011fraf\u0131 payla\u015farak, \u201c Dilerim Allah\u2019tan bu ac\u0131y\u0131 kimseye ya\u015fatmas\u0131n\u201d ifadelerini kulland\u0131. Youtube ve Instagram sayfas\u0131nda payla\u015ft\u0131\u011f\u0131 yemek videolar\u0131 ile &uuml;nlenen [&hellip;]<\/p>\n","protected":false},"author":5,"featured_media":54472,"comment_status":"closed","ping_status":"open","sticky":false,"template":"","format":"standard","meta":{"rank_math_lock_modified_date":false,"footnotes":""},"categories":[76],"tags":[39105,927,41973,13437,11673,10148],"class_list":["post-54473","post","type-post","status-publish","format-standard","has-post-thumbnail","hentry","category-magazin","tag-aci-haber","tag-deprem","tag-deprem-felaketi","tag-hatay-depremi","tag-sosyal-medya-fenomeni","tag-taha-duymaz"],"_links":{"self":[{"href":"https:\/\/www.tgrthaber.com\/mavikadin\/wp-json\/wp\/v2\/posts\/54473"}],"collection":[{"href":"https:\/\/www.tgrthaber.com\/mavikadin\/wp-json\/wp\/v2\/posts"}],"about":[{"href":"https:\/\/www.tgrthaber.com\/mavikadin\/wp-json\/wp\/v2\/types\/post"}],"author":[{"embeddable":true,"href":"https:\/\/www.tgrthaber.com\/mavikadin\/wp-json\/wp\/v2\/users\/5"}],"replies":[{"embeddable":true,"href":"https:\/\/www.tgrthaber.com\/mavikadin\/wp-json\/wp\/v2\/comments?post=54473"}],"version-history":[{"count":1,"href":"https:\/\/www.tgrthaber.com\/mavikadin\/wp-json\/wp\/v2\/posts\/54473\/revisions"}],"predecessor-version":[{"id":54474,"href":"https:\/\/www.tgrthaber.com\/mavikadin\/wp-json\/wp\/v2\/posts\/54473\/revisions\/54474"}],"wp:featuredmedia":[{"embeddable":true,"href":"https:\/\/www.tgrthaber.com\/mavikadin\/wp-json\/wp\/v2\/media\/54472"}],"wp:attachment":[{"href":"https:\/\/www.tgrthaber.com\/mavikadin\/wp-json\/wp\/v2\/media?parent=54473"}],"wp:term":[{"taxonomy":"category","embeddable":true,"href":"https:\/\/www.tgrthaber.com\/mavikadin\/wp-json\/wp\/v2\/categories?post=54473"},{"taxonomy":"post_tag","embeddable":true,"href":"https:\/\/www.tgrthaber.com\/mavikadin\/wp-json\/wp\/v2\/tags?post=54473"}],"curies":[{"name":"wp","href":"https:\/\/api.w.org\/{rel}","templated":true}]}}