{"id":54986,"date":"2023-03-05T13:24:33","date_gmt":"2023-03-05T10:24:33","guid":{"rendered":"https:\/\/new.mavikadin.com\/?p=54986"},"modified":"2024-09-16T15:58:21","modified_gmt":"2024-09-16T12:58:21","slug":"hulya-kocyigitin-selimim-dedigi-goz-bebegi-esi-selim-soydandan-uzen-haber","status":"publish","type":"post","link":"https:\/\/www.tgrthaber.com\/mavikadin\/hulya-kocyigitin-selimim-dedigi-goz-bebegi-esi-selim-soydandan-uzen-haber\/","title":{"rendered":"H\u00fclya Ko\u00e7yi\u011fit&#8217;in &#8216;Selim&#8217;im&#8217; dedi\u011fi g\u00f6z bebe\u011fi e\u015fi Selim Soydan&#8217;dan \u00fczen haber"},"content":{"rendered":"<p>T\u00fcrk Sinemas\u0131&#8217;n\u0131n yap\u0131 ta\u015flar\u0131ndan H\u00fclya Ko\u00e7yi\u011fit, sosyal medya hesab\u0131ndan e\u015fi Selim Soydan&#8217;\u0131n ciddi bir ameliyat ge\u00e7irdi\u011fini a\u00e7\u0131klayarak doktorlar\u0131na te\u015fekk\u00fcr etti. \u00dcnl\u00fc sanat\u00e7\u0131; &#8221;Selim\u2019im sa\u011fl\u0131kla hep b\u00f6yle g\u00fcl sen emi&#8221; diyerek s\u00f6zlerini bitirdi.<\/p>\n<p>H&uuml;lya Ko&ccedil;yi\u011fit&#8217;in, 1968 y\u0131l\u0131nda hayat\u0131n\u0131 birle\u015ftirdi\u011fi eski futbolcu Selim Soydan ciddi bir ameliyat oldu. &Uuml;nl&uuml; sanat&ccedil;\u0131; &#8220;Benim ilac\u0131m&#8221; dedi\u011fi e\u015fi ile ilgili &uuml;zen haberi sosyal medya hesab\u0131ndan payla\u015ft\u0131. Uzun zamand\u0131r y&uuml;r&uuml;mekte zorland\u0131\u011f\u0131 &ouml;\u011frenilen Soydan&#8217;\u0131n, omurili\u011finden operasyon ge&ccedil;irdi\u011fi a&ccedil;\u0131kland\u0131.<\/p>\n<p><img decoding=\"async\" src=\"https:\/\/static.mavikadin.com\/images\/haberler\/23-03\/05\/hulya_kocyigit_selim_soyder-3.jpg\" alt=\"\" title=\"\"><\/p>\n<h3><strong>&#8220;ZOR B\u0130R AMEL\u0130YAT GE&Ccedil;\u0130RD\u0130&#8221;<\/strong><\/h3>\n<p>T&uuml;rk Sinemas\u0131&#8217;n\u0131n &ouml;nemli ismi; &#8220;55 y\u0131ll\u0131k hayat arkada\u015f\u0131m, benim can\u0131m Selim&rsquo;im omurilikten zor bir ameliyat ge&ccedil;irdi. Bu ameliyat\u0131 ba\u015far\u0131l\u0131 bir \u015fekilde tamamlayan Prof. Dr. Hakan Emmez ve ekibine t&uuml;m kalbimle te\u015fekk&uuml;r ederim. Selim&rsquo;im; sa\u011fl\u0131kla hep b&ouml;yle g&uuml;l sen emi?&#8221; ifadelerinde bulunarak payla\u015ft\u0131.<\/p>\n<p><img decoding=\"async\" src=\"https:\/\/static.mavikadin.com\/images\/haberler\/23-03\/05\/hulya_kocyigit_selim_soyder-2.jpg\" alt=\"\" title=\"\"><\/p>\n<h3><strong>&#8220;UZUN ZAMANDIR IZDIRAP &Ccedil;EK\u0130YORDU&#8221;<\/strong><\/h3>\n<p>Sanat&ccedil;\u0131, buna ek olarak gazetecilere yapt\u0131\u011f\u0131 a&ccedil;\u0131klamada; &#8220;Uzun zamand\u0131r \u0131zd\u0131rap &ccedil;ekiyordu. Y&uuml;r&uuml;mekte bile &ccedil;ok zorlan\u0131yordu. Sinir ameliyat\u0131 oldu\u011fu i&ccedil;in korkuyordum ama &ccedil;ok \u015f&uuml;k&uuml;r ba\u015far\u0131l\u0131 ge&ccedil;ti. Her ge&ccedil;en g&uuml;n in\u015fallah daha iyi olacak&#8221; ifadelerine de yer verdi.<\/p>\n<p><img decoding=\"async\" src=\"https:\/\/static.mavikadin.com\/images\/haberler\/23-03\/05\/hulya_kocyigit_selim_soyder-7.jpg\" alt=\"\" title=\"\"><\/p>\n<h3><strong>&#8220;D&Uuml;NYALAR BEN\u0130M OLUYOR&#8221; DEM\u0130\u015eT\u0130<\/strong><\/h3>\n<p>Di\u011fer yandan Selim Soydan, bir s&uuml;re &ouml;nce verdi\u011fi bir r&ouml;portaj\u0131nda; &#8220;H&uuml;lya&rsquo;n\u0131n elini tuttu\u011fum, onun s\u0131cakl\u0131\u011f\u0131n\u0131 hissetti\u011fim an d&uuml;nyalar benim oluyor. H&uuml;lya benim bir tanem&#8221; demi\u015fti.<\/p>\n<p><img decoding=\"async\" src=\"https:\/\/static.mavikadin.com\/images\/haberler\/23-03\/05\/hulya_kocyigit_selim_soyder-8.jpg\" alt=\"\" title=\"\"><\/p>\n","protected":false},"excerpt":{"rendered":"<p>T\u00fcrk Sinemas\u0131&#8217;n\u0131n yap\u0131 ta\u015flar\u0131ndan H\u00fclya Ko\u00e7yi\u011fit, sosyal medya hesab\u0131ndan e\u015fi Selim Soydan&#8217;\u0131n ciddi bir ameliyat ge\u00e7irdi\u011fini a\u00e7\u0131klayarak doktorlar\u0131na te\u015fekk\u00fcr etti. \u00dcnl\u00fc sanat\u00e7\u0131; &#8221;Selim\u2019im sa\u011fl\u0131kla hep b\u00f6yle g\u00fcl sen emi&#8221; diyerek s\u00f6zlerini bitirdi. H&uuml;lya Ko&ccedil;yi\u011fit&#8217;in, 1968 y\u0131l\u0131nda hayat\u0131n\u0131 birle\u015ftirdi\u011fi eski futbolcu Selim Soydan ciddi bir ameliyat oldu. &Uuml;nl&uuml; sanat&ccedil;\u0131; &#8220;Benim ilac\u0131m&#8221; dedi\u011fi e\u015fi ile ilgili &uuml;zen [&hellip;]<\/p>\n","protected":false},"author":2,"featured_media":54985,"comment_status":"closed","ping_status":"open","sticky":false,"template":"","format":"standard","meta":{"rank_math_lock_modified_date":false,"footnotes":""},"categories":[76],"tags":[4073,16668,901,42342,18669,11802],"class_list":["post-54986","post","type-post","status-publish","format-standard","has-post-thumbnail","hentry","category-magazin","tag-hulya-kocyigit","tag-saglik-haberleri","tag-selim","tag-selim-soydan","tag-turk-sinemasi","tag-unlu-cift"],"_links":{"self":[{"href":"https:\/\/www.tgrthaber.com\/mavikadin\/wp-json\/wp\/v2\/posts\/54986"}],"collection":[{"href":"https:\/\/www.tgrthaber.com\/mavikadin\/wp-json\/wp\/v2\/posts"}],"about":[{"href":"https:\/\/www.tgrthaber.com\/mavikadin\/wp-json\/wp\/v2\/types\/post"}],"author":[{"embeddable":true,"href":"https:\/\/www.tgrthaber.com\/mavikadin\/wp-json\/wp\/v2\/users\/2"}],"replies":[{"embeddable":true,"href":"https:\/\/www.tgrthaber.com\/mavikadin\/wp-json\/wp\/v2\/comments?post=54986"}],"version-history":[{"count":1,"href":"https:\/\/www.tgrthaber.com\/mavikadin\/wp-json\/wp\/v2\/posts\/54986\/revisions"}],"predecessor-version":[{"id":54987,"href":"https:\/\/www.tgrthaber.com\/mavikadin\/wp-json\/wp\/v2\/posts\/54986\/revisions\/54987"}],"wp:featuredmedia":[{"embeddable":true,"href":"https:\/\/www.tgrthaber.com\/mavikadin\/wp-json\/wp\/v2\/media\/54985"}],"wp:attachment":[{"href":"https:\/\/www.tgrthaber.com\/mavikadin\/wp-json\/wp\/v2\/media?parent=54986"}],"wp:term":[{"taxonomy":"category","embeddable":true,"href":"https:\/\/www.tgrthaber.com\/mavikadin\/wp-json\/wp\/v2\/categories?post=54986"},{"taxonomy":"post_tag","embeddable":true,"href":"https:\/\/www.tgrthaber.com\/mavikadin\/wp-json\/wp\/v2\/tags?post=54986"}],"curies":[{"name":"wp","href":"https:\/\/api.w.org\/{rel}","templated":true}]}}