{"id":54989,"date":"2023-03-05T14:14:19","date_gmt":"2023-03-05T11:14:19","guid":{"rendered":"https:\/\/new.mavikadin.com\/?p=54989"},"modified":"2024-09-16T15:58:30","modified_gmt":"2024-09-16T12:58:30","slug":"sarkici-karsu-depremzedeler-icin-bu-kez-el-emegi-goz-nuru-kitabini-bagisladi","status":"publish","type":"post","link":"https:\/\/www.tgrthaber.com\/mavikadin\/sarkici-karsu-depremzedeler-icin-bu-kez-el-emegi-goz-nuru-kitabini-bagisladi\/","title":{"rendered":"\u015eark\u0131c\u0131 Karsu depremzedeler i\u00e7in bu kez el eme\u011fi g\u00f6z nuru kitab\u0131n\u0131 ba\u011f\u0131\u015flad\u0131"},"content":{"rendered":"<p>Hatay&#8217;\u0131n Karsu k\u00f6y\u00fcnden Hollanda&#8217;ya g\u00f6\u00e7 eden bir ailenin k\u0131z\u0131 olan \u00fcnl\u00fc \u015fark\u0131c\u0131 Karsu, Kahramanmara\u015f depreminde ailesinden 10 ki\u015finin vefat\u0131yla y\u0131k\u0131lm\u0131\u015ft\u0131. Hollanda&#8217;da T\u00fcrkiye i\u00e7in yard\u0131m kampanyas\u0131 organize eden \u015fark\u0131c\u0131 \u015fimdi de yeni kitab\u0131n\u0131n 500 bin Euro&#8217;luk gelirini depremden etkilenenler i\u00e7in ba\u011f\u0131\u015flad\u0131.<\/p>\n<p>Merkez &uuml;ss&uuml; Kahramanmara\u015f olan iki b&uuml;y&uuml;k deprem sonras\u0131 T&uuml;rkiye&#8217;nin 10 \u015fehri yerle bir olmu\u015ftu. 45 binden fazla ki\u015finin hayat\u0131n\u0131 kaybetti\u011fi depremde Hollanda&#8217;da ya\u015fayan Hatayl\u0131 \u015fark\u0131c\u0131 Karsu D&ouml;nmez de akrabalar\u0131ndan 10 ki\u015fiyi kaybetmi\u015fti.&nbsp;<\/p>\n<p>T&uuml;rk as\u0131ll\u0131 Hollandal\u0131 piyanist ve besteci olarak bilinen ve Hatay&#8217;dan Hollanda&#8217;ya ailesiyle g&ouml;&ccedil; eden Karsu, depremin ilk g&uuml;n&uuml;nden itibaren yard\u0131m etmeye devam ediyor.<\/p>\n<p><img decoding=\"async\" src=\"https:\/\/static.mavikadin.com\/images\/haberler\/23-03\/05\/karsu_dan_bagis-3.jpg\" alt=\"\" title=\"\"><\/p>\n<p>Ayn\u0131 zamanda \u015fark\u0131c\u0131l\u0131\u011f\u0131n yan\u0131 s\u0131ra mutfa\u011fa d&uuml;\u015fk&uuml;nl&uuml;\u011f&uuml; ile de bilinen Karsu, kendi ismini ta\u015f\u0131yan Karsu&#8217;nun Mutfa\u011f\u0131 isimli kitab\u0131n\u0131n sat\u0131\u015f\u0131ndan elde edilen 500 bin Euro&#8217;luk geliri afetten etkilenen vatanda\u015flara ba\u011f\u0131\u015flad\u0131\u011f\u0131n\u0131 bu s&ouml;zlerle duyurdu;<\/p>\n<blockquote>\n<p>&#8220;Bu kitap benim ve ailemin memleketinin, o g&uuml;zel b&ouml;lgenin bir hat\u0131ras\u0131. Deprem ma\u011fdurlar\u0131 i&ccedil;in 500 bin Euro toplad\u0131k. Bu sonu&ccedil;tan inan\u0131lmaz mutluyum.&#8221;<\/p>\n<\/blockquote>\n<h3><strong>TOPLANAN M\u0130KTARI G&Ouml;R&Uuml;NCE A\u011eLADI<\/strong><\/h3>\n<p>Ge&ccedil;ti\u011fimiz haftalarda Hollanda&#8217;da yard\u0131m kampanyas\u0131 d&uuml;zenleyen Karsu, bu &ouml;nemli gecede 88 milyon euro toplanmas\u0131na arac\u0131l\u0131k yapm\u0131\u015ft\u0131. Yard\u0131m organizasyonunda toplanan miktar\u0131 g&ouml;ren \u015fark\u0131c\u0131, g&ouml;zya\u015flar\u0131na hakim olamam\u0131\u015ft\u0131. Geceye dair kareleri sosyal medya hesab\u0131nda yay\u0131nlayan \u015fark\u0131c\u0131; &#8220;88 milyon euro. Te\u015fekk&uuml;r ederim Hollanda&#8221; a&ccedil;\u0131klamas\u0131nda bulunmu\u015ftu.<\/p>\n<p><img decoding=\"async\" src=\"https:\/\/static.mavikadin.com\/images\/haberler\/23-03\/05\/untitled-2.jpg\" alt=\"\" title=\"\"><\/p>\n<h3><strong>DEPREMDE 10 AKRABASINI KAYBETT\u0130<\/strong><\/h3>\n<p>Karsu, Kahramanmara\u015f depreminden en &ccedil;ok etkilenen illerden biri olan Hatay&#8217;da 10 yak\u0131n akrabas\u0131n\u0131 kaybetti\u011fini a&ccedil;\u0131klam\u0131\u015ft\u0131; &#8220;Aliye halam\u0131, &ccedil;ocuklar\u0131n\u0131 ve torunlar\u0131n\u0131, kuzenim Tuna ablam\u0131, e\u015fini ve o\u011flunu, kuzenim Ayt&uuml;l ablam e\u015fini ve 3 k\u0131z\u0131n\u0131, Meral Teyzemi kaybettik&#8230; 89 ya\u015f\u0131ndaki nenemi ve amcam\u0131 kurtarabildiler. Anlatmama gerek yok, b&uuml;t&uuml;n T&uuml;rkiye bunlar\u0131 ya\u015f\u0131yor.&#8221;<\/p>\n","protected":false},"excerpt":{"rendered":"<p>Hatay&#8217;\u0131n Karsu k\u00f6y\u00fcnden Hollanda&#8217;ya g\u00f6\u00e7 eden bir ailenin k\u0131z\u0131 olan \u00fcnl\u00fc \u015fark\u0131c\u0131 Karsu, Kahramanmara\u015f depreminde ailesinden 10 ki\u015finin vefat\u0131yla y\u0131k\u0131lm\u0131\u015ft\u0131. Hollanda&#8217;da T\u00fcrkiye i\u00e7in yard\u0131m kampanyas\u0131 organize eden \u015fark\u0131c\u0131 \u015fimdi de yeni kitab\u0131n\u0131n 500 bin Euro&#8217;luk gelirini depremden etkilenenler i\u00e7in ba\u011f\u0131\u015flad\u0131. Merkez &uuml;ss&uuml; Kahramanmara\u015f olan iki b&uuml;y&uuml;k deprem sonras\u0131 T&uuml;rkiye&#8217;nin 10 \u015fehri yerle bir olmu\u015ftu. 45 [&hellip;]<\/p>\n","protected":false},"author":2,"featured_media":54988,"comment_status":"closed","ping_status":"open","sticky":false,"template":"","format":"standard","meta":{"rank_math_lock_modified_date":false,"footnotes":""},"categories":[76],"tags":[927,41980,3509,42343,40186,40185],"class_list":["post-54989","post","type-post","status-publish","format-standard","has-post-thumbnail","hentry","category-magazin","tag-deprem","tag-depremzedeler","tag-karsu","tag-kitap-bagisi","tag-sosyal-sorumluluk","tag-yardim-kampanyasi"],"_links":{"self":[{"href":"https:\/\/www.tgrthaber.com\/mavikadin\/wp-json\/wp\/v2\/posts\/54989"}],"collection":[{"href":"https:\/\/www.tgrthaber.com\/mavikadin\/wp-json\/wp\/v2\/posts"}],"about":[{"href":"https:\/\/www.tgrthaber.com\/mavikadin\/wp-json\/wp\/v2\/types\/post"}],"author":[{"embeddable":true,"href":"https:\/\/www.tgrthaber.com\/mavikadin\/wp-json\/wp\/v2\/users\/2"}],"replies":[{"embeddable":true,"href":"https:\/\/www.tgrthaber.com\/mavikadin\/wp-json\/wp\/v2\/comments?post=54989"}],"version-history":[{"count":1,"href":"https:\/\/www.tgrthaber.com\/mavikadin\/wp-json\/wp\/v2\/posts\/54989\/revisions"}],"predecessor-version":[{"id":54990,"href":"https:\/\/www.tgrthaber.com\/mavikadin\/wp-json\/wp\/v2\/posts\/54989\/revisions\/54990"}],"wp:featuredmedia":[{"embeddable":true,"href":"https:\/\/www.tgrthaber.com\/mavikadin\/wp-json\/wp\/v2\/media\/54988"}],"wp:attachment":[{"href":"https:\/\/www.tgrthaber.com\/mavikadin\/wp-json\/wp\/v2\/media?parent=54989"}],"wp:term":[{"taxonomy":"category","embeddable":true,"href":"https:\/\/www.tgrthaber.com\/mavikadin\/wp-json\/wp\/v2\/categories?post=54989"},{"taxonomy":"post_tag","embeddable":true,"href":"https:\/\/www.tgrthaber.com\/mavikadin\/wp-json\/wp\/v2\/tags?post=54989"}],"curies":[{"name":"wp","href":"https:\/\/api.w.org\/{rel}","templated":true}]}}