{"id":55004,"date":"2023-03-05T18:46:05","date_gmt":"2023-03-05T15:46:05","guid":{"rendered":"https:\/\/new.mavikadin.com\/?p=55004"},"modified":"2024-09-16T15:59:01","modified_gmt":"2024-09-16T12:59:01","slug":"tum-gelir-depremzedelere-gidecek-hadiseden-flaman-sarkicilar-ile-duet","status":"publish","type":"post","link":"https:\/\/www.tgrthaber.com\/mavikadin\/tum-gelir-depremzedelere-gidecek-hadiseden-flaman-sarkicilar-ile-duet\/","title":{"rendered":"T\u00fcm gelir depremzedelere gidecek: Hadise&#8217;den Flaman \u015fark\u0131c\u0131lar ile d\u00fcet&#8230;"},"content":{"rendered":"<p>T\u00fcrk as\u0131ll\u0131 Bel\u00e7ikal\u0131 \u015fark\u0131c\u0131 Hadise, 30 Flaman sanat\u00e7\u0131 ile bulu\u015ftu. People Help the People isimli \u015fark\u0131y\u0131 afetzedeler i\u00e7in seslendiren Hadise ve 30 Flaman \u015fark\u0131c\u0131n\u0131n, bu yard\u0131m hareketinden toplanan t\u00fcm para, T\u00fcrkiye&#8217;de depremden etkilenenlere g\u00f6nderilecek.<\/p>\n<p>Bel&ccedil;ika do\u011fumlu T&uuml;rk as\u0131ll\u0131 Hadise, 30 Flaman \u015fark\u0131c\u0131 ile bulu\u015farak st&uuml;dyoya girdi. People Help the People isimli par&ccedil;ay\u0131 afetzedeler i&ccedil;in seslendiren Hadise; &#8220;Bel&ccedil;ika&#8217;da do\u011fdum ama k&ouml;klerim T&uuml;rk ve y\u0131llard\u0131r burada ya\u015f\u0131yorum. \u0130ki k&uuml;lt&uuml;r aras\u0131nda bir k&ouml;pr&uuml; g&ouml;revi g&ouml;r&uuml;yormu\u015fum gibi hissediyorum. Bu projeye kat\u0131lmaktan mutluluk duydum&#8221; ifadelerinde bulunmu\u015ftu.<\/p>\n<p><img decoding=\"async\" src=\"https:\/\/static.mavikadin.com\/images\/haberler\/23-03\/05\/hadise_den_flaman_sanatcilarla_duet-3.jpg\" alt=\"\" title=\"\"><\/p>\n<p>Birbirinden &uuml;nl&uuml; 30 Flaman \u015fark\u0131c\u0131n\u0131n s&ouml;yledi\u011fi par&ccedil;adan elde edilecek t&uuml;m gelir, deprem afetinden etkilenen vatanda\u015flara g&ouml;nderilecek.<\/p>\n<p><img decoding=\"async\" src=\"https:\/\/static.mavikadin.com\/images\/haberler\/23-03\/05\/hadise_den_flaman_sanatcilarla_duet-5.jpg\" alt=\"\" title=\"\"><\/p>\n<p>Ayn\u0131 anda 12 Flaman radyo frekans\u0131nda yay\u0131nlanmaya ba\u015flayan \u015fark\u0131ya da bir klip &ccedil;ekildi. \u015eark\u0131n\u0131n klibi de YouTube&#8217;de e\u015f zamanl\u0131 olarak yay\u0131nlanacak. \u015eark\u0131c\u0131 Hadise; &#8220;Kat\u0131lmam\u0131 istediklerinde hemen &#8216;Ne zaman yap\u0131yoruz?&#8217; diye sordum.&#8221; s&ouml;zleriyle projeye nas\u0131l dahil oldu\u011funu anlatt\u0131.<\/p>\n","protected":false},"excerpt":{"rendered":"<p>T\u00fcrk as\u0131ll\u0131 Bel\u00e7ikal\u0131 \u015fark\u0131c\u0131 Hadise, 30 Flaman sanat\u00e7\u0131 ile bulu\u015ftu. People Help the People isimli \u015fark\u0131y\u0131 afetzedeler i\u00e7in seslendiren Hadise ve 30 Flaman \u015fark\u0131c\u0131n\u0131n, bu yard\u0131m hareketinden toplanan t\u00fcm para, T\u00fcrkiye&#8217;de depremden etkilenenlere g\u00f6nderilecek. Bel&ccedil;ika do\u011fumlu T&uuml;rk as\u0131ll\u0131 Hadise, 30 Flaman \u015fark\u0131c\u0131 ile bulu\u015farak st&uuml;dyoya girdi. People Help the People isimli par&ccedil;ay\u0131 afetzedeler i&ccedil;in seslendiren [&hellip;]<\/p>\n","protected":false},"author":2,"featured_media":55003,"comment_status":"closed","ping_status":"open","sticky":false,"template":"","format":"standard","meta":{"rank_math_lock_modified_date":false,"footnotes":""},"categories":[76],"tags":[927,42165,77,42351,40186,42244],"class_list":["post-55004","post","type-post","status-publish","format-standard","has-post-thumbnail","hentry","category-magazin","tag-deprem","tag-depremzede-yardimi","tag-hadise","tag-sanatci-dayanismasi","tag-sosyal-sorumluluk","tag-yardim-konseri"],"_links":{"self":[{"href":"https:\/\/www.tgrthaber.com\/mavikadin\/wp-json\/wp\/v2\/posts\/55004"}],"collection":[{"href":"https:\/\/www.tgrthaber.com\/mavikadin\/wp-json\/wp\/v2\/posts"}],"about":[{"href":"https:\/\/www.tgrthaber.com\/mavikadin\/wp-json\/wp\/v2\/types\/post"}],"author":[{"embeddable":true,"href":"https:\/\/www.tgrthaber.com\/mavikadin\/wp-json\/wp\/v2\/users\/2"}],"replies":[{"embeddable":true,"href":"https:\/\/www.tgrthaber.com\/mavikadin\/wp-json\/wp\/v2\/comments?post=55004"}],"version-history":[{"count":1,"href":"https:\/\/www.tgrthaber.com\/mavikadin\/wp-json\/wp\/v2\/posts\/55004\/revisions"}],"predecessor-version":[{"id":55005,"href":"https:\/\/www.tgrthaber.com\/mavikadin\/wp-json\/wp\/v2\/posts\/55004\/revisions\/55005"}],"wp:featuredmedia":[{"embeddable":true,"href":"https:\/\/www.tgrthaber.com\/mavikadin\/wp-json\/wp\/v2\/media\/55003"}],"wp:attachment":[{"href":"https:\/\/www.tgrthaber.com\/mavikadin\/wp-json\/wp\/v2\/media?parent=55004"}],"wp:term":[{"taxonomy":"category","embeddable":true,"href":"https:\/\/www.tgrthaber.com\/mavikadin\/wp-json\/wp\/v2\/categories?post=55004"},{"taxonomy":"post_tag","embeddable":true,"href":"https:\/\/www.tgrthaber.com\/mavikadin\/wp-json\/wp\/v2\/tags?post=55004"}],"curies":[{"name":"wp","href":"https:\/\/api.w.org\/{rel}","templated":true}]}}