{"id":55007,"date":"2023-03-05T19:01:22","date_gmt":"2023-03-05T16:01:22","guid":{"rendered":"https:\/\/new.mavikadin.com\/?p=55007"},"modified":"2024-09-16T15:59:09","modified_gmt":"2024-09-16T12:59:09","slug":"eda-ece-elestirilere-boyle-yanit-verdi-ben-de-inancliyim-hem-de-sonuna-kadar","status":"publish","type":"post","link":"https:\/\/www.tgrthaber.com\/mavikadin\/eda-ece-elestirilere-boyle-yanit-verdi-ben-de-inancliyim-hem-de-sonuna-kadar\/","title":{"rendered":"Eda Ece ele\u015ftirilere b\u00f6yle yan\u0131t verdi: Ben de inan\u00e7l\u0131y\u0131m hem de sonuna kadar"},"content":{"rendered":"<p>Depremzedelerin yaralar\u0131n\u0131 sarmak i\u00e7in harekete ge\u00e7en ve tatil g\u00fcnlerinde bir dernekle depremden etkilenen \u00e7ocuklar\u0131 ziyaret ederek, moral da\u011f\u0131tan Eda Ece, daha sonra gitti\u011fi Ankara&#8217;da g\u00f6zya\u015flar\u0131na bo\u011fulunca sosyal medyan\u0131n diline d\u00fc\u015fm\u00fc\u015ft\u00fc. Kendisini ele\u015ftirenlere yan\u0131t veren \u00fcnl\u00fc isim ailesiyle ilgili bilinmeyenleri a\u00e7\u0131klad\u0131.<\/p>\n<p>6 sezondur ekranlar\u0131n en &ccedil;ok izlenen dizilerinden biri olan Yasak Elma&#8217;n\u0131n Y\u0131ld\u0131z&#8217;\u0131 olarak haf\u0131zalara kaz\u0131nan oyuncu Eda Ece, merkez &uuml;ss&uuml; Kahramanmara\u015f olan ve &uuml;lkemizin 10 \u015fehrini yerle bir eden iki b&uuml;y&uuml;k depremin ard\u0131ndan hemen harekete ge&ccedil;mi\u015fti. Sosyal medya hesab\u0131nda ihtiya&ccedil; listeleri payla\u015fan ve her anlamda yard\u0131m etmeye &ccedil;al\u0131\u015fan oyuncu, T&uuml;rkiye Tek Y&uuml;rek program\u0131na da kat\u0131lm\u0131\u015ft\u0131.<\/p>\n<h3><strong>PROGRAMDAK\u0130 HAL\u0130 G&Uuml;NDEM OLMU\u015eTU<\/strong><\/h3>\n<p>Onlarca &uuml;nl&uuml; isimle birlikte ayn\u0131 anda bir&ccedil;ok kanalda yay\u0131nlanan T&uuml;rkiye Tek Y&uuml;rek program\u0131na kat\u0131lan Eda Ece, programdaki makyajs\u0131z ve haz\u0131rl\u0131ks\u0131z haliyle g&uuml;ndem olmu\u015ftu. Halk\u0131n takdirini toplayan Eda Ece, daha sonra da bir dernekle birlikte depremzede &ccedil;ocuklar\u0131 ziyaret etmeye karar verdi. G&uuml;nlerdir g&ouml;zya\u015f\u0131 d&ouml;kt&uuml;\u011f&uuml;n&uuml; dile getiren Eda Ece, sosyal medyada ele\u015ftirilince cevap vermekte gecikmedi.<\/p>\n<p><img decoding=\"async\" src=\"https:\/\/static.mavikadin.com\/images\/haberler\/23-03\/05\/untitled-6.jpg\" alt=\"\" title=\"\"><\/p>\n<h3><strong>&#8220;SONUNA KADAR \u0130NAN&Ccedil;LIYIM&#8221;<\/strong><\/h3>\n<p>Kendisini ve ailesini tan\u0131t\u0131rken sosyal medya hesab\u0131ndan a&ccedil;\u0131klamalarda bulunan &uuml;nl&uuml; isim \u015funlar\u0131 s&ouml;yledi;<\/p>\n<p>&#8220;Din, g&uuml;zel ahlak demektir. Dindar insan k&ouml;t&uuml;l&uuml;k yapamaz. Ben de inan&ccedil;l\u0131y\u0131m hem de sonuna kadar ama din ad\u0131 alt\u0131nda insanlar\u0131 kand\u0131rman\u0131n kar\u015f\u0131s\u0131nday\u0131m.<\/p>\n<h3><strong>&#8220;POL\u0130T\u0130KA VE SPOR SEVMEM&#8221;<\/strong><\/h3>\n<p>&nbsp;&Uuml;nl&uuml; oyuncu s&ouml;zlerine b&ouml;yle devam etti; &#8220;Ben politikadan hi&ccedil; ho\u015flanmam hi&ccedil; de ilgimi &ccedil;ekmezdi. Spor da sevmem mesela, bir tek tenisi sevdim. Ben sanat severim. Resimlere, ressamlara, heykeltra\u015flara bay\u0131l\u0131r\u0131m. Tiyatro oyunlar\u0131n\u0131, dizileri, filmleri, m&uuml;zikalleri izledi\u011fimde mutlu olurum ama ben iyi okullarda okudum. &#8220;<\/p>\n<p>&#8220;\u015ei\u015fli Terakki Lisesi mezunuyum, Bilgi &Uuml;niversitesi Psikoloji okudum. Sanat Tarihi dersleri ald\u0131m. Mimar Sinan hocalar\u0131ndan \u0130stanbul Modern M&uuml;zesi&#8217;nin kurslar\u0131nda, sanat galerisinde &ccedil;al\u0131\u015ft\u0131m sonra i\u015fe girdi\u011fim bir auditionla oyunculu\u011fa se&ccedil;ildim. Okul tiyatro hocam\u0131n tan\u0131\u015ft\u0131rd\u0131\u011f\u0131.&#8221;<\/p>\n<p><img decoding=\"async\" src=\"https:\/\/static.mavikadin.com\/images\/haberler\/23-03\/05\/eda_ece_anne_ve_babasinin_korona_oldugunu_duyurdu-9.jpg\" alt=\"\" title=\"\"><\/p>\n<h3><strong>&#8220;KABUSLARIMDA SINAVA GE&Ccedil; KALIRIM&#8221;<\/strong><\/h3>\n<p>Hayat\u0131 boyunca ders &ccedil;al\u0131\u015ft\u0131\u011f\u0131n\u0131 s&ouml;yleyen Eda Ece o g&uuml;nleri bu s&ouml;zlerle anlatt\u0131; &#8220;Hayat\u0131m boyunca s\u0131navlara &ccedil;al\u0131\u015ft\u0131m, hala r&uuml;yamda s\u0131nava ge&ccedil; kal\u0131r\u0131m mesela bir kabus olarak, annem babam hep ders ald\u0131r\u0131rd\u0131, matematik hocas\u0131 gider, fizik hocas\u0131 odaya girerdi. Gitmedi\u011fim dershane, kurs kalmad\u0131. Tarih, co\u011frafya, din k&uuml;lt&uuml;r&uuml; ve ahlak bilgisi hepsinin dersini ald\u0131m.&#8221;<\/p>\n<p>&#8220;\u015eu anda 32 ya\u015f\u0131nday\u0131m, yeti\u015fkinim, &ccedil;al\u0131\u015f\u0131yorum, kazan\u0131yorum. Kazand\u0131\u011f\u0131m\u0131n y&uuml;zde 40&#8217;\u0131n\u0131 vergi olarak gururla veriyorum. &Uuml;st&uuml;ne &ccedil;evrem \u015fahittir ki kazand\u0131\u011f\u0131m\u0131n &ccedil;o\u011funu yard\u0131ma ihtiyac\u0131 olan herkese da\u011f\u0131t\u0131yorum. Bu &uuml;lkeme yarar sa\u011flamaya &ccedil;al\u0131\u015f\u0131yorum &ccedil;&uuml;nk&uuml; &uuml;lkeme bor&ccedil;lu hissediyorum.&#8221;<\/p>\n<p><img decoding=\"async\" src=\"https:\/\/static.mavikadin.com\/images\/haberler\/23-03\/05\/eda_ece_den_yepyeni_pozlar-11.jpg\" alt=\"\" title=\"\"><\/p>\n<h3><strong>&#8220;BEN TA\u015e DE\u011e\u0130L\u0130M&#8221;<\/strong><\/h3>\n<p>Yasak Elma&#8217;n\u0131n fenomen oyuncusunun a\u011flamas\u0131n\u0131 ele\u015ftirenlere son s&ouml;zleri ise bunlar oldu; &#8220;Hastane, yurt ziyaretlerimizde bana sar\u0131l\u0131p a\u011flayan, annemin en sevdi\u011fi dizi yasak elmayd\u0131 annem &ouml;ld&uuml; abla diye boynuma atlayan 9 ya\u015f\u0131ndaki &ccedil;ocu\u011fu g&ouml;r&uuml;p, 2 &ccedil;ocu\u011funu e\u015fini topra\u011fa vermi\u015f kad\u0131nla konu\u015fup etkilenmemem a\u011flamamam m&uuml;mk&uuml;n de\u011fildi. Ben ta\u015f de\u011filim, insan\u0131m.&#8221;<\/p>\n<p>&#8220;O y&uuml;zden bana ne derseniz diyebilirsiniz. Ben her \u015feyini kendi kazanm\u0131\u015f \u0130T&Uuml; mezunu m&uuml;hendis bir baban\u0131n ve modern Kuran\u0131 Kerim&#8217;i Arap&ccedil;a okumay\u0131 bilen, dualar\u0131 hep tutan, inci k&uuml;peye bay\u0131lan bir annenin k\u0131z\u0131y\u0131m.&#8221;<\/p>\n<p><img decoding=\"async\" src=\"https:\/\/static.mavikadin.com\/images\/haberler\/23-03\/05\/eda_ece_yasak_elma_yildizin_son_halini_paylasti-14.jpg\" alt=\"\" title=\"\"><\/p>\n","protected":false},"excerpt":{"rendered":"<p>Depremzedelerin yaralar\u0131n\u0131 sarmak i\u00e7in harekete ge\u00e7en ve tatil g\u00fcnlerinde bir dernekle depremden etkilenen \u00e7ocuklar\u0131 ziyaret ederek, moral da\u011f\u0131tan Eda Ece, daha sonra gitti\u011fi Ankara&#8217;da g\u00f6zya\u015flar\u0131na bo\u011fulunca sosyal medyan\u0131n diline d\u00fc\u015fm\u00fc\u015ft\u00fc. Kendisini ele\u015ftirenlere yan\u0131t veren \u00fcnl\u00fc isim ailesiyle ilgili bilinmeyenleri a\u00e7\u0131klad\u0131. 6 sezondur ekranlar\u0131n en &ccedil;ok izlenen dizilerinden biri olan Yasak Elma&#8217;n\u0131n Y\u0131ld\u0131z&#8217;\u0131 olarak haf\u0131zalara kaz\u0131nan [&hellip;]<\/p>\n","protected":false},"author":2,"featured_media":55006,"comment_status":"closed","ping_status":"open","sticky":false,"template":"","format":"standard","meta":{"rank_math_lock_modified_date":false,"footnotes":""},"categories":[76],"tags":[41928,2858,42352,7370,42353],"class_list":["post-55007","post","type-post","status-publish","format-standard","has-post-thumbnail","hentry","category-magazin","tag-deprem-yardimi","tag-eda-ece","tag-inanc","tag-oyuncu","tag-yasaka-elma"],"_links":{"self":[{"href":"https:\/\/www.tgrthaber.com\/mavikadin\/wp-json\/wp\/v2\/posts\/55007"}],"collection":[{"href":"https:\/\/www.tgrthaber.com\/mavikadin\/wp-json\/wp\/v2\/posts"}],"about":[{"href":"https:\/\/www.tgrthaber.com\/mavikadin\/wp-json\/wp\/v2\/types\/post"}],"author":[{"embeddable":true,"href":"https:\/\/www.tgrthaber.com\/mavikadin\/wp-json\/wp\/v2\/users\/2"}],"replies":[{"embeddable":true,"href":"https:\/\/www.tgrthaber.com\/mavikadin\/wp-json\/wp\/v2\/comments?post=55007"}],"version-history":[{"count":1,"href":"https:\/\/www.tgrthaber.com\/mavikadin\/wp-json\/wp\/v2\/posts\/55007\/revisions"}],"predecessor-version":[{"id":55008,"href":"https:\/\/www.tgrthaber.com\/mavikadin\/wp-json\/wp\/v2\/posts\/55007\/revisions\/55008"}],"wp:featuredmedia":[{"embeddable":true,"href":"https:\/\/www.tgrthaber.com\/mavikadin\/wp-json\/wp\/v2\/media\/55006"}],"wp:attachment":[{"href":"https:\/\/www.tgrthaber.com\/mavikadin\/wp-json\/wp\/v2\/media?parent=55007"}],"wp:term":[{"taxonomy":"category","embeddable":true,"href":"https:\/\/www.tgrthaber.com\/mavikadin\/wp-json\/wp\/v2\/categories?post=55007"},{"taxonomy":"post_tag","embeddable":true,"href":"https:\/\/www.tgrthaber.com\/mavikadin\/wp-json\/wp\/v2\/tags?post=55007"}],"curies":[{"name":"wp","href":"https:\/\/api.w.org\/{rel}","templated":true}]}}