{"id":55019,"date":"2023-03-06T14:10:18","date_gmt":"2023-03-06T11:10:18","guid":{"rendered":"https:\/\/new.mavikadin.com\/?p=55019"},"modified":"2024-09-16T15:59:45","modified_gmt":"2024-09-16T12:59:45","slug":"pinar-denizden-deprem-paylasimi-hic-gecmeyecek-bir-aci","status":"publish","type":"post","link":"https:\/\/www.tgrthaber.com\/mavikadin\/pinar-denizden-deprem-paylasimi-hic-gecmeyecek-bir-aci\/","title":{"rendered":"P\u0131nar Deniz&#8217;den deprem payla\u015f\u0131m\u0131: Hi\u00e7 ge\u00e7meyecek bir ac\u0131!"},"content":{"rendered":"<p>Merkez \u00fcss\u00fc Kahramanmara\u015f olan y\u00fczy\u0131l\u0131n felaketinde, \u00fcnl\u00fcler ve vatanda\u015flarla bir olup yaralar\u0131 sarmak i\u00e7in yard\u0131m \u00e7al\u0131\u015fmalar\u0131na kat\u0131lm\u0131\u015ft\u0131. Hem yard\u0131m toplayan hem de deprem b\u00f6lgelerine giden \u00fcnl\u00fc isimlerden biri de P\u0131nar Deniz oldu. Deniz, sosyal medya hesab\u0131ndan yapt\u0131\u011f\u0131 bir payla\u015f\u0131mla hissettiklerini yazd\u0131.<\/p>\n<p>Merkez &uuml;ss&uuml; Kahramanmara\u015f olan iki b&uuml;y&uuml;k deprem &uuml;lkemizi derinden sarsm\u0131\u015ft\u0131.&nbsp;Gaziantep, Malatya, Diyarbak\u0131r, Kilis, \u015eanl\u0131urfa, Ad\u0131yaman, Hatay, Osmaniye, Adana ve Elaz\u0131\u011f&#8217;\u0131n en &ccedil;ok etkilendi\u011fi depremlerden sonra 45 binden fazla vatanda\u015f\u0131m\u0131z vefat etmi\u015fti.<\/p>\n<p>Depremden etkilenen \u015fehirler i&ccedil;in &uuml;nl&uuml; isimler de harekete ge&ccedil;mi\u015fti. &Ouml;zel olarak yard\u0131m t\u0131rlar\u0131 g&ouml;nderen, ba\u011f\u0131\u015f yapmak isteyenlere de yard\u0131m &ccedil;a\u011fr\u0131s\u0131nda bulunan ve T&uuml;rkiye Tek Y&uuml;rek program\u0131na kat\u0131lan &uuml;nl&uuml; isimlerden biri de oyuncu P\u0131nar Deniz&#8217;di. &Uuml;nl&uuml; isim \u0130stanbul&#8217;daki yard\u0131m toplamam alan\u0131nda kolilemeye kat\u0131lmas\u0131n\u0131n yan\u0131 s\u0131ra deprem b&ouml;lgelerine de gitti\u011fi biliniyor.<\/p>\n<p><img decoding=\"async\" src=\"https:\/\/static.mavikadin.com\/images\/haberler\/23-03\/06\/pinar_deniz_paylasimlariyla_sosyal_medyanin_gundemine_oturdu-9.jpg\" alt=\"\" title=\"\"><\/p>\n<h3><strong>&#8220;UNUTMAYACA\u011eIZ&#8221;<\/strong><\/h3>\n<p>Y&uuml;zy\u0131l\u0131n afetinin &uuml;zerinden bir ay ge&ccedil;mesinin ard\u0131ndan &uuml;nl&uuml; oyuncu, hislerini bu s&ouml;zlerle ifade etti; &#8220;Tam 1 ay ge&ccedil;ti. Hi&ccedil; ge&ccedil;meyecek bir ac\u0131&#8230; Ruhum yorgun, k\u0131zg\u0131n s\u0131k\u0131\u015fm\u0131\u015f&#8230; Unutmayaca\u011f\u0131m, unutmayaca\u011f\u0131z&#8221; dedi.<\/p>\n<p><img decoding=\"async\" src=\"https:\/\/static.mavikadin.com\/images\/haberler\/23-03\/06\/pinar_deniz-1.jpg\" alt=\"\" title=\"\"><\/p>\n","protected":false},"excerpt":{"rendered":"<p>Merkez \u00fcss\u00fc Kahramanmara\u015f olan y\u00fczy\u0131l\u0131n felaketinde, \u00fcnl\u00fcler ve vatanda\u015flarla bir olup yaralar\u0131 sarmak i\u00e7in yard\u0131m \u00e7al\u0131\u015fmalar\u0131na kat\u0131lm\u0131\u015ft\u0131. Hem yard\u0131m toplayan hem de deprem b\u00f6lgelerine giden \u00fcnl\u00fc isimlerden biri de P\u0131nar Deniz oldu. Deniz, sosyal medya hesab\u0131ndan yapt\u0131\u011f\u0131 bir payla\u015f\u0131mla hissettiklerini yazd\u0131. Merkez &uuml;ss&uuml; Kahramanmara\u015f olan iki b&uuml;y&uuml;k deprem &uuml;lkemizi derinden sarsm\u0131\u015ft\u0131.&nbsp;Gaziantep, Malatya, Diyarbak\u0131r, Kilis, \u015eanl\u0131urfa, [&hellip;]<\/p>\n","protected":false},"author":2,"featured_media":55018,"comment_status":"closed","ping_status":"open","sticky":false,"template":"","format":"standard","meta":{"rank_math_lock_modified_date":false,"footnotes":""},"categories":[76],"tags":[40178,927,42360,39910,15721,35071],"class_list":["post-55019","post","type-post","status-publish","format-standard","has-post-thumbnail","hentry","category-magazin","tag-anma","tag-deprem","tag-depremdayanismasi","tag-pinardeniz","tag-turkiye","tag-yardim"],"_links":{"self":[{"href":"https:\/\/www.tgrthaber.com\/mavikadin\/wp-json\/wp\/v2\/posts\/55019"}],"collection":[{"href":"https:\/\/www.tgrthaber.com\/mavikadin\/wp-json\/wp\/v2\/posts"}],"about":[{"href":"https:\/\/www.tgrthaber.com\/mavikadin\/wp-json\/wp\/v2\/types\/post"}],"author":[{"embeddable":true,"href":"https:\/\/www.tgrthaber.com\/mavikadin\/wp-json\/wp\/v2\/users\/2"}],"replies":[{"embeddable":true,"href":"https:\/\/www.tgrthaber.com\/mavikadin\/wp-json\/wp\/v2\/comments?post=55019"}],"version-history":[{"count":1,"href":"https:\/\/www.tgrthaber.com\/mavikadin\/wp-json\/wp\/v2\/posts\/55019\/revisions"}],"predecessor-version":[{"id":55020,"href":"https:\/\/www.tgrthaber.com\/mavikadin\/wp-json\/wp\/v2\/posts\/55019\/revisions\/55020"}],"wp:featuredmedia":[{"embeddable":true,"href":"https:\/\/www.tgrthaber.com\/mavikadin\/wp-json\/wp\/v2\/media\/55018"}],"wp:attachment":[{"href":"https:\/\/www.tgrthaber.com\/mavikadin\/wp-json\/wp\/v2\/media?parent=55019"}],"wp:term":[{"taxonomy":"category","embeddable":true,"href":"https:\/\/www.tgrthaber.com\/mavikadin\/wp-json\/wp\/v2\/categories?post=55019"},{"taxonomy":"post_tag","embeddable":true,"href":"https:\/\/www.tgrthaber.com\/mavikadin\/wp-json\/wp\/v2\/tags?post=55019"}],"curies":[{"name":"wp","href":"https:\/\/api.w.org\/{rel}","templated":true}]}}