{"id":55028,"date":"2023-03-06T15:17:45","date_gmt":"2023-03-06T12:17:45","guid":{"rendered":"https:\/\/new.mavikadin.com\/?p=55028"},"modified":"2024-09-16T16:00:18","modified_gmt":"2024-09-16T13:00:18","slug":"ebru-destandan-korkutan-haber-unlu-isim-ameliyat-oldu","status":"publish","type":"post","link":"https:\/\/www.tgrthaber.com\/mavikadin\/ebru-destandan-korkutan-haber-unlu-isim-ameliyat-oldu\/","title":{"rendered":"Ebru Destan&#8217;dan korkutan haber: \u00dcnl\u00fc isim ameliyat oldu"},"content":{"rendered":"<p>Eski manken Ebru Destan, ameliyat bas\u0131n\u0131na yatt\u0131. \u00dcnl\u00fc isim, sosyal medya hesab\u0131ndan verdi\u011fi haber hakk\u0131nda: &#8220;Sa\u011fl\u0131ktan \u00f6tesi hikaye&#8221; a\u00e7\u0131klamas\u0131nda bulundu.<\/p>\n<p>Eski manken 45 ya\u015f\u0131ndaki Ebru Destan, ameliyat oldu. Destan, ameliyattan sonra hastane odas\u0131ndan bir a&ccedil;\u0131klama yapt\u0131.<\/p>\n<p>&#8220;Sa\u011fl\u0131ktan &ouml;tesi hikaye&#8221; diyen eski manken, &#8220;Y\u0131llard\u0131r tonsilit (bademcik iltihab\u0131) olmaktan kabus ya\u015f\u0131yordum. Nihayet bademciklerimden kurtuldum. Kolay m\u0131yd\u0131 asla&#8221; a&ccedil;\u0131klamas\u0131nda bulundu.<\/p>\n<p><img decoding=\"async\" src=\"https:\/\/static.mavikadin.com\/images\/haberler\/23-03\/06\/untitled-2.jpg\" alt=\"\" title=\"\"><\/p>\n<p>&Uuml;nl&uuml; isim, a&ccedil;\u0131klamalar\u0131na bu \u015fekilde devam etti;<\/p>\n<p>&#8220;&Ccedil;ocuk ya\u015flarda yap\u0131l\u0131nca daha kolay bir operasyon! Ama antibiyotik kullanmaktan b&ouml;breklerim iflas edecekti. Bu ya\u015flarda tam bir komplikasyon ama doktorlar\u0131m\u0131z o kadar ba\u015far\u0131l\u0131 ki.&#8221;<\/p>\n<p><img decoding=\"async\" src=\"https:\/\/static.mavikadin.com\/images\/haberler\/23-03\/06\/ebru_destan-3-1678105608.jpg\" alt=\"\" title=\"\"><\/p>\n<p>&#8220;Neyse bir m&uuml;ddet sesim, solu\u011fum &ccedil;\u0131kmayacak. S\u0131v\u0131 beslenece\u011fim, a\u011fr\u0131 ve &ouml;dem mevcut. &lsquo;Beni T&uuml;rk hekimlerine emanet ediniz&rsquo; bo\u015funa dememi\u015f Ata&rsquo;m. Herkese Sa\u011fl\u0131k dilerim.&#8221;<\/p>\n","protected":false},"excerpt":{"rendered":"<p>Eski manken Ebru Destan, ameliyat bas\u0131n\u0131na yatt\u0131. \u00dcnl\u00fc isim, sosyal medya hesab\u0131ndan verdi\u011fi haber hakk\u0131nda: &#8220;Sa\u011fl\u0131ktan \u00f6tesi hikaye&#8221; a\u00e7\u0131klamas\u0131nda bulundu. Eski manken 45 ya\u015f\u0131ndaki Ebru Destan, ameliyat oldu. Destan, ameliyattan sonra hastane odas\u0131ndan bir a&ccedil;\u0131klama yapt\u0131. &#8220;Sa\u011fl\u0131ktan &ouml;tesi hikaye&#8221; diyen eski manken, &#8220;Y\u0131llard\u0131r tonsilit (bademcik iltihab\u0131) olmaktan kabus ya\u015f\u0131yordum. Nihayet bademciklerimden kurtuldum. Kolay m\u0131yd\u0131 asla&#8221; [&hellip;]<\/p>\n","protected":false},"author":2,"featured_media":55027,"comment_status":"closed","ping_status":"open","sticky":false,"template":"","format":"standard","meta":{"rank_math_lock_modified_date":false,"footnotes":""},"categories":[76],"tags":[134,173],"class_list":["post-55028","post","type-post","status-publish","format-standard","has-post-thumbnail","hentry","category-magazin","tag-ameliyat","tag-saglik"],"_links":{"self":[{"href":"https:\/\/www.tgrthaber.com\/mavikadin\/wp-json\/wp\/v2\/posts\/55028"}],"collection":[{"href":"https:\/\/www.tgrthaber.com\/mavikadin\/wp-json\/wp\/v2\/posts"}],"about":[{"href":"https:\/\/www.tgrthaber.com\/mavikadin\/wp-json\/wp\/v2\/types\/post"}],"author":[{"embeddable":true,"href":"https:\/\/www.tgrthaber.com\/mavikadin\/wp-json\/wp\/v2\/users\/2"}],"replies":[{"embeddable":true,"href":"https:\/\/www.tgrthaber.com\/mavikadin\/wp-json\/wp\/v2\/comments?post=55028"}],"version-history":[{"count":1,"href":"https:\/\/www.tgrthaber.com\/mavikadin\/wp-json\/wp\/v2\/posts\/55028\/revisions"}],"predecessor-version":[{"id":55029,"href":"https:\/\/www.tgrthaber.com\/mavikadin\/wp-json\/wp\/v2\/posts\/55028\/revisions\/55029"}],"wp:featuredmedia":[{"embeddable":true,"href":"https:\/\/www.tgrthaber.com\/mavikadin\/wp-json\/wp\/v2\/media\/55027"}],"wp:attachment":[{"href":"https:\/\/www.tgrthaber.com\/mavikadin\/wp-json\/wp\/v2\/media?parent=55028"}],"wp:term":[{"taxonomy":"category","embeddable":true,"href":"https:\/\/www.tgrthaber.com\/mavikadin\/wp-json\/wp\/v2\/categories?post=55028"},{"taxonomy":"post_tag","embeddable":true,"href":"https:\/\/www.tgrthaber.com\/mavikadin\/wp-json\/wp\/v2\/tags?post=55028"}],"curies":[{"name":"wp","href":"https:\/\/api.w.org\/{rel}","templated":true}]}}