{"id":55031,"date":"2023-03-06T15:35:25","date_gmt":"2023-03-06T12:35:25","guid":{"rendered":"https:\/\/new.mavikadin.com\/?p=55031"},"modified":"2024-09-16T16:00:23","modified_gmt":"2024-09-16T13:00:23","slug":"izzet-yildizhan-oglunu-askere-boyle-ugurladi","status":"publish","type":"post","link":"https:\/\/www.tgrthaber.com\/mavikadin\/izzet-yildizhan-oglunu-askere-boyle-ugurladi\/","title":{"rendered":"\u0130zzet Y\u0131ld\u0131zhan o\u011flunu askere b\u00f6yle u\u011furlad\u0131"},"content":{"rendered":"<p>\u015eark\u0131c\u0131 \u0130zzet Y\u0131ld\u0131zhan&#8217;\u0131n 9 \u00e7ocu\u011fundan biri olan Mustafa Y\u0131ld\u0131zhan, askere gitmeye haz\u0131rlan\u0131yor. \u00dcnl\u00fc \u015fark\u0131c\u0131, o\u011flunun asker t\u0131ra\u015f\u0131n\u0131 kendi elleriyle yapt\u0131. Duygusal dakikalar ya\u015fad\u0131\u011f\u0131 o anlar\u0131 sosyal medya hesab\u0131ndan payla\u015ft\u0131.<\/p>\n<p>\u015eark\u0131c\u0131 \u0130zzet Y\u0131ld\u0131zhan 59 ya\u015f\u0131nda 9 &ccedil;ocu\u011fundan biri olan o\u011flu Mustafa&#8217;y\u0131 askere g&ouml;nderdi. Mustafa Y\u0131ld\u0131zhan&#8217;\u0131 askere yolcu etmeden &ouml;nce o\u011flunun asker t\u0131ra\u015f\u0131n\u0131 yapan &uuml;nl&uuml; \u015fark\u0131c\u0131 duygusal anlar ya\u015fad\u0131. Y\u0131ld\u0131zhan; <strong>&#8220;Allah her babaya bu zaman\u0131 ya\u015fats\u0131n. Elimle askere teslim edece\u011fim. Bu b&uuml;y&uuml;k bir hat\u0131ra. Ben yar\u0131n bu d&uuml;nyada yok olsam bunlara bakarak hep an\u0131lar\u0131 tazeleyeceksiniz. G&uuml;zel an\u0131lar, Allah size de ya\u015fats\u0131n&#8221;<\/strong> dedi.<\/p>\n<h3><strong>&#8220;9 &Ccedil;OCU\u011eUMUN MAA\u015eI VAR&#8221;<\/strong><\/h3>\n<p>3 farkl\u0131 e\u015finden 9 &ccedil;ocu\u011fu olan \u0130zzet Y\u0131ld\u0131zhan, 2019 y\u0131l\u0131nda yapt\u0131\u011f\u0131 bir r&ouml;portajda &ccedil;ocuklar\u0131n\u0131n ayl\u0131k toplam masraflar\u0131n\u0131n 100 bin TL&#8217;yi ge&ccedil;ti\u011fini a&ccedil;\u0131klam\u0131\u015ft\u0131. &Uuml;nl&uuml; isim, &ccedil;ocuklar\u0131na &ouml;d&uuml;l ve ceza sistemi uygulad\u0131\u011f\u0131n\u0131 ifade ederek;<strong> &#8220;9 &ccedil;ocu\u011fumun maa\u015f\u0131 var. \u0130kramiye alan da oluyor, maa\u015f\u0131n\u0131n yar\u0131s\u0131 kesilen de&#8230; Ceza al\u0131rlarsa maa\u015flar\u0131n\u0131 kesiyorum, &ouml;d&uuml;l al\u0131rlarsa art\u0131r\u0131yorum&#8221;<\/strong> demi\u015fti.<\/p>\n<p><img decoding=\"async\" src=\"https:\/\/static.mavikadin.com\/images\/haberler\/23-03\/06\/izzet_yildizhan-3.jpg\" alt=\"\" title=\"\"><\/p>\n<h3><strong>HEDEF 12 &Ccedil;OCUK<\/strong><\/h3>\n<p>&Uuml;nl&uuml; t&uuml;rk&uuml;c&uuml;, bir ara\u015ft\u0131rma \u015firketinin yapm\u0131\u015f oldu\u011fu T&uuml;rkiye n&uuml;fusunun her ge&ccedil;en y\u0131l ya\u015f ortalamas\u0131n\u0131n artt\u0131\u011f\u0131 hat\u0131rlat\u0131lmas\u0131 &uuml;zerine ise; <strong>&#8220;Bu anlamda T&uuml;rkiye&#8217;nin ya\u015f ortalamas\u0131n\u0131 d&uuml;\u015f&uuml;rmek i&ccedil;in &ccedil;ocuk yapmaya devam edece\u011fim. Eddie Murphy&#8217;nin 10 tane &ccedil;ocu\u011fu varm\u0131\u015f. Sen kimsin ya! Anla\u015f\u0131lan o ki bu rekora yine benim sahip olmam gerekiyor. Art\u0131k 9 &ccedil;ocu\u011fum var. \u0130lk hedefim bu say\u0131y\u0131 12&#8217;ye &ccedil;\u0131karmak&#8221;<\/strong> diyerek, kahkaha atm\u0131\u015ft\u0131.<\/p>\n<p><img decoding=\"async\" src=\"https:\/\/static.mavikadin.com\/images\/haberler\/23-03\/06\/izzet_yildizhan-1.jpg\" alt=\"\" title=\"\"><\/p>\n<h3><strong>&#8220;\u0130Y\u0130 B\u0130R E\u015e DE\u011e\u0130L\u0130M AMA &Ccedil;OK \u0130Y\u0130 B\u0130R BABAYIM&#8221;<\/strong><\/h3>\n<p>Di\u011fer taraftan &uuml;nl&uuml; isim; <strong>&#8220;\u0130yi bir e\u015f de\u011filim ama &ccedil;ok iyi bir babay\u0131m. Para evlad\u0131n yerini dolduramaz. Ben evlatlar\u0131mla k\u0131sa zaman da ge&ccedil;irsem kaliteli zaman ge&ccedil;iriyorum, onlarla ilgileniyorum. Onlar benim her \u015feyim&#8221;<\/strong> a&ccedil;\u0131klamas\u0131n\u0131 da yapm\u0131\u015ft\u0131.<\/p>\n","protected":false},"excerpt":{"rendered":"<p>\u015eark\u0131c\u0131 \u0130zzet Y\u0131ld\u0131zhan&#8217;\u0131n 9 \u00e7ocu\u011fundan biri olan Mustafa Y\u0131ld\u0131zhan, askere gitmeye haz\u0131rlan\u0131yor. \u00dcnl\u00fc \u015fark\u0131c\u0131, o\u011flunun asker t\u0131ra\u015f\u0131n\u0131 kendi elleriyle yapt\u0131. Duygusal dakikalar ya\u015fad\u0131\u011f\u0131 o anlar\u0131 sosyal medya hesab\u0131ndan payla\u015ft\u0131. \u015eark\u0131c\u0131 \u0130zzet Y\u0131ld\u0131zhan 59 ya\u015f\u0131nda 9 &ccedil;ocu\u011fundan biri olan o\u011flu Mustafa&#8217;y\u0131 askere g&ouml;nderdi. Mustafa Y\u0131ld\u0131zhan&#8217;\u0131 askere yolcu etmeden &ouml;nce o\u011flunun asker t\u0131ra\u015f\u0131n\u0131 yapan &uuml;nl&uuml; \u015fark\u0131c\u0131 duygusal [&hellip;]<\/p>\n","protected":false},"author":2,"featured_media":55030,"comment_status":"closed","ping_status":"open","sticky":false,"template":"","format":"standard","meta":{"rank_math_lock_modified_date":false,"footnotes":""},"categories":[76],"tags":[42362,40442,3157,42363,42364],"class_list":["post-55031","post","type-post","status-publish","format-standard","has-post-thumbnail","hentry","category-magazin","tag-asker-ugurlama","tag-duygusal-anlar","tag-izzet-yildizhan","tag-mustafa-yildizhan","tag-unlu-babalar"],"_links":{"self":[{"href":"https:\/\/www.tgrthaber.com\/mavikadin\/wp-json\/wp\/v2\/posts\/55031"}],"collection":[{"href":"https:\/\/www.tgrthaber.com\/mavikadin\/wp-json\/wp\/v2\/posts"}],"about":[{"href":"https:\/\/www.tgrthaber.com\/mavikadin\/wp-json\/wp\/v2\/types\/post"}],"author":[{"embeddable":true,"href":"https:\/\/www.tgrthaber.com\/mavikadin\/wp-json\/wp\/v2\/users\/2"}],"replies":[{"embeddable":true,"href":"https:\/\/www.tgrthaber.com\/mavikadin\/wp-json\/wp\/v2\/comments?post=55031"}],"version-history":[{"count":1,"href":"https:\/\/www.tgrthaber.com\/mavikadin\/wp-json\/wp\/v2\/posts\/55031\/revisions"}],"predecessor-version":[{"id":55032,"href":"https:\/\/www.tgrthaber.com\/mavikadin\/wp-json\/wp\/v2\/posts\/55031\/revisions\/55032"}],"wp:featuredmedia":[{"embeddable":true,"href":"https:\/\/www.tgrthaber.com\/mavikadin\/wp-json\/wp\/v2\/media\/55030"}],"wp:attachment":[{"href":"https:\/\/www.tgrthaber.com\/mavikadin\/wp-json\/wp\/v2\/media?parent=55031"}],"wp:term":[{"taxonomy":"category","embeddable":true,"href":"https:\/\/www.tgrthaber.com\/mavikadin\/wp-json\/wp\/v2\/categories?post=55031"},{"taxonomy":"post_tag","embeddable":true,"href":"https:\/\/www.tgrthaber.com\/mavikadin\/wp-json\/wp\/v2\/tags?post=55031"}],"curies":[{"name":"wp","href":"https:\/\/api.w.org\/{rel}","templated":true}]}}