{"id":55040,"date":"2023-03-06T16:36:04","date_gmt":"2023-03-06T13:36:04","guid":{"rendered":"https:\/\/new.mavikadin.com\/?p=55040"},"modified":"2024-09-16T16:00:49","modified_gmt":"2024-09-16T13:00:49","slug":"seda-sayan-caglar-okten-ciftinden-uzen-haber-7-evliligi-de-bitiyor-mu","status":"publish","type":"post","link":"https:\/\/www.tgrthaber.com\/mavikadin\/seda-sayan-caglar-okten-ciftinden-uzen-haber-7-evliligi-de-bitiyor-mu\/","title":{"rendered":"Seda Sayan \u00c7a\u011flar \u00d6kten \u00e7iftinden \u00fczen haber: 7. evlili\u011fi de bitiyor mu?"},"content":{"rendered":"<p>\u00dcnl\u00fc sanat\u00e7\u0131 Seda Sayan&#8217;\u0131n &#8216;Hayat\u0131m\u0131n en do\u011fru karar\u0131&#8217; dedi\u011fi 7. evlili\u011fi bitiyor iddias\u0131 g\u00fcndeme bomba gibi d\u00fc\u015ft\u00fc. \u00dcnl\u00fc isim, haberlere kar\u015f\u0131 sessizli\u011fini korurken, \u00e7iftin sosyal medya hesaplar\u0131ndaki birlikte \u00e7ekilen foto\u011fraflar\u0131 hala duruyor.<\/p>\n<p>Ge&ccedil;ti\u011fimiz may\u0131s ay\u0131nda Prag&#8217;ta yap\u0131lmas\u0131 planlanan nikah\u0131 baz\u0131 prosed&uuml;rlerin halledilememesi nedeniyle \u0130stanbul&#8217;da ger&ccedil;ekle\u015ftiren Seda Sayan ve &Ccedil;a\u011flar &Ouml;kten &ccedil;ifti, evliliklerinin &uuml;zerinden 10 ay ge&ccedil;mesinden sonra ayr\u0131l\u0131k iddias\u0131yla g&uuml;ndeme bomba gibi d&uuml;\u015ft&uuml;. &Uuml;nl&uuml; \u015fark\u0131c\u0131 &Ccedil;a\u011flar &Ouml;kten ile evlili\u011fi i&ccedil;in; &#8221;Hayat\u0131m\u0131n en do\u011fru karar\u0131&#8221; demi\u015fti.<\/p>\n<h3><strong>YURT DI\u015eINDA TAT\u0130LLERDEN SONRA NAZAR MI DE\u011eD\u0130<\/strong><\/h3>\n<p>Seda Sayan ve e\u015fi &Ccedil;a\u011flar &Ouml;kten hakk\u0131nda s&uuml;rekli yurt d\u0131\u015f\u0131 tatillerine &ccedil;\u0131kan ve her anlar\u0131n\u0131 sosyal medya hesab\u0131nda payla\u015fan ikiliye nazar de\u011fdi\u011fi y&ouml;n&uuml;nde s&ouml;ylentiler ayyuka &ccedil;\u0131kt\u0131.&nbsp;<\/p>\n<p><img decoding=\"async\" src=\"https:\/\/static.mavikadin.com\/images\/haberler\/23-03\/06\/seda_sayan-2.jpg\" alt=\"\" title=\"\"><\/p>\n<p>Takvim&#8217;in haberine g&ouml;re ise; bir s&uuml;redir g&ouml;zlerden uzak olan &ccedil;ift ayr\u0131lmaya karar verdi. Daha &ouml;nce de ayr\u0131lacaklar\u0131 y&ouml;n&uuml;nde haberler &ccedil;\u0131kan &uuml;nl&uuml; &ccedil;ift, bu haberler sonras\u0131 hemen bir payla\u015f\u0131m yaparak haberin do\u011fru olmad\u0131\u011f\u0131n\u0131 a&ccedil;\u0131klam\u0131\u015ft\u0131.<\/p>\n<p><img decoding=\"async\" src=\"https:\/\/static.mavikadin.com\/images\/haberler\/23-03\/06\/seda_sayan-3.jpg\" alt=\"\" title=\"\"><\/p>\n<h3><strong>HEN&Uuml;Z A&Ccedil;IKLAMA GELMED\u0130<\/strong><\/h3>\n<p>&Uuml;nl&uuml; \u015fark\u0131c\u0131 ve e\u015fi &Ccedil;a\u011flar &Ouml;kten hakk\u0131nda ayr\u0131l\u0131k haberlerinin ortaya at\u0131lmas\u0131n\u0131n ard\u0131ndan Seda Sayan ve e\u015fi taraf\u0131ndan herhangi bir a&ccedil;\u0131klama gelmemesi dikkat &ccedil;ekti. Bu durum ise ikili hakk\u0131nda &ccedil;\u0131kan ayr\u0131l\u0131k haberlerinin do\u011frulu\u011funu g&uuml;&ccedil;lendirdi.&nbsp;<\/p>\n<p><img decoding=\"async\" src=\"https:\/\/static.mavikadin.com\/images\/haberler\/23-03\/06\/seda_sayan-1.jpg\" alt=\"\" title=\"\"><\/p>\n","protected":false},"excerpt":{"rendered":"<p>\u00dcnl\u00fc sanat\u00e7\u0131 Seda Sayan&#8217;\u0131n &#8216;Hayat\u0131m\u0131n en do\u011fru karar\u0131&#8217; dedi\u011fi 7. evlili\u011fi bitiyor iddias\u0131 g\u00fcndeme bomba gibi d\u00fc\u015ft\u00fc. \u00dcnl\u00fc isim, haberlere kar\u015f\u0131 sessizli\u011fini korurken, \u00e7iftin sosyal medya hesaplar\u0131ndaki birlikte \u00e7ekilen foto\u011fraflar\u0131 hala duruyor. Ge&ccedil;ti\u011fimiz may\u0131s ay\u0131nda Prag&#8217;ta yap\u0131lmas\u0131 planlanan nikah\u0131 baz\u0131 prosed&uuml;rlerin halledilememesi nedeniyle \u0130stanbul&#8217;da ger&ccedil;ekle\u015ftiren Seda Sayan ve &Ccedil;a\u011flar &Ouml;kten &ccedil;ifti, evliliklerinin &uuml;zerinden 10 ay [&hellip;]<\/p>\n","protected":false},"author":2,"featured_media":55039,"comment_status":"closed","ping_status":"open","sticky":false,"template":"","format":"standard","meta":{"rank_math_lock_modified_date":false,"footnotes":""},"categories":[76],"tags":[42371,2812,2811],"class_list":["post-55040","post","type-post","status-publish","format-standard","has-post-thumbnail","hentry","category-magazin","tag-ayrilik-haberleri","tag-caglar-okten","tag-seda-sayan"],"_links":{"self":[{"href":"https:\/\/www.tgrthaber.com\/mavikadin\/wp-json\/wp\/v2\/posts\/55040"}],"collection":[{"href":"https:\/\/www.tgrthaber.com\/mavikadin\/wp-json\/wp\/v2\/posts"}],"about":[{"href":"https:\/\/www.tgrthaber.com\/mavikadin\/wp-json\/wp\/v2\/types\/post"}],"author":[{"embeddable":true,"href":"https:\/\/www.tgrthaber.com\/mavikadin\/wp-json\/wp\/v2\/users\/2"}],"replies":[{"embeddable":true,"href":"https:\/\/www.tgrthaber.com\/mavikadin\/wp-json\/wp\/v2\/comments?post=55040"}],"version-history":[{"count":1,"href":"https:\/\/www.tgrthaber.com\/mavikadin\/wp-json\/wp\/v2\/posts\/55040\/revisions"}],"predecessor-version":[{"id":55041,"href":"https:\/\/www.tgrthaber.com\/mavikadin\/wp-json\/wp\/v2\/posts\/55040\/revisions\/55041"}],"wp:featuredmedia":[{"embeddable":true,"href":"https:\/\/www.tgrthaber.com\/mavikadin\/wp-json\/wp\/v2\/media\/55039"}],"wp:attachment":[{"href":"https:\/\/www.tgrthaber.com\/mavikadin\/wp-json\/wp\/v2\/media?parent=55040"}],"wp:term":[{"taxonomy":"category","embeddable":true,"href":"https:\/\/www.tgrthaber.com\/mavikadin\/wp-json\/wp\/v2\/categories?post=55040"},{"taxonomy":"post_tag","embeddable":true,"href":"https:\/\/www.tgrthaber.com\/mavikadin\/wp-json\/wp\/v2\/tags?post=55040"}],"curies":[{"name":"wp","href":"https:\/\/api.w.org\/{rel}","templated":true}]}}