{"id":55067,"date":"2023-03-07T14:31:41","date_gmt":"2023-03-07T11:31:41","guid":{"rendered":"https:\/\/new.mavikadin.com\/?p=55067"},"modified":"2024-09-16T16:02:07","modified_gmt":"2024-09-16T13:02:07","slug":"berfu-yenenlerden-gulduren-paylasim-meral-akseneri-kime-benzetti","status":"publish","type":"post","link":"https:\/\/www.tgrthaber.com\/mavikadin\/berfu-yenenlerden-gulduren-paylasim-meral-akseneri-kime-benzetti\/","title":{"rendered":"Berfu Yenenler\u2019den g\u00fcld\u00fcren payla\u015f\u0131m! Meral Ak\u015fener&#8217;i kime benzetti?"},"content":{"rendered":"<p>Sosyal medya fenomeni ve komedyen Eser Yenenler\u2019in e\u015fi Berfu Yenenler, Millet \u0130ttifak\u0131\u2019n\u0131n son toplant\u0131s\u0131 sonras\u0131 6 partinin ortak cumhurba\u015fkan\u0131 aday\u0131n\u0131n Kemal K\u0131l\u0131\u00e7daro\u011flu oldu\u011fu d\u00fcn ak\u015fam a\u00e7\u0131kland\u0131. K\u0131l\u0131\u00e7daro\u011flu\u2019nun konu\u015ftu\u011fu esnada \u0130Y\u0130 Parti Genel Ba\u015fkan\u0131 Meral Ak\u015fener\u2019in kameralara yans\u0131yan y\u00fcz ifadesi dikkat \u00e7ekti. Sosyal medyada viral olan o anlara Berfu Yenenler\u2019den e\u011flenceli bir payla\u015f\u0131m geldi.<\/p>\n<p>CHP lideri Kemal K\u0131l\u0131&ccedil;daro\u011flu, Millet \u0130ttifak\u0131&rsquo;n\u0131n cumhurba\u015fkan\u0131 aday\u0131 olarak resmen a&ccedil;\u0131kland\u0131. Toplant\u0131 sonras\u0131nda yap\u0131lan konu\u015fmada \u0130Y\u0130 Parti Genel Ba\u015fkan\u0131 Meral Ak\u015fener&rsquo;in mimikleri geceye damga vurdu. Sosyal medyada g&uuml;ndem olan o anlara Eser Yenenler&rsquo;in e\u015fi Berfu Yenenler de kay\u0131ts\u0131z kalmad\u0131.<\/p>\n<p>Y&uuml;z ifadesi anbean kameralara yans\u0131yan Meral Ak\u015fener&rsquo;in cumhurba\u015fkan\u0131 aday\u0131n\u0131n a&ccedil;\u0131kland\u0131\u011f\u0131 anlarda surat\u0131n\u0131n as\u0131k oldu\u011fu dikkatlerden ka&ccedil;mad\u0131.<\/p>\n<p><img decoding=\"async\" src=\"https:\/\/static.mavikadin.com\/images\/haberler\/23-03\/07\/berfubebel.jpg\" alt=\"\" title=\"\"><\/p>\n<p>Oyuncu Eser Yenenler&rsquo;in e\u015fi ve sosyal medya fenomeni Berfu Yenenler, g&uuml;ndemle ilgili e\u011flenceli bir payla\u015f\u0131m yapt\u0131. &nbsp;Ak\u015fener&#8217;in mimiklerini ti&#8217;ye alan isim, <strong>&ldquo;Diyorum nereden tan\u0131d\u0131k geliyor&rdquo;<\/strong> notuyla Meral Han\u0131m&rsquo;\u0131n foto\u011fraf\u0131n\u0131n yan\u0131na k&uuml;&ccedil;&uuml;k o\u011flu Mete&#8217;nin surat\u0131n\u0131 ekledi.<\/p>\n","protected":false},"excerpt":{"rendered":"<p>Sosyal medya fenomeni ve komedyen Eser Yenenler\u2019in e\u015fi Berfu Yenenler, Millet \u0130ttifak\u0131\u2019n\u0131n son toplant\u0131s\u0131 sonras\u0131 6 partinin ortak cumhurba\u015fkan\u0131 aday\u0131n\u0131n Kemal K\u0131l\u0131\u00e7daro\u011flu oldu\u011fu d\u00fcn ak\u015fam a\u00e7\u0131kland\u0131. K\u0131l\u0131\u00e7daro\u011flu\u2019nun konu\u015ftu\u011fu esnada \u0130Y\u0130 Parti Genel Ba\u015fkan\u0131 Meral Ak\u015fener\u2019in kameralara yans\u0131yan y\u00fcz ifadesi dikkat \u00e7ekti. Sosyal medyada viral olan o anlara Berfu Yenenler\u2019den e\u011flenceli bir payla\u015f\u0131m geldi. CHP lideri [&hellip;]<\/p>\n","protected":false},"author":13,"featured_media":55066,"comment_status":"closed","ping_status":"open","sticky":false,"template":"","format":"standard","meta":{"rank_math_lock_modified_date":false,"footnotes":""},"categories":[76],"tags":[12463,5045,42380,28839,42381],"class_list":["post-55067","post","type-post","status-publish","format-standard","has-post-thumbnail","hentry","category-magazin","tag-berfu-yenenler","tag-eser-yenenler","tag-komik-paylasim","tag-meral-aksener","tag-millet-ittifaki"],"_links":{"self":[{"href":"https:\/\/www.tgrthaber.com\/mavikadin\/wp-json\/wp\/v2\/posts\/55067"}],"collection":[{"href":"https:\/\/www.tgrthaber.com\/mavikadin\/wp-json\/wp\/v2\/posts"}],"about":[{"href":"https:\/\/www.tgrthaber.com\/mavikadin\/wp-json\/wp\/v2\/types\/post"}],"author":[{"embeddable":true,"href":"https:\/\/www.tgrthaber.com\/mavikadin\/wp-json\/wp\/v2\/users\/13"}],"replies":[{"embeddable":true,"href":"https:\/\/www.tgrthaber.com\/mavikadin\/wp-json\/wp\/v2\/comments?post=55067"}],"version-history":[{"count":1,"href":"https:\/\/www.tgrthaber.com\/mavikadin\/wp-json\/wp\/v2\/posts\/55067\/revisions"}],"predecessor-version":[{"id":55068,"href":"https:\/\/www.tgrthaber.com\/mavikadin\/wp-json\/wp\/v2\/posts\/55067\/revisions\/55068"}],"wp:featuredmedia":[{"embeddable":true,"href":"https:\/\/www.tgrthaber.com\/mavikadin\/wp-json\/wp\/v2\/media\/55066"}],"wp:attachment":[{"href":"https:\/\/www.tgrthaber.com\/mavikadin\/wp-json\/wp\/v2\/media?parent=55067"}],"wp:term":[{"taxonomy":"category","embeddable":true,"href":"https:\/\/www.tgrthaber.com\/mavikadin\/wp-json\/wp\/v2\/categories?post=55067"},{"taxonomy":"post_tag","embeddable":true,"href":"https:\/\/www.tgrthaber.com\/mavikadin\/wp-json\/wp\/v2\/tags?post=55067"}],"curies":[{"name":"wp","href":"https:\/\/api.w.org\/{rel}","templated":true}]}}