{"id":56453,"date":"2023-04-19T09:29:50","date_gmt":"2023-04-19T06:29:50","guid":{"rendered":"https:\/\/new.mavikadin.com\/?p=56453"},"modified":"2024-09-16T16:59:30","modified_gmt":"2024-09-16T13:59:30","slug":"yeliz-sari-kahreden-olum-once-babasi-sonra-annesi-hayatini-kaybetti","status":"publish","type":"post","link":"https:\/\/www.tgrthaber.com\/mavikadin\/yeliz-sari-kahreden-olum-once-babasi-sonra-annesi-hayatini-kaybetti\/","title":{"rendered":"Yeliz \u015ear&#8217;\u0131 kahreden \u00f6l\u00fcm! \u00d6nce babas\u0131 sonra annesi hayat\u0131n\u0131 kaybetti"},"content":{"rendered":"<p>Oyuncu Yeliz \u015ear&#8217;\u0131n annesi \u015eehriban \u015eule \u015ear, vefat etti. \u00dcnl\u00fc isim ac\u0131 haberi sosyal medya hesab\u0131ndan sevenleri ve yak\u0131nlar\u0131yla payla\u015ft\u0131. \u015ear&#8217;\u0131n annesini kaybetti\u011fini duygusal bir mesajla duyurdu.<\/p>\n<p>Yasak Elma, \u0130\u015fler G&uuml;&ccedil;ler, Yaprak D&ouml;k&uuml;m&uuml; gibi pek &ccedil;ok bilinen dizide rol alm\u0131\u015f oyuncu Yeliz \u015ear d&uuml;n annesinin vefat\u0131yla y\u0131k\u0131ld\u0131. Oyuncu ac\u0131 haberi sosyal medya hesab\u0131ndan yay\u0131nlad\u0131\u011f\u0131 duygusal bir mesajla yay\u0131nlad\u0131.<\/p>\n<h3><strong>BUG&Uuml;N SON YOLCULU\u011eUNA U\u011eURLANIYOR<\/strong><\/h3>\n<p>Sosyal medya hesab\u0131ndan yapt\u0131\u011f\u0131 bir a&ccedil;\u0131klama ile annesinin hayat\u0131n\u0131 kaybetti\u011fini; &#8220;Can\u0131m biricik annem, hayat\u0131m birtanemi maalesef kaybettik. Cenazemiz 19.04.2023 (&Ccedil;ar\u015famba) &ouml;\u011flen namaz\u0131nda \u015eakirin Camii&#8217;nden kalkacakt\u0131r. Dualar\u0131n\u0131z\u0131 eksik etmeyin&#8221; s&ouml;zleriyle duyuran Yeliz \u015ear, s&ouml;zlerine imza att\u0131. \u015eehriban \u015eule \u015ear, bug&uuml;n &ouml;\u011fle namaz\u0131na m&uuml;teakip k\u0131l\u0131nacak cenaze namaz\u0131n\u0131n ard\u0131ndan Karacaahmet Mezarl\u0131\u011f\u0131&#8217;ndan defnedilecek.<\/p>\n<p><img decoding=\"async\" src=\"https:\/\/static.mavikadin.com\/images\/haberler\/23-04\/19\/yeliz_sar_i_kahreden_olum-6.jpg\" alt=\"\" title=\"\"><\/p>\n<h3><strong>BABASINI DA KAYBETM\u0130\u015eT\u0130<\/strong><\/h3>\n<p>Yeliz \u015ear, \u015eubat 2018 y\u0131l\u0131nda babas\u0131 Yal&ccedil;\u0131n \u015ear&#8217;\u0131 gribal enfeksiyon sebebiyle kaybetmi\u015fti. Ayn\u0131 zamanda demans hastal\u0131\u011f\u0131 olan baba \u015ear, kald\u0131r\u0131ld\u0131\u011f\u0131 hastanede hayat\u0131n\u0131 kaybetmi\u015fti. Yeliz \u015ear&#8217;a bu zor g&uuml;n&uuml;nde eski e\u015fi Tolga G&uuml;le&ccedil; destek olmu\u015ftu.<\/p>\n<p><img decoding=\"async\" src=\"https:\/\/static.mavikadin.com\/images\/haberler\/23-04\/19\/untitled-5.jpg\" alt=\"\" title=\"\"><\/p>\n<p><img decoding=\"async\" src=\"https:\/\/static.mavikadin.com\/images\/haberler\/23-04\/19\/yeliz_sar_i_kahreden_olum-2.jpg\" alt=\"\" title=\"\"><\/p>\n<h3><strong>YEL\u0130Z \u015eAR K\u0130MD\u0130R?<\/strong><\/h3>\n<p>Lara Yeliz \u015ear 30 May\u0131s 1977 tarihinde Almanya&#8217;da do\u011fdu. T&uuml;rk oyuncu.<\/p>\n<p>Marmara &Uuml;niversitesi Turizm Otelcilik mezunu olan \u015ear, ilk olarak Kollama adl\u0131 TV dizisinde &#8220;Melike&#8221; rol&uuml; ile tan\u0131nd\u0131. Daha sonra D&uuml;r&uuml;ye&#8217;nin G&uuml;\u011f&uuml;mleri adl\u0131 dizide &#8220;Nimet&#8221; karakteri ile oyunculu\u011funa devam etti. 2012 y\u0131l\u0131nda oynad\u0131\u011f\u0131 ilk tiyatro oyunu Canl\u0131 Yay\u0131n adl\u0131 tiyatro oyunu ile b&uuml;y&uuml;k ilgi toplad\u0131. Yeliz \u015ear, 2012 y\u0131l\u0131n\u0131n yaz sezonunda Star TV&#8217;de yay\u0131nlanmaya ba\u015flayan ve 2013 y\u0131l\u0131nda sona eren \u0130\u015fler G&uuml;&ccedil;ler adl\u0131 dizide oynad\u0131. 2018 y\u0131l\u0131nda FOX&#8217;ta yay\u0131nlanmaya ba\u015flayan Yasak Elma adl\u0131 dizide Defne rol&uuml;yle 6 b&ouml;l&uuml;m yer ald\u0131.<\/p>\n<p><strong>Yer Ald\u0131\u011f\u0131 Projeler<\/strong><\/p>\n<p>Y\u0131l &nbsp; &nbsp;Yap\u0131m &nbsp; &nbsp;Rol<br \/>2018 &nbsp; &nbsp;Yasak Elma &nbsp; &nbsp;Defne<br \/>2015 &nbsp; &nbsp;&Ouml;\u011frenci \u0130\u015fleri &nbsp; &nbsp;Manidar<br \/>2013 &nbsp; &nbsp;&Ccedil;akma Hayat &nbsp; &nbsp;<br \/>2012-2013 &nbsp; &nbsp;\u0130\u015fler G&uuml;&ccedil;ler &nbsp; &nbsp;T&uuml;lay<br \/>2012 &nbsp; &nbsp;Elveda Katya &nbsp; &nbsp;Aysun<br \/>2010 &nbsp; &nbsp;D&uuml;r&uuml;ye&#8217;nin G&uuml;\u011f&uuml;mleri &nbsp; &nbsp;Nimet<br \/>2008-2010 &nbsp; &nbsp;Kollama &nbsp; &nbsp;Melike\/Athena<br \/>2009 &nbsp; &nbsp;&Ccedil;ocukluk G&uuml;nleri &nbsp; &nbsp;Canan<br \/>2009 &nbsp; &nbsp;Yaprak D&ouml;k&uuml;m&uuml; &nbsp; &nbsp;Hande<br \/>2008 &nbsp; &nbsp;Limon A\u011fac\u0131 &nbsp; &nbsp;Seher<br \/>2007 &nbsp; &nbsp;Oyun Bitti &nbsp; &nbsp;Hale<br \/>2006 &nbsp; &nbsp;Sev Karde\u015fim &nbsp; &nbsp;Feraye<br \/>2005 &nbsp; &nbsp;Sensiz Olmuyor &nbsp; &nbsp;G&ouml;n&uuml;l<br \/>2004 &nbsp; &nbsp;\u0130yi Saatte Olsunlar &nbsp; &nbsp;Zeynep<br \/>2003 &nbsp; &nbsp;Rabia &nbsp; &nbsp;Rabia<br \/>2002 &nbsp; &nbsp;Kardelen &nbsp; &nbsp;Kardelen<br \/>2001 &nbsp; &nbsp;A\u015fk\u0131na E\u015fkiya &nbsp; &nbsp;Lara<\/p>\n","protected":false},"excerpt":{"rendered":"<p>Oyuncu Yeliz \u015ear&#8217;\u0131n annesi \u015eehriban \u015eule \u015ear, vefat etti. \u00dcnl\u00fc isim ac\u0131 haberi sosyal medya hesab\u0131ndan sevenleri ve yak\u0131nlar\u0131yla payla\u015ft\u0131. \u015ear&#8217;\u0131n annesini kaybetti\u011fini duygusal bir mesajla duyurdu. Yasak Elma, \u0130\u015fler G&uuml;&ccedil;ler, Yaprak D&ouml;k&uuml;m&uuml; gibi pek &ccedil;ok bilinen dizide rol alm\u0131\u015f oyuncu Yeliz \u015ear d&uuml;n annesinin vefat\u0131yla y\u0131k\u0131ld\u0131. Oyuncu ac\u0131 haberi sosyal medya hesab\u0131ndan yay\u0131nlad\u0131\u011f\u0131 duygusal [&hellip;]<\/p>\n","protected":false},"author":2,"featured_media":56452,"comment_status":"closed","ping_status":"open","sticky":false,"template":"","format":"standard","meta":{"rank_math_lock_modified_date":false,"footnotes":""},"categories":[76],"tags":[5770,7370,31570,2405,43202],"class_list":["post-56453","post","type-post","status-publish","format-standard","has-post-thumbnail","hentry","category-magazin","tag-annesi","tag-oyuncu","tag-vefat","tag-yasak-elma","tag-yeliz-sar"],"_links":{"self":[{"href":"https:\/\/www.tgrthaber.com\/mavikadin\/wp-json\/wp\/v2\/posts\/56453"}],"collection":[{"href":"https:\/\/www.tgrthaber.com\/mavikadin\/wp-json\/wp\/v2\/posts"}],"about":[{"href":"https:\/\/www.tgrthaber.com\/mavikadin\/wp-json\/wp\/v2\/types\/post"}],"author":[{"embeddable":true,"href":"https:\/\/www.tgrthaber.com\/mavikadin\/wp-json\/wp\/v2\/users\/2"}],"replies":[{"embeddable":true,"href":"https:\/\/www.tgrthaber.com\/mavikadin\/wp-json\/wp\/v2\/comments?post=56453"}],"version-history":[{"count":1,"href":"https:\/\/www.tgrthaber.com\/mavikadin\/wp-json\/wp\/v2\/posts\/56453\/revisions"}],"predecessor-version":[{"id":56454,"href":"https:\/\/www.tgrthaber.com\/mavikadin\/wp-json\/wp\/v2\/posts\/56453\/revisions\/56454"}],"wp:featuredmedia":[{"embeddable":true,"href":"https:\/\/www.tgrthaber.com\/mavikadin\/wp-json\/wp\/v2\/media\/56452"}],"wp:attachment":[{"href":"https:\/\/www.tgrthaber.com\/mavikadin\/wp-json\/wp\/v2\/media?parent=56453"}],"wp:term":[{"taxonomy":"category","embeddable":true,"href":"https:\/\/www.tgrthaber.com\/mavikadin\/wp-json\/wp\/v2\/categories?post=56453"},{"taxonomy":"post_tag","embeddable":true,"href":"https:\/\/www.tgrthaber.com\/mavikadin\/wp-json\/wp\/v2\/tags?post=56453"}],"curies":[{"name":"wp","href":"https:\/\/api.w.org\/{rel}","templated":true}]}}