{"id":56456,"date":"2023-04-19T10:51:39","date_gmt":"2023-04-19T07:51:39","guid":{"rendered":"https:\/\/new.mavikadin.com\/?p=56456"},"modified":"2024-09-16T16:59:37","modified_gmt":"2024-09-16T13:59:37","slug":"odullu-yonetmen-nuri-bilge-ceylanin-anne-acisi","status":"publish","type":"post","link":"https:\/\/www.tgrthaber.com\/mavikadin\/odullu-yonetmen-nuri-bilge-ceylanin-anne-acisi\/","title":{"rendered":"\u00d6d\u00fcll\u00fc y\u00f6netmen Nuri Bilge Ceylan&#8217;\u0131n anne ac\u0131s\u0131!"},"content":{"rendered":"<p>Cannes Film Festivali&#8217;nde Alt\u0131n Palmiye \u00d6d\u00fcl\u00fc kazanan \u00fcnl\u00fc y\u00f6netmen Nuri Bilge Ceylan\u2019\u0131n annesi Fatma Ceylan hayat\u0131n\u0131 kaybetti. Fatma Ceylan, \u00c7anakkale&#8217;de son yolculu\u011funa u\u011furland\u0131.<\/p>\n<p>K\u0131\u015f Uykusu, Ahlat A\u011fac\u0131, Bir Zamanlar Anadolu&rsquo;da, May\u0131s S\u0131k\u0131nt\u0131s\u0131 gibi yap\u0131mlar\u0131n y&ouml;netmenli\u011fini &uuml;stlenen Nuri Bilge Ceylan annesinin ac\u0131 haberiyle y\u0131k\u0131ld\u0131. &Uuml;nl&uuml; y&ouml;netmen Nuri Bilge Ceylan&#8217;\u0131n 98 ya\u015f\u0131nda vefat eden annesi Fatma Ceylan&#8217;\u0131n cenazesi, &Ccedil;anakkale&#8217;nin Yenice il&ccedil;esinde topra\u011fa verildi.<\/p>\n<p><img decoding=\"async\" src=\"https:\/\/static.mavikadin.com\/images\/haberler\/23-04\/19\/nuriorta.jpg\" alt=\"\" title=\"\"><\/p>\n<p>&Uuml;nl&uuml; y&ouml;netmenin yorgun ve &uuml;zg&uuml;n hali foto\u011fraflara yans\u0131d\u0131. Ayakta durmakta zorlanan Ceylan&rsquo;a yak\u0131nlar\u0131 destek oldu.<\/p>\n<p><img decoding=\"async\" src=\"https:\/\/static.mavikadin.com\/images\/haberler\/23-04\/19\/nuriorta2.jpg\" alt=\"\" title=\"\"><\/p>\n<p>\u0130hlas haber ajans\u0131n\u0131n haberine g&ouml;re \u0130stanbul&#8217;da hayat\u0131n\u0131 kaybeden Fatma Ceylan cenaze t&ouml;renine yak\u0131nlar\u0131n\u0131n yan\u0131 s\u0131ra Yenice Belediye Ba\u015fkan\u0131 Veysel Acar, &Ccedil;an Belediye Ba\u015fkan Vekili Harun Arslan ve k&ouml;yl&uuml;ler kat\u0131ld\u0131. &Ccedil;ak\u0131roba K&ouml;y&uuml; Camisi&#8217;nde ikindi namaz\u0131na m&uuml;teakip ger&ccedil;ekle\u015ftirilen cenaze t&ouml;reninde, Nuri Bilge Ceylan ve yak\u0131nlar\u0131 taziyeleri kabul etti. K\u0131l\u0131nan cenaze namaz\u0131n\u0131n ard\u0131ndan Fatma Ceylan&rsquo;\u0131n cenazesi k&ouml;y mezarl\u0131\u011f\u0131na defnedildi.<\/p>\n<p>\u0130HLAS HABER AJANSI<\/p>\n<h3><\/h3>\n<p><strong>BU V\u0130DEO DA \u0130LG\u0130N\u0130Z\u0130 &Ccedil;EKEB\u0130L\u0130R<\/strong><\/p>\n<p><strong>#vd-341#<\/strong><\/p>\n","protected":false},"excerpt":{"rendered":"<p>Cannes Film Festivali&#8217;nde Alt\u0131n Palmiye \u00d6d\u00fcl\u00fc kazanan \u00fcnl\u00fc y\u00f6netmen Nuri Bilge Ceylan\u2019\u0131n annesi Fatma Ceylan hayat\u0131n\u0131 kaybetti. Fatma Ceylan, \u00c7anakkale&#8217;de son yolculu\u011funa u\u011furland\u0131. K\u0131\u015f Uykusu, Ahlat A\u011fac\u0131, Bir Zamanlar Anadolu&rsquo;da, May\u0131s S\u0131k\u0131nt\u0131s\u0131 gibi yap\u0131mlar\u0131n y&ouml;netmenli\u011fini &uuml;stlenen Nuri Bilge Ceylan annesinin ac\u0131 haberiyle y\u0131k\u0131ld\u0131. &Uuml;nl&uuml; y&ouml;netmen Nuri Bilge Ceylan&#8217;\u0131n 98 ya\u015f\u0131nda vefat eden annesi Fatma Ceylan&#8217;\u0131n [&hellip;]<\/p>\n","protected":false},"author":21,"featured_media":56455,"comment_status":"closed","ping_status":"open","sticky":false,"template":"","format":"standard","meta":{"rank_math_lock_modified_date":false,"footnotes":""},"categories":[76],"tags":[6974,43203,9274,5621,31570],"class_list":["post-56456","post","type-post","status-publish","format-standard","has-post-thumbnail","hentry","category-magazin","tag-cenaze","tag-fatma-ceylan","tag-nuri-bilge-ceylan","tag-sinema","tag-vefat"],"_links":{"self":[{"href":"https:\/\/www.tgrthaber.com\/mavikadin\/wp-json\/wp\/v2\/posts\/56456"}],"collection":[{"href":"https:\/\/www.tgrthaber.com\/mavikadin\/wp-json\/wp\/v2\/posts"}],"about":[{"href":"https:\/\/www.tgrthaber.com\/mavikadin\/wp-json\/wp\/v2\/types\/post"}],"author":[{"embeddable":true,"href":"https:\/\/www.tgrthaber.com\/mavikadin\/wp-json\/wp\/v2\/users\/21"}],"replies":[{"embeddable":true,"href":"https:\/\/www.tgrthaber.com\/mavikadin\/wp-json\/wp\/v2\/comments?post=56456"}],"version-history":[{"count":1,"href":"https:\/\/www.tgrthaber.com\/mavikadin\/wp-json\/wp\/v2\/posts\/56456\/revisions"}],"predecessor-version":[{"id":56457,"href":"https:\/\/www.tgrthaber.com\/mavikadin\/wp-json\/wp\/v2\/posts\/56456\/revisions\/56457"}],"wp:featuredmedia":[{"embeddable":true,"href":"https:\/\/www.tgrthaber.com\/mavikadin\/wp-json\/wp\/v2\/media\/56455"}],"wp:attachment":[{"href":"https:\/\/www.tgrthaber.com\/mavikadin\/wp-json\/wp\/v2\/media?parent=56456"}],"wp:term":[{"taxonomy":"category","embeddable":true,"href":"https:\/\/www.tgrthaber.com\/mavikadin\/wp-json\/wp\/v2\/categories?post=56456"},{"taxonomy":"post_tag","embeddable":true,"href":"https:\/\/www.tgrthaber.com\/mavikadin\/wp-json\/wp\/v2\/tags?post=56456"}],"curies":[{"name":"wp","href":"https:\/\/api.w.org\/{rel}","templated":true}]}}