{"id":56459,"date":"2023-04-19T10:53:26","date_gmt":"2023-04-19T07:53:26","guid":{"rendered":"https:\/\/new.mavikadin.com\/?p=56459"},"modified":"2024-09-16T16:59:44","modified_gmt":"2024-09-16T13:59:44","slug":"behzat-uygurdan-gulduren-selami-sahin-esprisi","status":"publish","type":"post","link":"https:\/\/www.tgrthaber.com\/mavikadin\/behzat-uygurdan-gulduren-selami-sahin-esprisi\/","title":{"rendered":"Behzat Uygur&#8217;dan g\u00fcld\u00fcren Selami \u015eahin esprisi"},"content":{"rendered":"<p>Tiyatrocu Behzat Uygur ve 33 y\u0131ll\u0131k e\u015fi \u00c7i\u011fdem Uygur Etiler&#8217;de objektiflere yans\u0131d\u0131. Gazetecileri g\u00f6ren Behzat Uygur espriyi patlatt\u0131 ve &#8220;Selami \u015eahin&#8217;i ar\u0131yoruz&#8221; diyerek herkesi g\u00fcld\u00fcrd\u00fc.<\/p>\n<p>&Uuml;nl&uuml; tiyatro oyuncusu Nejat Uygur&#8217;un k&uuml;&ccedil;&uuml;k o\u011flu Behzat Uygur, &ouml;nceki g&uuml;n e\u015fi &Ccedil;i\u011fdem Uygur ile el ele Etiler&#8217;de kameralara yans\u0131d\u0131. Sabah Gazetesi&#8217;nin haberine g&ouml;re ayak &uuml;st&uuml; gazetecilerle sohbet eden &uuml;nl&uuml; isim herkesi kahkahaya bo\u011fdu.<\/p>\n<p><img decoding=\"async\" src=\"https:\/\/static.mavikadin.com\/images\/haberler\/23-04\/19\/behzat_uygur_dan_gulduren_selami_sahin_esprisi-4.jpg\" alt=\"\" title=\"\"><\/p>\n<h3><strong>&#8220;33 YILDIR EL ELEY\u0130Z&#8221;<\/strong><\/h3>\n<p>59 ya\u015f\u0131ndaki tiyatrocu, bas\u0131n mensuplar\u0131n\u0131n; &#8220;Sanat camias\u0131nda al\u0131\u015f\u0131k olmad\u0131\u011f\u0131m\u0131z bir durum bu. Uzun evlili\u011fin s\u0131rr\u0131 nedir?&#8221; sorusuna; &#8220;&Ccedil;ok seversen oluyor&#8221; \u015feklinde cevap verdi. Tiyatrocunun gazetecilere sordu\u011fu; &#8220;Etiler&#8217;in ara sokaklar\u0131nda ne yap\u0131yorsunuz? Yoksa Selami abiyi mi (Selami \u015eahin) ar\u0131yorsunuz?&#8221; soru herkese kahkaha att\u0131rd\u0131.<\/p>\n<p><img decoding=\"async\" src=\"https:\/\/static.mavikadin.com\/images\/haberler\/23-04\/19\/behzat_uygur_dan_gulduren_selami_sahin_esprisi-5.jpg\" alt=\"\" title=\"\"><\/p>\n<h3><strong>BEHZAT UYGUR K\u0130MD\u0130R?<\/strong><\/h3>\n<p>Behzat Uygur 21 Nisan 1963 y\u0131l\u0131nda Adana&#8217;da do\u011fdu. T&uuml;rk tiyatro, dizi ve sinema oyuncusudur.<\/p>\n<p><strong>Hayat\u0131<\/strong><\/p>\n<p>Nejat Uygur&#8217;un o\u011flu, Zeki Uygur&#8217;un ye\u011fenidir, S&uuml;ha Uygur&#8217;un karde\u015fidir. Evli ve iki &ccedil;ocuk babas\u0131d\u0131r. Beykent &Uuml;niversitesi&#8217;nde tiyatro sanat\u0131 dersi vermi\u015ftir. Tiyatroya ba\u015flamadan &ouml;nce Galatasaray&#8217;\u0131n altyap\u0131s\u0131nda bir s&uuml;re futbol oynam\u0131\u015ft\u0131r. Abisi S&uuml;heyl Uygur ile beraber tiyatro &ccedil;al\u0131\u015fmalar\u0131na devam etmektedir.<\/p>\n","protected":false},"excerpt":{"rendered":"<p>Tiyatrocu Behzat Uygur ve 33 y\u0131ll\u0131k e\u015fi \u00c7i\u011fdem Uygur Etiler&#8217;de objektiflere yans\u0131d\u0131. Gazetecileri g\u00f6ren Behzat Uygur espriyi patlatt\u0131 ve &#8220;Selami \u015eahin&#8217;i ar\u0131yoruz&#8221; diyerek herkesi g\u00fcld\u00fcrd\u00fc. &Uuml;nl&uuml; tiyatro oyuncusu Nejat Uygur&#8217;un k&uuml;&ccedil;&uuml;k o\u011flu Behzat Uygur, &ouml;nceki g&uuml;n e\u015fi &Ccedil;i\u011fdem Uygur ile el ele Etiler&#8217;de kameralara yans\u0131d\u0131. Sabah Gazetesi&#8217;nin haberine g&ouml;re ayak &uuml;st&uuml; gazetecilerle sohbet eden &uuml;nl&uuml; [&hellip;]<\/p>\n","protected":false},"author":2,"featured_media":56458,"comment_status":"closed","ping_status":"open","sticky":false,"template":"","format":"standard","meta":{"rank_math_lock_modified_date":false,"footnotes":""},"categories":[76],"tags":[31222,5062,1404,43204],"class_list":["post-56459","post","type-post","status-publish","format-standard","has-post-thumbnail","hentry","category-magazin","tag-behzat-uygur","tag-selami-sahin","tag-tiyatro","tag-uygur-ailesi"],"_links":{"self":[{"href":"https:\/\/www.tgrthaber.com\/mavikadin\/wp-json\/wp\/v2\/posts\/56459"}],"collection":[{"href":"https:\/\/www.tgrthaber.com\/mavikadin\/wp-json\/wp\/v2\/posts"}],"about":[{"href":"https:\/\/www.tgrthaber.com\/mavikadin\/wp-json\/wp\/v2\/types\/post"}],"author":[{"embeddable":true,"href":"https:\/\/www.tgrthaber.com\/mavikadin\/wp-json\/wp\/v2\/users\/2"}],"replies":[{"embeddable":true,"href":"https:\/\/www.tgrthaber.com\/mavikadin\/wp-json\/wp\/v2\/comments?post=56459"}],"version-history":[{"count":1,"href":"https:\/\/www.tgrthaber.com\/mavikadin\/wp-json\/wp\/v2\/posts\/56459\/revisions"}],"predecessor-version":[{"id":56460,"href":"https:\/\/www.tgrthaber.com\/mavikadin\/wp-json\/wp\/v2\/posts\/56459\/revisions\/56460"}],"wp:featuredmedia":[{"embeddable":true,"href":"https:\/\/www.tgrthaber.com\/mavikadin\/wp-json\/wp\/v2\/media\/56458"}],"wp:attachment":[{"href":"https:\/\/www.tgrthaber.com\/mavikadin\/wp-json\/wp\/v2\/media?parent=56459"}],"wp:term":[{"taxonomy":"category","embeddable":true,"href":"https:\/\/www.tgrthaber.com\/mavikadin\/wp-json\/wp\/v2\/categories?post=56459"},{"taxonomy":"post_tag","embeddable":true,"href":"https:\/\/www.tgrthaber.com\/mavikadin\/wp-json\/wp\/v2\/tags?post=56459"}],"curies":[{"name":"wp","href":"https:\/\/api.w.org\/{rel}","templated":true}]}}