{"id":56462,"date":"2023-04-19T12:37:41","date_gmt":"2023-04-19T09:37:41","guid":{"rendered":"https:\/\/new.mavikadin.com\/?p=56462"},"modified":"2024-09-16T16:59:51","modified_gmt":"2024-09-16T13:59:51","slug":"kavak-yellerinin-unutulmaz-ismi-daghan-kulegec-evlendi","status":"publish","type":"post","link":"https:\/\/www.tgrthaber.com\/mavikadin\/kavak-yellerinin-unutulmaz-ismi-daghan-kulegec-evlendi\/","title":{"rendered":"Kavak Yelleri&#8217;nin unutulmaz ismi Da\u011fhan K\u00fclege\u00e7 evlendi"},"content":{"rendered":"<p>Yay\u0131nland\u0131\u011f\u0131 d\u00f6nemin en pop\u00fcler dizilerinden biri olan Kavak Yelleri&#8217;nin Efe&#8217;si Da\u011fhan K\u00fclege\u00e7 kas\u0131m ay\u0131nda ilk ad\u0131m\u0131 att\u0131\u011f\u0131 k\u0131z arkada\u015f\u0131 Tu\u011fba Ayta\u015f ile nikah masas\u0131na oturdu. Gelinin \u00e7i\u00e7ekli elbise tercih etmesi ve gelinlik giymemesi dikkatlerden ka\u00e7mad\u0131.<\/p>\n<p>Kanal D ekranlar\u0131nda 2007 ve 2011 y\u0131llar\u0131 aras\u0131nda izleyici ile bulu\u015fan Kavak Yelleri&#8217;nin Efe&#8217;si Da\u011fhan K&uuml;lege&ccedil;, yedi y\u0131ld\u0131r k\u0131z arkada\u015f\u0131 olan Tu\u011fba Ayta\u015f ile 4 ay kadar &ouml;nce ni\u015fanlanm\u0131\u015ft\u0131. \u0130kili sessiz sedas\u0131z nikah masas\u0131na oturdu.<\/p>\n<h3><strong>GEL\u0130NL\u0130K G\u0130YMED\u0130<\/strong><\/h3>\n<p>Da\u011fhan K&uuml;lege&ccedil; ve Tu\u011fba Ayta\u015f, Kad\u0131k&ouml;y Evlendirme Dairesi&#8217;nde k\u0131y\u0131lan sade bir nikahla d&uuml;nya evine girdi. K&uuml;lege&ccedil;&#8217;in tak\u0131m elbise giydi\u011fi nikaha, Tu\u011fba Ayta\u015f ise &ccedil;i&ccedil;ekli g&uuml;nl&uuml;k bir elbise ile kat\u0131ld\u0131. \u0130kilinin g&uuml;nl&uuml;k k\u0131yafetlerle nikaha gitmeleri dikkatleri &ccedil;iftin &uuml;zerine toplad\u0131.<\/p>\n<p><img decoding=\"async\" src=\"https:\/\/static.mavikadin.com\/images\/haberler\/23-04\/19\/daghan_kulegec_evlendi-3.jpg\" alt=\"\" title=\"\"><\/p>\n<h3><strong>&Uuml;NL&Uuml;LERDEN TEBR\u0130K MESAJLARI GELD\u0130<\/strong><\/h3>\n<p>Da\u011fhan K&uuml;lege&ccedil;, evlendiklerini &#8220;Resmile\u015fti&#8221; notuyla sosyal medya hesab\u0131ndan takip&ccedil;ileriyle payla\u015ft\u0131. K&uuml;lege&ccedil;&#8217;in bu payla\u015f\u0131m\u0131na on binin &uuml;zerinde be\u011feni geldi. &Uuml;Oyuncu ve e\u015fini, \u0130brahim Kendirci, Fatma Topta\u015f, Seda Akman, Hakan Hatipo\u011flu, Arzu Yanarda\u011f ve U\u011fur Bilgin gibi pek &ccedil;ok &uuml;nl&uuml; isim tebrik etti.<\/p>\n<p><img decoding=\"async\" src=\"https:\/\/static.mavikadin.com\/images\/haberler\/23-04\/19\/daghan_kulegec_evlendi_nisanlandi-6.jpg\" alt=\"\" title=\"\"><\/p>\n","protected":false},"excerpt":{"rendered":"<p>Yay\u0131nland\u0131\u011f\u0131 d\u00f6nemin en pop\u00fcler dizilerinden biri olan Kavak Yelleri&#8217;nin Efe&#8217;si Da\u011fhan K\u00fclege\u00e7 kas\u0131m ay\u0131nda ilk ad\u0131m\u0131 att\u0131\u011f\u0131 k\u0131z arkada\u015f\u0131 Tu\u011fba Ayta\u015f ile nikah masas\u0131na oturdu. Gelinin \u00e7i\u00e7ekli elbise tercih etmesi ve gelinlik giymemesi dikkatlerden ka\u00e7mad\u0131. Kanal D ekranlar\u0131nda 2007 ve 2011 y\u0131llar\u0131 aras\u0131nda izleyici ile bulu\u015fan Kavak Yelleri&#8217;nin Efe&#8217;si Da\u011fhan K&uuml;lege&ccedil;, yedi y\u0131ld\u0131r k\u0131z arkada\u015f\u0131 [&hellip;]<\/p>\n","protected":false},"author":2,"featured_media":56461,"comment_status":"closed","ping_status":"open","sticky":false,"template":"","format":"standard","meta":{"rank_math_lock_modified_date":false,"footnotes":""},"categories":[76],"tags":[40202,301,2473,12795,38564],"class_list":["post-56462","post","type-post","status-publish","format-standard","has-post-thumbnail","hentry","category-magazin","tag-daghan-kulegec","tag-dugun","tag-evlilik","tag-kavak-yelleri","tag-unlu"],"_links":{"self":[{"href":"https:\/\/www.tgrthaber.com\/mavikadin\/wp-json\/wp\/v2\/posts\/56462"}],"collection":[{"href":"https:\/\/www.tgrthaber.com\/mavikadin\/wp-json\/wp\/v2\/posts"}],"about":[{"href":"https:\/\/www.tgrthaber.com\/mavikadin\/wp-json\/wp\/v2\/types\/post"}],"author":[{"embeddable":true,"href":"https:\/\/www.tgrthaber.com\/mavikadin\/wp-json\/wp\/v2\/users\/2"}],"replies":[{"embeddable":true,"href":"https:\/\/www.tgrthaber.com\/mavikadin\/wp-json\/wp\/v2\/comments?post=56462"}],"version-history":[{"count":1,"href":"https:\/\/www.tgrthaber.com\/mavikadin\/wp-json\/wp\/v2\/posts\/56462\/revisions"}],"predecessor-version":[{"id":56463,"href":"https:\/\/www.tgrthaber.com\/mavikadin\/wp-json\/wp\/v2\/posts\/56462\/revisions\/56463"}],"wp:featuredmedia":[{"embeddable":true,"href":"https:\/\/www.tgrthaber.com\/mavikadin\/wp-json\/wp\/v2\/media\/56461"}],"wp:attachment":[{"href":"https:\/\/www.tgrthaber.com\/mavikadin\/wp-json\/wp\/v2\/media?parent=56462"}],"wp:term":[{"taxonomy":"category","embeddable":true,"href":"https:\/\/www.tgrthaber.com\/mavikadin\/wp-json\/wp\/v2\/categories?post=56462"},{"taxonomy":"post_tag","embeddable":true,"href":"https:\/\/www.tgrthaber.com\/mavikadin\/wp-json\/wp\/v2\/tags?post=56462"}],"curies":[{"name":"wp","href":"https:\/\/api.w.org\/{rel}","templated":true}]}}