{"id":56492,"date":"2023-04-19T22:12:09","date_gmt":"2023-04-19T19:12:09","guid":{"rendered":"https:\/\/new.mavikadin.com\/?p=56492"},"modified":"2024-09-16T17:01:19","modified_gmt":"2024-09-16T14:01:19","slug":"aile-dizisi-8-bolum-fragmani-yayinlandi-yagmur-taninmayacak-halde","status":"publish","type":"post","link":"https:\/\/www.tgrthaber.com\/mavikadin\/aile-dizisi-8-bolum-fragmani-yayinlandi-yagmur-taninmayacak-halde\/","title":{"rendered":"Aile dizisi 8. b\u00f6l\u00fcm fragman\u0131 yay\u0131nland\u0131: Ya\u011fmur tan\u0131nmayacak halde!"},"content":{"rendered":"<p>Show Tv ekranlar\u0131nda izleyici ile bulu\u015fan Aile dizisi, 7. b\u00f6l\u00fcm\u00fcyle d\u00fcn ak\u015fam izleyici ile bulu\u015ftu. Reyting rekorlar\u0131 k\u0131ran dizinin yeni b\u00f6l\u00fcm\u00fc merak konusu oldu. 25 Nisan Sal\u0131 20.00\u2019de 8. b\u00f6l\u00fcm\u00fcyle ekranlara gelecek olan dizinin ilk fragman\u0131 yay\u0131nland\u0131.<\/p>\n<p>Aile dizisi yeni b&ouml;l&uuml;m fragman\u0131 ekranlara geldi. 8. b&ouml;l&uuml;m&uuml;yle ekranlara gelecek olan dizinin yeni b&ouml;l&uuml;m&uuml;nde heyecan dorukta. Birbirinden &uuml;nl&uuml; isimlerin rol ald\u0131\u011f\u0131 dizide ba\u015frolleri K\u0131van&ccedil; Tatl\u0131tu\u011f, Serenay Sar\u0131kaya ve Nur S&uuml;rer oynuyor. Soykan ailesinin ve onun o\u011fluna a\u015f\u0131r\u0131 d&uuml;\u015fk&uuml;n aile bireyi H&uuml;lya Soykan ile o\u011flu Aslan ve gelini Devin aras\u0131nda ya\u015fananlar\u0131 konu alan dizide Soykan ailesinin karanl\u0131k taraf\u0131 da i\u015fleniyor.<\/p>\n<h3><strong>A\u0130LE D\u0130Z\u0130S\u0130 YEN\u0130 B&Ouml;L&Uuml;MDE NELER OLACAK?<\/strong><\/h3>\n<p>Dizinin yeni b&ouml;l&uuml;m&uuml;nde, Ya\u011fmur&#8217;u tan\u0131nmayacak hale getiren Serhat b&uuml;y&uuml;k bir d&uuml;\u015fman kazanacak. Her \u015feyi, ortakl\u0131k hisse satmaya haz\u0131rland\u0131\u011f\u0131 Serjat&#8217;\u0131n yapt\u0131\u011f\u0131n\u0131 &ouml;\u011frenen Aslan, harekete ge&ccedil;ecek. Gelinini sevmeyen H&uuml;lya Soykan ise biricik o\u011flunun sevmedi\u011fi gelininin karde\u015fi i&ccedil;in intikam pe\u015finde ko\u015fmas\u0131n\u0131 engellemeye &ccedil;al\u0131\u015facak. Bunun i&ccedil;in son &ccedil;are gelini Devin&#8217;i arayacak olan H&uuml;lya Soykan; &#8220;Sen kocan\u0131 kaybedersin 2 g&uuml;n a\u011flars\u0131n ama ben onsuz ya\u015fayamam&#8221; s&ouml;zleriyle b&ouml;l&uuml;me damga vuracak. Bununla birlikte karde\u015finin \u0130zmir&#8217;de ne i\u015f yapt\u0131\u011f\u0131n\u0131 &ouml;\u011frenen Devin de b&uuml;y&uuml;k bir y&uuml;zle\u015fme ya\u015fayacak.<\/p>\n<h3><strong>A\u0130LE D\u0130Z\u0130S\u0130 OYUNCULARI<\/strong><\/h3>\n<p>Kerem &Ccedil;atay&#8217;\u0131n yap\u0131mc\u0131l\u0131\u011f\u0131n\u0131 &uuml;stlendi\u011fi dizide y&ouml;netmen koltu\u011funda Ahmet Kat\u0131ks\u0131z oturuyor. Senaryo ise Hakan Bonomo&#8217;nun kaleminden &ccedil;\u0131k\u0131yor. Ba\u015frollerinde K\u0131van&ccedil; Tatl\u0131tu\u011f, Serenay Sar\u0131kaya rol al\u0131rken, &uuml;nl&uuml; isimlere Nur S&uuml;rer, Nejat \u0130\u015fler, Y&uuml;sra Geyik, Canan Erg&uuml;der, Ushan &Ccedil;ak\u0131r, Levent &Uuml;lgen, Umutcan Utabey ve Emel G&ouml;ksu gibi isimler e\u015flik ediyor.<\/p>\n","protected":false},"excerpt":{"rendered":"<p>Show Tv ekranlar\u0131nda izleyici ile bulu\u015fan Aile dizisi, 7. b\u00f6l\u00fcm\u00fcyle d\u00fcn ak\u015fam izleyici ile bulu\u015ftu. Reyting rekorlar\u0131 k\u0131ran dizinin yeni b\u00f6l\u00fcm\u00fc merak konusu oldu. 25 Nisan Sal\u0131 20.00\u2019de 8. b\u00f6l\u00fcm\u00fcyle ekranlara gelecek olan dizinin ilk fragman\u0131 yay\u0131nland\u0131. Aile dizisi yeni b&ouml;l&uuml;m fragman\u0131 ekranlara geldi. 8. b&ouml;l&uuml;m&uuml;yle ekranlara gelecek olan dizinin yeni b&ouml;l&uuml;m&uuml;nde heyecan dorukta. Birbirinden [&hellip;]<\/p>\n","protected":false},"author":2,"featured_media":56491,"comment_status":"closed","ping_status":"open","sticky":false,"template":"","format":"standard","meta":{"rank_math_lock_modified_date":false,"footnotes":""},"categories":[76],"tags":[40209,158,2498,2688,136],"class_list":["post-56492","post","type-post","status-publish","format-standard","has-post-thumbnail","hentry","category-magazin","tag-aile-dizisi","tag-fragman","tag-kivanc-tatlitug","tag-serenay-sarikaya","tag-yeni-bolum"],"_links":{"self":[{"href":"https:\/\/www.tgrthaber.com\/mavikadin\/wp-json\/wp\/v2\/posts\/56492"}],"collection":[{"href":"https:\/\/www.tgrthaber.com\/mavikadin\/wp-json\/wp\/v2\/posts"}],"about":[{"href":"https:\/\/www.tgrthaber.com\/mavikadin\/wp-json\/wp\/v2\/types\/post"}],"author":[{"embeddable":true,"href":"https:\/\/www.tgrthaber.com\/mavikadin\/wp-json\/wp\/v2\/users\/2"}],"replies":[{"embeddable":true,"href":"https:\/\/www.tgrthaber.com\/mavikadin\/wp-json\/wp\/v2\/comments?post=56492"}],"version-history":[{"count":1,"href":"https:\/\/www.tgrthaber.com\/mavikadin\/wp-json\/wp\/v2\/posts\/56492\/revisions"}],"predecessor-version":[{"id":56493,"href":"https:\/\/www.tgrthaber.com\/mavikadin\/wp-json\/wp\/v2\/posts\/56492\/revisions\/56493"}],"wp:featuredmedia":[{"embeddable":true,"href":"https:\/\/www.tgrthaber.com\/mavikadin\/wp-json\/wp\/v2\/media\/56491"}],"wp:attachment":[{"href":"https:\/\/www.tgrthaber.com\/mavikadin\/wp-json\/wp\/v2\/media?parent=56492"}],"wp:term":[{"taxonomy":"category","embeddable":true,"href":"https:\/\/www.tgrthaber.com\/mavikadin\/wp-json\/wp\/v2\/categories?post=56492"},{"taxonomy":"post_tag","embeddable":true,"href":"https:\/\/www.tgrthaber.com\/mavikadin\/wp-json\/wp\/v2\/tags?post=56492"}],"curies":[{"name":"wp","href":"https:\/\/api.w.org\/{rel}","templated":true}]}}