{"id":56495,"date":"2023-04-20T10:29:04","date_gmt":"2023-04-20T07:29:04","guid":{"rendered":"https:\/\/new.mavikadin.com\/?p=56495"},"modified":"2024-09-16T17:01:28","modified_gmt":"2024-09-16T14:01:28","slug":"murat-yildirimin-esi-imane-elbaninin-bebegi-ile-eglenceli-anlari","status":"publish","type":"post","link":"https:\/\/www.tgrthaber.com\/mavikadin\/murat-yildirimin-esi-imane-elbaninin-bebegi-ile-eglenceli-anlari\/","title":{"rendered":"Murat Y\u0131ld\u0131r\u0131m\u2019\u0131n e\u015fi Imane Elbani\u2019nin bebe\u011fi ile e\u011flenceli anlar\u0131!"},"content":{"rendered":"<p>\u00dcnl\u00fc oyuncu Murat Y\u0131ld\u0131r\u0131m ve Fas G\u00fczellik Yar\u0131\u015fmas\u0131\u2019nda \u201cG\u00fczellik Krali\u00e7esi\u201d se\u00e7ilen Imane Elbani ile mutlu bir evlilik s\u00fcrd\u00fcr\u00fcyor. Ge\u00e7ti\u011fimiz y\u0131l k\u0131zlar\u0131 Miray\u2019\u0131 kuca\u011f\u0131na alan \u0130mane, bebe\u011fi ile e\u011flenceli anlar\u0131n\u0131 sosyal medya hesab\u0131ndan payla\u015ft\u0131.<\/p>\n<p>T&uuml;rkiye&rsquo;nin ba\u015far\u0131l\u0131 oyuncular\u0131 aras\u0131nda yer alan Murat Y\u0131ld\u0131r\u0131m, son zamanlarda TRT ekranlar\u0131nda izleyici ile bulu\u015fan &ldquo;Te\u015fkilat&rdquo; dizisinde ba\u015frol&uuml; &uuml;stleniyor. 2016 y\u0131l\u0131nda aslen Fasl\u0131 olan ve 2008 y\u0131l\u0131nda Fas G&uuml;zellik Yar\u0131\u015fmas\u0131&rsquo;nda &ldquo;G&uuml;zellik Krali&ccedil;esi&rdquo; se&ccedil;ilen \u0130mane Elbani, &uuml;lkesinde sevilen ba\u015far\u0131l\u0131 bir oyuncu olarak dikkat &ccedil;ekiyor.<\/p>\n<p><img decoding=\"async\" src=\"https:\/\/static.mavikadin.com\/images\/haberler\/23-04\/20\/muratorta.jpg\" alt=\"\" title=\"\"><\/p>\n<p>Murat Y\u0131ld\u0131r\u0131m&rsquo;\u0131n dizilerinin ba\u015far\u0131s\u0131 &uuml;lke s\u0131n\u0131rlar\u0131n\u0131 a\u015ft\u0131\u011f\u0131 zaman Fas ziyaretinde tan\u0131\u015fan &uuml;nl&uuml; &ccedil;ift 2016 y\u0131l\u0131nda g&ouml;rkemli bir d&uuml;\u011f&uuml;n ile evlendiler. Magazin d&uuml;nyas\u0131ndan uzak sessiz sakin bir evlilik s&uuml;rd&uuml;ren &ccedil;ift uzun y\u0131llar sonunda ge&ccedil;ti\u011fimiz y\u0131l k\u0131zlar\u0131 Miray&rsquo;\u0131 kucaklar\u0131na ald\u0131.<\/p>\n<p>Instagram hesab\u0131nda 3.4 milyon takip&ccedil;isi bulunan Imane Elbani k\u0131z\u0131 ile e\u011flenceli anlar\u0131n\u0131 sevenleri ile payla\u015ft\u0131. G&ouml;nderisine binlerce be\u011feni ve yorum geldi. Elbani&rsquo;nin payla\u015f\u0131m\u0131na ilk yorum yapanlar aras\u0131nda e\u015fi Murat Y\u0131ld\u0131r\u0131m&rsquo;\u0131n Te\u015fkilat dizisinden rol arkada\u015f\u0131 Deniz Baysal yer ald\u0131.<\/p>\n<h3><\/h3>\n<p>BU V\u0130DEO DA \u0130LG\u0130N\u0130Z\u0130 &Ccedil;EKEB\u0130L\u0130R<\/p>\n<p>#vd-330#<\/p>\n","protected":false},"excerpt":{"rendered":"<p>\u00dcnl\u00fc oyuncu Murat Y\u0131ld\u0131r\u0131m ve Fas G\u00fczellik Yar\u0131\u015fmas\u0131\u2019nda \u201cG\u00fczellik Krali\u00e7esi\u201d se\u00e7ilen Imane Elbani ile mutlu bir evlilik s\u00fcrd\u00fcr\u00fcyor. Ge\u00e7ti\u011fimiz y\u0131l k\u0131zlar\u0131 Miray\u2019\u0131 kuca\u011f\u0131na alan \u0130mane, bebe\u011fi ile e\u011flenceli anlar\u0131n\u0131 sosyal medya hesab\u0131ndan payla\u015ft\u0131. T&uuml;rkiye&rsquo;nin ba\u015far\u0131l\u0131 oyuncular\u0131 aras\u0131nda yer alan Murat Y\u0131ld\u0131r\u0131m, son zamanlarda TRT ekranlar\u0131nda izleyici ile bulu\u015fan &ldquo;Te\u015fkilat&rdquo; dizisinde ba\u015frol&uuml; &uuml;stleniyor. 2016 y\u0131l\u0131nda aslen [&hellip;]<\/p>\n","protected":false},"author":21,"featured_media":56494,"comment_status":"closed","ping_status":"open","sticky":false,"template":"","format":"standard","meta":{"rank_math_lock_modified_date":false,"footnotes":""},"categories":[76],"tags":[1447,446],"class_list":["post-56495","post","type-post","status-publish","format-standard","has-post-thumbnail","hentry","category-magazin","tag-gundem","tag-murat"],"_links":{"self":[{"href":"https:\/\/www.tgrthaber.com\/mavikadin\/wp-json\/wp\/v2\/posts\/56495"}],"collection":[{"href":"https:\/\/www.tgrthaber.com\/mavikadin\/wp-json\/wp\/v2\/posts"}],"about":[{"href":"https:\/\/www.tgrthaber.com\/mavikadin\/wp-json\/wp\/v2\/types\/post"}],"author":[{"embeddable":true,"href":"https:\/\/www.tgrthaber.com\/mavikadin\/wp-json\/wp\/v2\/users\/21"}],"replies":[{"embeddable":true,"href":"https:\/\/www.tgrthaber.com\/mavikadin\/wp-json\/wp\/v2\/comments?post=56495"}],"version-history":[{"count":1,"href":"https:\/\/www.tgrthaber.com\/mavikadin\/wp-json\/wp\/v2\/posts\/56495\/revisions"}],"predecessor-version":[{"id":56496,"href":"https:\/\/www.tgrthaber.com\/mavikadin\/wp-json\/wp\/v2\/posts\/56495\/revisions\/56496"}],"wp:featuredmedia":[{"embeddable":true,"href":"https:\/\/www.tgrthaber.com\/mavikadin\/wp-json\/wp\/v2\/media\/56494"}],"wp:attachment":[{"href":"https:\/\/www.tgrthaber.com\/mavikadin\/wp-json\/wp\/v2\/media?parent=56495"}],"wp:term":[{"taxonomy":"category","embeddable":true,"href":"https:\/\/www.tgrthaber.com\/mavikadin\/wp-json\/wp\/v2\/categories?post=56495"},{"taxonomy":"post_tag","embeddable":true,"href":"https:\/\/www.tgrthaber.com\/mavikadin\/wp-json\/wp\/v2\/tags?post=56495"}],"curies":[{"name":"wp","href":"https:\/\/api.w.org\/{rel}","templated":true}]}}